{"id":530730,"date":"2025-11-13T06:41:13","date_gmt":"2025-11-13T06:41:13","guid":{"rendered":"https:\/\/www.europesays.com\/fr\/530730\/"},"modified":"2025-11-13T06:41:13","modified_gmt":"2025-11-13T06:41:13","slug":"municipales-2026-a-marseille-quelle-est-la-strategie-de-la-gauche","status":"publish","type":"post","link":"https:\/\/www.europesays.com\/fr\/530730\/","title":{"rendered":"Municipales 2026 \u00e0 Marseille : quelle est la strat\u00e9gie de la gauche ?"},"content":{"rendered":"<p><img loading=\"lazy\" decoding=\"async\" alt=\"\u00a9 Shutterstock - Les \u00e9lections municipales \u00e0 Marseille auront lieu ces 15 et 22 mars prochains.\" data-zoom-src=\"https:\/\/www.europesays.com\/fr\/wp-content\/uploads\/2025\/11\/initial-hotel-de-ville-marseille.jpg\" data-zoomable=\"\" height=\"702\" src=\"https:\/\/www.europesays.com\/fr\/wp-content\/uploads\/2025\/11\/initial-hotel-de-ville-marseille.jpg\" width=\"1248\"\/>  <\/p>\n<p class=\"article-desc\">\u00a9 Shutterstock &#8211; Les \u00e9lections municipales \u00e0 Marseille auront lieu ces 15 et 22 mars prochains. <\/p>\n<p>A Marseille, la campagne pour <strong>les \u00e9lections municipales de mars 2026<\/strong> semble bien engag\u00e9e. Les Marseillais \u00e9liront leur maire ces 15 et 22 mars prochains de fa\u00e7on in\u00e9dite \u00e0 en croire <a href=\"https:\/\/mesinfos.fr\/13000-marseille\/reforme-de-la-loi-plm-les-marseillais-vont-ils-voter-autrement-220317.html\" rel=\"noopener\" target=\"_blank\">la r\u00e9forme de la loi PLM<\/a>. Cette nouvelle caract\u00e9ristique redistribue les cartes, les candidats d\u00e9clar\u00e9s ou pressentis l\u2019ont bien compris. A gauche de l\u2019\u00e9chiquier politique, les alliances se pr\u00e9cisent mais aucune t\u00eate de liste n\u2019\u00e9merge. <\/p>\n<p> Municipales 2026 \u00e0 Marseille\u00a0: un Printemps Marseillais 2.0\u00a0? <\/p>\n<p>On reprend les m\u00eames et on recommence\u00a0? Presque. Pour les \u00e9lections municipales de 2020, l\u2019union des partis de la <strong>gauche fran\u00e7aise<\/strong> avait port\u00e9 ses fruits et avait permis <a href=\"https:\/\/mesinfos.fr\/13000-marseille\/legion-d-honneur-des-marseillais-decores-mais-a-quoi-sert-elle-214804.html\" rel=\"noopener\" target=\"_blank\">l\u2019\u00e9lection de Mich\u00e8le Rubirola<\/a> alors t\u00eate de liste. Cinq mois plus tard, elle d\u00e9missionnera laissant sa place \u00e0 <a href=\"https:\/\/mesinfos.fr\/13000-marseille\/un-hommage-a-jean-claude-gaudin-critique-a-marseille-231522.html\" rel=\"noopener\" target=\"_blank\">Beno\u00eet Payan<\/a>. <\/p>\n<p>Pour l\u2019\u00e9ch\u00e9ance de 2026, la strat\u00e9gie semble identique. Peu \u00e0 peu, les partis de gauche apportent leur soutien \u00e0 cette banni\u00e8re. Une sorte de <strong>Printemps Marseillais 2.0.<\/strong> <\/p>\n<p>Tr\u00e8s rapidement, <a href=\"https:\/\/mesinfos.fr\/13000-marseille\/municipales-2026-place-publique-designe-ses-chefs-de-file-dans-les-bouches-du-rhone-227699.html\" rel=\"noopener\" target=\"_blank\">Pascaline L\u00e9corch\u00e9, cheffe de file Place publique<\/a> pour les municipales \u00e0 Marseille, avait avanc\u00e9 sa volont\u00e9 de travailler avec le Printemps Marseillais. Le 3 octobre, des repr\u00e9sentants du Parti communiste fran\u00e7ais (PCF) des Bouches-du-Rh\u00f4ne ont vot\u00e9 \u00e0 l\u2019unanimit\u00e9 pour la reconduite de cette coalition d\u00e8s le premier tour des municipales. \u00ab\u00a0Notre parti est largement rassembl\u00e9 et entend participer \u00e0 la victoire de la gauche au sein du Printemps marseillais\u00a0\u00bb, a expliqu\u00e9 \u00e0 l&rsquo;AFP le s\u00e9nateur communiste <strong>J\u00e9r\u00e9my Bacchi<\/strong>.<\/p>\n<p>Le 14 octobre, c\u2019est au tour d\u2019<strong>Europe \u00c9cologie les Verts Paca<\/strong> de voter en faveur de cette union avec le Printemps Marseillais. Enfin, le 6 novembre, c\u2019\u00e9tait au tour de <strong>la f\u00e9d\u00e9ration des Bouches-du-Rh\u00f4ne du Parti Socialiste<\/strong> d\u2019acter l\u2019alliance avec le Printemps Marseillais. <\/p>\n<blockquote class=\"twitter-tweet\" data-uniformized=\"true\">\n<p dir=\"ltr\" lang=\"fr\">\ud83d\udce3 Le Parti Socialiste des Bouches-du-Rh\u00f4ne rassembl\u00e9 et mobilis\u00e9 pour Marseille et l\u2019ensemble des communes des Bouches-du-Rh\u00f4ne !<\/p>\n<p>Notre Conseil f\u00e9d\u00e9ral a valid\u00e9 \u00e0 l\u2019unanimit\u00e9 la strat\u00e9gie d\u2019union de la gauche et des \u00e9cologistes dans le d\u00e9partement pour les municipales 2026. <a href=\"https:\/\/t.co\/88tIz0MB6L\">pic.twitter.com\/88tIz0MB6L<\/a><\/p>\n<p> \u2014 Parti Socialiste \u2014 Bouches-du-Rh\u00f4ne \ud83c\udf39 (@Socialistes_13) <a href=\"https:\/\/twitter.com\/Socialistes_13\/status\/1986760882836107483?ref_src=twsrc%5Etfw\" target=\"_blank\" rel=\"noopener\">November 7, 2025<\/a><\/p><\/blockquote>\n<p>Unis certes, mais derri\u00e8re qui\u00a0? <strong>Aucun candidat ne s\u2019est d\u00e9clar\u00e9<\/strong>. M\u00eame s\u2019il y a de grandes chances que ce soit le maire sortant, Beno\u00eet Payan, sur la ligne de d\u00e9part pour la mairie.<\/p>\n<p> Un Printemps Marseillais sans LFI\u00a0? <\/p>\n<p>Toujours ce 6 novembre, une d\u00e9cision diff\u00e9rente a \u00e9t\u00e9 prise. Celle d\u2019emprunter un autre chemin. Le collectif Va\u00ef,men\u00e9 par <a href=\"https:\/\/mesinfos.fr\/13000-marseille\/sebastien-barles-marseille-est-un-laboratoire-phenomenal-191663.html\" rel=\"noopener\" target=\"_blank\">S\u00e9bastien Barles<\/a>, adjoint au maire en charge de la transition \u00e9cologique, a vot\u00e9 pour une union avec <a href=\"https:\/\/mesinfos.fr\/13000-marseille\/jean-luc-melenchon-a-marseille-que-monsieur-emmanuel-macron-s-en-aille-230176.html\" rel=\"noopener\" target=\"_blank\">La France insoumise (LFI)<\/a>. <\/p>\n<blockquote class=\"twitter-tweet\" data-uniformized=\"true\">\n<p dir=\"ltr\" lang=\"fr\">Merci aux militants \u00e9cologistes du collectif VA\u00cf d&rsquo;avoir choisi l&rsquo;union avec les Insoumis !<\/p>\n<p>Ensemble, nous pr\u00e9senterons un programme de rupture, pour changer <a href=\"https:\/\/twitter.com\/hashtag\/Marseille?src=hash&amp;ref_src=twsrc%5Etfw\" target=\"_blank\" rel=\"noopener\">#Marseille<\/a>, avec et pour les Marseillais\u00b7es. <a href=\"https:\/\/t.co\/LeOZTnsQuL\">https:\/\/t.co\/LeOZTnsQuL<\/a><\/p>\n<p> \u2014 S\u00e9bastien DELOGU (@sebastiendelogu) <a href=\"https:\/\/twitter.com\/sebastiendelogu\/status\/1986782393819144213?ref_src=twsrc%5Etfw\" target=\"_blank\" rel=\"noopener\">November 7, 2025<\/a><\/p><\/blockquote>\n<blockquote>\n<p>\u00ab Les promesses que le changement de majorit\u00e9 avait fait germer lors de l\u2019\u00e9lection municipale en 2020 n\u2019ont pas \u00e9t\u00e9 tenues : l\u2019immense espoir suscit\u00e9 par la victoire de Mich\u00e8le Rubirola, premi\u00e8re femme maire de Marseille, en mars 2020, reste \u00e0 concr\u00e9tiser \u00bb, explique le collectif dans un communiqu\u00e9. <\/p>\n<\/blockquote>\n<p>Les d\u00e9put\u00e9s LFI <a href=\"https:\/\/mesinfos.fr\/13000-marseille\/la-methode-de-manuel-bompard-le-tres-mediatique-depute-de-marseille-213452.html\" rel=\"noopener\" target=\"_blank\">Manuel Bompard<\/a> et <a href=\"https:\/\/mesinfos.fr\/13000-marseille\/double-perquisition-chez-le-depute-sebastien-delogu-222549.html\" rel=\"noopener\" target=\"_blank\">S\u00e9bastien Delogu<\/a> se r\u00e9jouissent de cette alliance. M\u00eame si pour l\u2019heure aucune liste n\u2019a \u00e9t\u00e9 officialis\u00e9e. Reste \u00e9galement \u00e0 savoir qui sera \u00e0 la t\u00eate de cette alliance. S\u00e9bastien Delogu\u00a0? Affaire \u00e0 suivre.<\/p>\n<p><script async src=\"https:\/\/platform.twitter.com\/widgets.js\" charset=\"utf-8\"><\/script><\/p>\n","protected":false},"excerpt":{"rendered":"\u00a9 Shutterstock &#8211; Les \u00e9lections municipales \u00e0 Marseille auront lieu ces 15 et 22 mars prochains. A Marseille,&hellip;\n","protected":false},"author":2,"featured_media":530731,"comment_status":"","ping_status":"","sticky":false,"template":"","format":"standard","meta":{"footnotes":""},"categories":[2814],"tags":[1111,11,64988,1777,674,1011,27,884,3434,12,882,25,37919],"class_list":{"0":"post-530730","1":"post","2":"type-post","3":"status-publish","4":"format-standard","5":"has-post-thumbnail","7":"category-marseille","8":"tag-actu","9":"tag-actualites","10":"tag-benou00eet-payan","11":"tag-eu","12":"tag-europe","13":"tag-fr","14":"tag-france","15":"tag-marseille","16":"tag-municipales-2026","17":"tag-news","18":"tag-provence-alpes-cote-dazur","19":"tag-republique-francaise","20":"tag-u00c9lections"},"share_on_mastodon":{"url":"https:\/\/pubeurope.com\/@fr\/115541029205240729","error":""},"_links":{"self":[{"href":"https:\/\/www.europesays.com\/fr\/wp-json\/wp\/v2\/posts\/530730","targetHints":{"allow":["GET"]}}],"collection":[{"href":"https:\/\/www.europesays.com\/fr\/wp-json\/wp\/v2\/posts"}],"about":[{"href":"https:\/\/www.europesays.com\/fr\/wp-json\/wp\/v2\/types\/post"}],"author":[{"embeddable":true,"href":"https:\/\/www.europesays.com\/fr\/wp-json\/wp\/v2\/users\/2"}],"replies":[{"embeddable":true,"href":"https:\/\/www.europesays.com\/fr\/wp-json\/wp\/v2\/comments?post=530730"}],"version-history":[{"count":0,"href":"https:\/\/www.europesays.com\/fr\/wp-json\/wp\/v2\/posts\/530730\/revisions"}],"wp:featuredmedia":[{"embeddable":true,"href":"https:\/\/www.europesays.com\/fr\/wp-json\/wp\/v2\/media\/530731"}],"wp:attachment":[{"href":"https:\/\/www.europesays.com\/fr\/wp-json\/wp\/v2\/media?parent=530730"}],"wp:term":[{"taxonomy":"category","embeddable":true,"href":"https:\/\/www.europesays.com\/fr\/wp-json\/wp\/v2\/categories?post=530730"},{"taxonomy":"post_tag","embeddable":true,"href":"https:\/\/www.europesays.com\/fr\/wp-json\/wp\/v2\/tags?post=530730"}],"curies":[{"name":"wp","href":"https:\/\/api.w.org\/{rel}","templated":true}]}}