{"id":530733,"date":"2025-11-13T06:43:21","date_gmt":"2025-11-13T06:43:21","guid":{"rendered":"https:\/\/www.europesays.com\/fr\/530733\/"},"modified":"2025-11-13T06:43:21","modified_gmt":"2025-11-13T06:43:21","slug":"toute-lactualite-de-ce-jeudi-13-novembre-2025-a-lyon","status":"publish","type":"post","link":"https:\/\/www.europesays.com\/fr\/530733\/","title":{"rendered":"Toute l&rsquo;actualit\u00e9 de ce jeudi 13 novembre 2025 \u00e0 Lyon"},"content":{"rendered":"<p>A la une de l\u2019info \u00e0 lyon, un vent fort balaye la r\u00e9gion, Annie Genevard dans le Rh\u00f4ne pour rencontrer arboriculteurs et \u00e9leveurs, l\u2019appel au secours du centre de soins P-Wac en R\u00e9publique D\u00e9mocratique du Congo\u2026<\/p>\n<p>ECOUTEZ LE 1\/4H LYONNAIS\u2026 Toute l\u2019actualit\u00e9 de ce jeudi 13 novembre 2025<\/p>\n<p>LE 1\/4H LYONNAIS | jeudi 13 novembre 2025<\/p>\n<p>Attention aux <strong>rafales de vent<\/strong> qui balayent la r\u00e9gion, avec des pointes jusqu\u2019\u00e0 70 km\/h . C\u2019est dans le Rh\u00f4ne que le vent a souffl\u00e9 le plus fort\u2026. jusqu\u2019\u00e0 87 km\/h<\/p>\n<p>Un homme mortellement touch\u00e9 par balles \u00e0 la t\u00eate, pr\u00e8s d\u2019une pizzeria situ\u00e9e chemin des Cerisiers, \u00e0 \u00c9cully.<\/p>\n<p><strong>Annie Genevard<\/strong>, ministre de l\u2019<strong>Agriculture<\/strong>, d\u00e9barque demain dans le Rh\u00f4ne.pour d\u00e9couvrira une <strong>exploitation arboricole<\/strong>, \u00e9changera avec les <strong>producteurs <\/strong>sur les enjeux de la fili\u00e8re et pour faire un point sur la<strong> situation sanitaire<\/strong> et sur la <strong>politique vaccinale<\/strong> li\u00e9es \u00e0 la <strong>dermatose nodulaire contagieuse<\/strong> (DNC).<\/p>\n<p>Ecoutez aussi ; <a href=\"https:\/\/www.lyondemain.fr\/les-rebelyons-club-rugby-inclusif\/\" target=\"_blank\" rel=\"noreferrer noopener\">\u00ab\u00a0Les Rebelyons\u00a0\u00bb porte le discours d\u2019inclusion dans le rugby<\/a><\/p>\n<p>Egalement dans l\u2019actualit\u00e9 de ce jeudi 13 novembre<\/p>\n<p>Depuis 2017, <strong>Amandine Renaud<\/strong> vit dans le sud-ouest de la <strong>R\u00e9publique D\u00e9mocratique du Congo<\/strong>, pr\u00e8s de la fronti\u00e8re avec l\u2019Angola. La jeune femme a cr\u00e9\u00e9 l\u2019association, <strong><a href=\"https:\/\/p-wac.org\/accueil\/\" target=\"_blank\" rel=\"noreferrer noopener\">P-WAC<\/a><\/strong>, un <strong>centre de conservation de la biodiversit\u00e9 et des singes<\/strong>. <strong>P-WAC<\/strong> recueille et soigne de <strong>jeunes primates orphelins<\/strong>, victimes de <strong>braconnage<\/strong>. L\u2019association dont le si\u00e8ge est \u00e0 D\u00e9cines a du r\u00e9cup\u00e9rer, en urgence, <strong>38 primates dans un \u00e9tat d\u00e9plorable<\/strong>. <strong>Amandine Renaud<\/strong> tire la sonnette d\u2019alarme pour trouver des fonds\u2026<\/p>\n<p>Notre invit\u00e9e : <strong>Amandine Renaud<\/strong>, fondatrice de <strong>P-WAC<\/strong><\/p>\n<p>Pour aider l\u2019association \u00e0 sauver ces <strong>singes<\/strong>, rendez-vous sur <strong>HelloAsso<\/strong> ou sur <a href=\"https:\/\/open.acast.com\/networks\/60076454795a1c638da16bc1\/shows\/659b4b9eb55ace0017820bac\/episodes\/www.p-wac.org\" rel=\"noreferrer noopener\" target=\"_blank\">www.p-wac.org<\/a><\/p>\n<blockquote class=\"instagram-media\" data-instgrm-captioned=\"\" data-instgrm-permalink=\"https:\/\/www.instagram.com\/reel\/DO_ldQACFZL\/?utm_source=ig_embed&amp;utm_campaign=loading\" data-instgrm-version=\"14\" style=\" background:#FFF; border:0; border-radius:3px; box-shadow:0 0 1px 0 rgba(0,0,0,0.5),0 1px 10px 0 rgba(0,0,0,0.15); margin: 1px; max-width:540px; min-width:326px; padding:0; width:99.375%; width:-webkit-calc(100% - 2px); width:calc(100% - 2px);\"\/>\n<p>Basket \u2013 Euroligue : l\u2019Asvel s\u2019incline sur le fil \u00e0 Milan<\/p>\n<p>L\u2019Asvel a h\u00e9rit\u00e9 d\u2019un adversaire \u00e0 sa port\u00e9e pour son entr\u00e9e en huiti\u00e8mes de finale de la coupe de France,..<\/p>\n<p>Ecoutez aussi : <a href=\"https:\/\/www.lyondemain.fr\/actualite-de-ce-mercredi-12-novembre-lyon-info-fete-des-lumieres-skate-gastronomie\/\" target=\"_blank\" rel=\"noreferrer noopener\">Toute l\u2019actualit\u00e9 de ce mercredi 12 novembre 2025 \u00e0 Lyon<\/a><\/p>\n<p><img fetchpriority=\"high\" decoding=\"async\" width=\"1200\" height=\"675\" src=\"https:\/\/www.europesays.com\/fr\/wp-content\/uploads\/2025\/11\/actualite-de-ce-jeudi-13-novembre-2025.jpg\" alt=\"actualit\u00e9 de ce jeudi 13 novembre  2025 info \u00e0 Lyon\" class=\"wp-image-252427\"  \/>Retrouvez aussi le Quart d\u2019Heure Lyonnais de Lyon Demain sur les antennes de Radio Pluriel (Lyon). Radio Salam (Lyon, Saint-Etienne et Bourg) et Radio Arm\u00e9nie (Lyon et Vienne)<br \/>\nJ\u2019aime \u00e7a\u00a0:<\/p>\n<p>J\u2019aime chargement\u2026<\/p>\n<p><a class=\"sd-link-color\"\/><\/p>\n<p>\n\tArticles similaires\n<\/p>\n<p>\t\t\t\t<img decoding=\"async\" src=\"https:\/\/www.europesays.com\/fr\/wp-content\/uploads\/2025\/11\/1763016201_589_7866158698e17e8ed633c05e8f8e7fe5d9e057ad78661c4dc34e413abb6b9f19\" alt=\"G\u00e9rald Bouchon\"\/><\/p>\n<p>Pionnier des radios libres, passionn\u00e9 de radio, journaliste et dirigeant de m\u00e9dias \u00e9co-responsables..<\/p>\n<p>\t\t\t<script async src=\"\/\/www.instagram.com\/embed.js\"><\/script><\/p>\n","protected":false},"excerpt":{"rendered":"A la une de l\u2019info \u00e0 lyon, un vent fort balaye la r\u00e9gion, Annie Genevard dans le Rh\u00f4ne&hellip;\n","protected":false},"author":2,"featured_media":530734,"comment_status":"","ping_status":"","sticky":false,"template":"","format":"standard","meta":{"footnotes":""},"categories":[1889],"tags":[1111,11,327,64989,40857,64990,2190,2430,44892,35484,8451,1777,674,1011,27,3832,2428,12,64991,52611,64992,25,64993,887,148,64994,32111],"class_list":{"0":"post-530733","1":"post","2":"type-post","3":"status-publish","4":"format-standard","5":"has-post-thumbnail","7":"category-lyon","8":"tag-actu","9":"tag-actualites","10":"tag-agriculture","11":"tag-amandine-renaud","12":"tag-annie-genevard","13":"tag-arboriculteurs","14":"tag-asvel","15":"tag-auvergne-rhone-alpes","16":"tag-dermatose","17":"tag-duchere","18":"tag-ecully","19":"tag-eu","20":"tag-europe","21":"tag-fr","22":"tag-france","23":"tag-fusillade","24":"tag-lyon","25":"tag-news","26":"tag-p-wac","27":"tag-primates","28":"tag-primatologue","29":"tag-republique-francaise","30":"tag-singes","31":"tag-trafic-de-drogue","32":"tag-vaccination","33":"tag-vents-forts","34":"tag-visite-ministerielle"},"share_on_mastodon":{"url":"https:\/\/pubeurope.com\/@fr\/115541037503098371","error":""},"_links":{"self":[{"href":"https:\/\/www.europesays.com\/fr\/wp-json\/wp\/v2\/posts\/530733","targetHints":{"allow":["GET"]}}],"collection":[{"href":"https:\/\/www.europesays.com\/fr\/wp-json\/wp\/v2\/posts"}],"about":[{"href":"https:\/\/www.europesays.com\/fr\/wp-json\/wp\/v2\/types\/post"}],"author":[{"embeddable":true,"href":"https:\/\/www.europesays.com\/fr\/wp-json\/wp\/v2\/users\/2"}],"replies":[{"embeddable":true,"href":"https:\/\/www.europesays.com\/fr\/wp-json\/wp\/v2\/comments?post=530733"}],"version-history":[{"count":0,"href":"https:\/\/www.europesays.com\/fr\/wp-json\/wp\/v2\/posts\/530733\/revisions"}],"wp:featuredmedia":[{"embeddable":true,"href":"https:\/\/www.europesays.com\/fr\/wp-json\/wp\/v2\/media\/530734"}],"wp:attachment":[{"href":"https:\/\/www.europesays.com\/fr\/wp-json\/wp\/v2\/media?parent=530733"}],"wp:term":[{"taxonomy":"category","embeddable":true,"href":"https:\/\/www.europesays.com\/fr\/wp-json\/wp\/v2\/categories?post=530733"},{"taxonomy":"post_tag","embeddable":true,"href":"https:\/\/www.europesays.com\/fr\/wp-json\/wp\/v2\/tags?post=530733"}],"curies":[{"name":"wp","href":"https:\/\/api.w.org\/{rel}","templated":true}]}}