{"id":530749,"date":"2025-11-13T06:52:26","date_gmt":"2025-11-13T06:52:26","guid":{"rendered":"https:\/\/www.europesays.com\/fr\/530749\/"},"modified":"2025-11-13T06:52:26","modified_gmt":"2025-11-13T06:52:26","slug":"usa-un-juge-federal-ordonne-la-liberation-de-600-immigres-dans-lillinois","status":"publish","type":"post","link":"https:\/\/www.europesays.com\/fr\/530749\/","title":{"rendered":"USA: un juge f\u00e9d\u00e9ral ordonne la lib\u00e9ration de 600 immigr\u00e9s dans l&rsquo;Illinois"},"content":{"rendered":"<p><img loading=\"lazy\" decoding=\"async\" src=\"https:\/\/www.europesays.com\/fr\/wp-content\/uploads\/2025\/11\/77070d5f-75db-4ab7-9055-58b4b2e19d5a.jpg\" alt=\"Un juge f\u00e9d\u00e9ral am\u00e9ricain a ordonn\u00e9 mercredi la lib\u00e9ration sous caution de centaines de personnes arr\u00eat\u00e9es par la police de l\u2019immigration depuis septembre dans l\u2019Etat d\u2019Illinois. (Image d'archive)\" title=\"Un juge f\u00e9d\u00e9ral am\u00e9ricain a ordonn\u00e9 mercredi la lib\u00e9ration sous caution de centaines de personnes arr\u00eat\u00e9es par la police de l\u2019immigration depuis septembre dans l\u2019Etat d\u2019Illinois. (Image d'archive)\"  width=\"1200\" height=\"675\"\/>Un juge f\u00e9d\u00e9ral am\u00e9ricain a ordonn\u00e9 mercredi la lib\u00e9ration sous caution de centaines de personnes arr\u00eat\u00e9es par la police de l\u2019immigration depuis septembre dans l\u2019Etat d\u2019Illinois. (Image d&rsquo;archive)Getty Images via AFP<\/p>\n<p type=\"textBlockArray\" class=\"sc-e17c7982-2 hoDElN\">Un juge f\u00e9d\u00e9ral am\u00e9ricain a ordonn\u00e9 mercredi la lib\u00e9ration sous caution de centaines de personnes arr\u00eat\u00e9es par la police de l\u2019immigration depuis septembre dans l\u2019Etat d\u2019Illinois, notamment dans la r\u00e9gion de Chicago.<\/p>\n<p type=\"textBlockArray\" class=\"sc-e17c7982-2 hoDElN\">En septembre, l\u2019administration Trump a lanc\u00e9 une op\u00e9ration de la police f\u00e9d\u00e9rale de l\u2019immigration (ICE), baptis\u00e9e \u00abMidway blitz\u00bb, visant selon elle \u00ables immigr\u00e9s ill\u00e9gaux criminels qui terrorisent les Am\u00e9ricains\u00bb dans l\u2019Illinois (nord) et sa principale ville Chicago, dirig\u00e9s par des d\u00e9mocrates.<\/p>\n<p type=\"textBlockArray\" class=\"sc-e17c7982-2 hoDElN\">Le minist\u00e8re de la S\u00e9curit\u00e9 int\u00e9rieure, dont d\u00e9pend l\u2019ICE, s\u2019est targu\u00e9 mercredi d\u2019avoir, gr\u00e2ce \u00e0 cette op\u00e9ration, \u00abprovoqu\u00e9 une chute historique de la criminalit\u00e9 dans le Chicago de J.B. Pritzker et de Brandon Johnson\u00bb, en r\u00e9f\u00e9rence au gouverneur de l\u2019Illinois et au maire de la ville. Dans un communiqu\u00e9, le minist\u00e8re met en avant des chiffres en baisse dans les cat\u00e9gories des homicides, des fusillades ou encore des cambriolages.<\/p>\n<p type=\"textBlockArray\" class=\"sc-e17c7982-2 hoDElN\">Mercredi, un juge f\u00e9d\u00e9ral de Chicago a toutefois donn\u00e9 raison aux avocats de quelque 600 personnes contestant la l\u00e9galit\u00e9 de leur arrestation.<\/p>\n<p type=\"textBlockArray\" class=\"sc-e17c7982-2 hoDElN\">Il a conclu que ces arrestations avaient \u00e9t\u00e9 r\u00e9alis\u00e9es sans motif raisonnable ni mandat, rapportent plusieurs m\u00e9dias, dont le Chicago Tribune.<\/p>\n<p type=\"textBlockArray\" class=\"sc-e17c7982-2 hoDElN\">En cons\u00e9quence, il a annonc\u00e9 qu\u2019il ordonnerait la lib\u00e9ration sous caution de 1500 dollars et de mesures de contr\u00f4le, comme le bracelet \u00e9lectronique, de tout d\u00e9tenu ne pr\u00e9sentant pas un risque de s\u00e9curit\u00e9.<\/p>\n<p type=\"textBlockArray\" class=\"sc-e17c7982-2 hoDElN\">Le minist\u00e8re de la S\u00e9curit\u00e9 int\u00e9rieure a d\u00e9nonc\u00e9 cette d\u00e9cision sur X: \u00abMaintenant un juge militant met directement en danger la vie des Am\u00e9ricains en ordonnant que 615 \u00e9trangers clandestins soient remis en libert\u00e9\u00bb.<\/p>\n<p type=\"textBlockArray\" class=\"sc-e17c7982-2 hoDElN\">Il s\u2019agit d\u2019un nouveau revers judiciaire pour l\u2019administration Trump en Illinois, o\u00f9 un tribunal puis une cour d\u2019appel f\u00e9d\u00e9rale ont suspendu en octobre le d\u00e9ploiement des militaires de la Garde nationale \u00e0 Chicago et dans sa r\u00e9gion.<\/p>\n<p type=\"textBlockArray\" class=\"sc-e17c7982-2 hoDElN\">Depuis juin, Donald Trump a d\u00e9ploy\u00e9 la Garde nationale \u00e0 Los Angeles (ouest), Washington et Memphis (sud), \u00e0 chaque fois contre l\u2019avis des autorit\u00e9s locales d\u00e9mocrates.<\/p>\n<p type=\"textBlockArray\" class=\"sc-e17c7982-2 hoDElN\">Le pr\u00e9sident am\u00e9ricain a \u00e9rig\u00e9 la lutte contre l\u2019immigration clandestine en priorit\u00e9 absolue, \u00e9voquant une \u00abinvasion\u00bb des Etats-Unis par des \u00abcriminels venus de l\u2019\u00e9tranger\u00bb et communiquant abondamment sur les expulsions d\u2019immigr\u00e9s.<\/p>\n<p><a href=\"https:\/\/www.20min.ch\/fr\/auteurs\/103333179\/agence-france-presse\" class=\"sc-b1f21c84-2 egfiIF\" rel=\"nofollow noopener\" target=\"_blank\"><img decoding=\"async\" alt=\"Agence France-Presse\" src=\"https:\/\/www.europesays.com\/fr\/wp-content\/uploads\/2025\/11\/1763016746_402_09cf394e-d19c-4235-9b46-7e00127afb7f.png\" class=\"sc-b1f21c84-1 iTOvpR\"\/><\/a><\/p>\n<p class=\"sc-f19a47c0-1 jKqFcj\">L\u2019Agence France\u2011Presse (AFP) est une agence mondiale d\u2019information. C&rsquo;est l&rsquo;une des sources d\u2019information internationale que 20 minutes utilise.<\/p>\n","protected":false},"excerpt":{"rendered":"Un juge f\u00e9d\u00e9ral am\u00e9ricain a ordonn\u00e9 mercredi la lib\u00e9ration sous caution de centaines de personnes arr\u00eat\u00e9es par la&hellip;\n","protected":false},"author":2,"featured_media":530750,"comment_status":"","ping_status":"","sticky":false,"template":"","format":"standard","meta":{"footnotes":""},"categories":[1589],"tags":[11,73,1866,12,1864,1865,1863,308],"class_list":{"0":"post-530749","1":"post","2":"type-post","3":"status-publish","4":"format-standard","5":"has-post-thumbnail","7":"category-etats-unis","8":"tag-actualites","9":"tag-etats-unis","10":"tag-etats-unis-damerique","11":"tag-news","12":"tag-united-states","13":"tag-united-states-of-america","14":"tag-us","15":"tag-usa"},"share_on_mastodon":{"url":"https:\/\/pubeurope.com\/@fr\/115541072696954962","error":""},"_links":{"self":[{"href":"https:\/\/www.europesays.com\/fr\/wp-json\/wp\/v2\/posts\/530749","targetHints":{"allow":["GET"]}}],"collection":[{"href":"https:\/\/www.europesays.com\/fr\/wp-json\/wp\/v2\/posts"}],"about":[{"href":"https:\/\/www.europesays.com\/fr\/wp-json\/wp\/v2\/types\/post"}],"author":[{"embeddable":true,"href":"https:\/\/www.europesays.com\/fr\/wp-json\/wp\/v2\/users\/2"}],"replies":[{"embeddable":true,"href":"https:\/\/www.europesays.com\/fr\/wp-json\/wp\/v2\/comments?post=530749"}],"version-history":[{"count":0,"href":"https:\/\/www.europesays.com\/fr\/wp-json\/wp\/v2\/posts\/530749\/revisions"}],"wp:featuredmedia":[{"embeddable":true,"href":"https:\/\/www.europesays.com\/fr\/wp-json\/wp\/v2\/media\/530750"}],"wp:attachment":[{"href":"https:\/\/www.europesays.com\/fr\/wp-json\/wp\/v2\/media?parent=530749"}],"wp:term":[{"taxonomy":"category","embeddable":true,"href":"https:\/\/www.europesays.com\/fr\/wp-json\/wp\/v2\/categories?post=530749"},{"taxonomy":"post_tag","embeddable":true,"href":"https:\/\/www.europesays.com\/fr\/wp-json\/wp\/v2\/tags?post=530749"}],"curies":[{"name":"wp","href":"https:\/\/api.w.org\/{rel}","templated":true}]}}