{"id":530751,"date":"2025-11-13T06:53:25","date_gmt":"2025-11-13T06:53:25","guid":{"rendered":"https:\/\/www.europesays.com\/fr\/530751\/"},"modified":"2025-11-13T06:53:25","modified_gmt":"2025-11-13T06:53:25","slug":"des-antifas-perturbent-une-veillee-pro-vie-en-hommage-a-charlie-kirk-au-royaume-uni","status":"publish","type":"post","link":"https:\/\/www.europesays.com\/fr\/530751\/","title":{"rendered":"Des antifas perturbent une veill\u00e9e pro-vie en hommage \u00e0 Charlie Kirk au Royaume-Uni"},"content":{"rendered":"<p>Des manifestants d\u2019extr\u00eame gauche ont perturb\u00e9 une veill\u00e9e pacifique en hommage \u00e0 Charlie Kirk, organis\u00e9e par l\u2019association pro-vie de Manchester.<\/p>\n<p>Le 10 novembre, une organisation \u00e9tudiante pro-vie a organis\u00e9 un rassemblement devant l\u2019universit\u00e9 de Manchester, en Angleterre, en hommage \u00e0 Charlie Kirk et \u00e0 son engagement pour la cause pro-vie et la libert\u00e9 d\u2019expression. Plus d\u2019une centaine de contre-manifestants se sont rassembl\u00e9s, scandant avec v\u00e9h\u00e9mence des slogans pro-avortement pour couvrir la voix de l\u2019orateur.<\/p>\n<p>Lois McLatchie Miller, de l\u2019ADF International, prenait la parole lors de l\u2019\u00e9v\u00e9nement, lorsque les manifestants ont tent\u00e9 de couvrir sa voix en criant \u00ab Honte \u00e0 vous ! \u00bb et \u00ab Allez vous faire foutre ! \u00bb, tout en brandissant des pancartes o\u00f9 l\u2019on pouvait lire \u00ab \u00c0 bas la soci\u00e9t\u00e9 pro-vie ! \u00bb et \u00ab Les f\u00e9ministes combattent le fascisme ! \u00bb. Certains manifestants portaient des drapeaux Antifa, d\u00e9sign\u00e9 comme organisation terroriste par le pr\u00e9sident am\u00e9ricain Donald Trump.<\/p>\n<p>\u00ab Nous \u00e9tions dix contre un \u00bb,\u00a0<a href=\"https:\/\/x.com\/LoisMcLatch\/status\/1988211734872793590\" rel=\"nofollow\">a \u00e9crit<\/a>\u00a0McLatchie Miller sur X. <\/p>\n<blockquote>\n<p>\u00ab Une vingtaine de personnes s\u2019\u00e9taient rassembl\u00e9es pour rendre hommage \u00e0 Charlie et \u00e9couter mon discours sur l\u2019importance de maintenir le dialogue ouvert sur le campus. Environ 120 autres s\u2019\u00e9taient rassembl\u00e9es pour couvrir notre voix \u2013 d\u00e9guis\u00e9es en personnages du meurtre \u2013 criant que l\u2019avortement \u00e9tait leur salut. Je sais de quel c\u00f4t\u00e9 je pr\u00e9f\u00e9rerais \u00eatre. \u00bb<\/p>\n<\/blockquote>\n<p>La responsable de la section pro-vie de Manchester, Inge-Maria Botha, a d\u00e9clar\u00e9 \u00e0 <a href=\"https:\/\/www.lifesitenews.com\/news\/exclusive-antifa-activists-disrupt-pro-life-vigil-for-charlie-kirk-in-the-uk\/?utm_source=digest-freedom-2025-11-13&amp;utm_medium=email\" rel=\"nofollow noopener\" target=\"_blank\">LifeSiteNews<\/a> que certains manifestants avaient jet\u00e9 des bouteilles d\u2019eau et des m\u00e9gots de cigarettes sur les militants pro-vie.<\/p>\n<p>\u00c0 un moment donn\u00e9, un membre du groupe d\u2019extr\u00eame gauche\u00a0<a href=\"https:\/\/x.com\/LoisMcLatch\/status\/1988225637731926409\" rel=\"nofollow\">a vol\u00e9 une affiche<\/a> de Charlie Kirk et l\u2019a d\u00e9chir\u00e9e, tandis qu\u2019une autre personne brandissait sa t\u00eate comme s\u2019il avait \u00e9t\u00e9 d\u00e9capit\u00e9. Botha a d\u00e9clar\u00e9 qu\u2019un des manifestants \u00e9tait d\u00e9guis\u00e9 en Kirk, avec une blessure par balle au cou, se moquant apparemment de la mort de ce p\u00e8re de deux jeunes enfants, \u00e2g\u00e9 de 31 ans.<\/p>\n<blockquote>\n<p>\u00ab Tuer quelqu\u2019un n\u2019est jamais acceptable \u00bb, a d\u00e9clar\u00e9 Botha \u00e0 LifeSiteNews. \u00ab La violence ne doit pas devenir la norme. Que ce soit lors de ces manifestations ou dans l\u2019assassinat de Kirk. Personne n\u2019a le droit d\u2019\u00f4ter la vie \u00e0 autrui ou de menacer d\u2019autres personnes de violence ; c\u2019est cela, tuer. \u00bb<\/p>\n<p>\u00ab Que ce soit pour Charlie Kirk ou pour les enfants \u00e0 na\u00eetre victimes d\u2019avortement, ce sont des \u00eatres humains qui m\u00e9ritent de vivre ; personne ne devrait avoir le pouvoir de leur enlever ce droit. Je ne comprends pas comment on peut se r\u00e9jouir du meurtre d\u2019un mari et d\u2019un p\u00e8re, quelles que soient ses convictions. Tout comme pour ces enfants \u00e0 na\u00eetre, sa vie a \u00e9t\u00e9 brutalement interrompue, et c\u2019est un moment tragique de l\u2019histoire. \u00bb<\/p>\n<\/blockquote>\n<p>Le responsable du groupe pro-vie de Manchester a d\u00e9clar\u00e9 que les manifestants les avaient encercl\u00e9s et qu\u2019ils avaient d\u00fb \u00eatre escort\u00e9s par la police apr\u00e8s l\u2019\u00e9v\u00e9nement. Botha a encourag\u00e9 les militants pro-vie \u00e0 ne pas craindre les r\u00e9actions n\u00e9gatives et \u00e0 rester actifs, en engageant des conversations priv\u00e9es si l\u2019occasion se pr\u00e9sentait.<\/p>\n<blockquote>\n<p>\u00ab Quand une personne sait que vous \u00eates pro-vie et qu\u2019elle vient vous en parler, cela ouvre le d\u00e9bat \u00bb. \u00ab J\u2019encourage donc vivement chacun \u00e0 exprimer ouvertement sa position pro-vie. \u00bb<\/p>\n<\/blockquote>\n<p>&#13;<br \/>\n\t\t\t\t Vues des publications: 197&#13;\n\t\t\t<\/p>\n","protected":false},"excerpt":{"rendered":"Des manifestants d\u2019extr\u00eame gauche ont perturb\u00e9 une veill\u00e9e pacifique en hommage \u00e0 Charlie Kirk, organis\u00e9e par l\u2019association pro-vie&hellip;\n","protected":false},"author":2,"featured_media":530752,"comment_status":"","ping_status":"","sticky":false,"template":"","format":"standard","meta":{"footnotes":""},"categories":[1588],"tags":[11,1777,674,12,473,1853,1851,1850,1852],"class_list":{"0":"post-530751","1":"post","2":"type-post","3":"status-publish","4":"format-standard","5":"has-post-thumbnail","7":"category-royaume-uni","8":"tag-actualites","9":"tag-eu","10":"tag-europe","11":"tag-news","12":"tag-royaume-uni","13":"tag-royaume-uni-de-grande-bretagne-et-dirlande-du-nord","14":"tag-uk","15":"tag-united-kingdom","16":"tag-united-kingdom-of-great-britain-and-northern-ireland"},"share_on_mastodon":{"url":"https:\/\/pubeurope.com\/@fr\/115541075891940750","error":""},"_links":{"self":[{"href":"https:\/\/www.europesays.com\/fr\/wp-json\/wp\/v2\/posts\/530751","targetHints":{"allow":["GET"]}}],"collection":[{"href":"https:\/\/www.europesays.com\/fr\/wp-json\/wp\/v2\/posts"}],"about":[{"href":"https:\/\/www.europesays.com\/fr\/wp-json\/wp\/v2\/types\/post"}],"author":[{"embeddable":true,"href":"https:\/\/www.europesays.com\/fr\/wp-json\/wp\/v2\/users\/2"}],"replies":[{"embeddable":true,"href":"https:\/\/www.europesays.com\/fr\/wp-json\/wp\/v2\/comments?post=530751"}],"version-history":[{"count":0,"href":"https:\/\/www.europesays.com\/fr\/wp-json\/wp\/v2\/posts\/530751\/revisions"}],"wp:featuredmedia":[{"embeddable":true,"href":"https:\/\/www.europesays.com\/fr\/wp-json\/wp\/v2\/media\/530752"}],"wp:attachment":[{"href":"https:\/\/www.europesays.com\/fr\/wp-json\/wp\/v2\/media?parent=530751"}],"wp:term":[{"taxonomy":"category","embeddable":true,"href":"https:\/\/www.europesays.com\/fr\/wp-json\/wp\/v2\/categories?post=530751"},{"taxonomy":"post_tag","embeddable":true,"href":"https:\/\/www.europesays.com\/fr\/wp-json\/wp\/v2\/tags?post=530751"}],"curies":[{"name":"wp","href":"https:\/\/api.w.org\/{rel}","templated":true}]}}