{"id":530755,"date":"2025-11-13T06:55:29","date_gmt":"2025-11-13T06:55:29","guid":{"rendered":"https:\/\/www.europesays.com\/fr\/530755\/"},"modified":"2025-11-13T06:55:29","modified_gmt":"2025-11-13T06:55:29","slug":"vers-un-grand-basculement-des-ondes-francaises","status":"publish","type":"post","link":"https:\/\/www.europesays.com\/fr\/530755\/","title":{"rendered":"vers un grand basculement des ondes fran\u00e7aises ?"},"content":{"rendered":"<p style=\"text-align: justify;\">Les premiers r\u00e9sultats M\u00e9diam\u00e9trie de la saison radiophonique 2025-2026 confirment une \u00e9volution significative : France Inter, encore leader du march\u00e9, perd du terrain, tandis qu\u2019Europe 1 poursuit sa remont\u00e9e apr\u00e8s plusieurs ann\u00e9es de crise. Dans un contexte g\u00e9n\u00e9ral de d\u00e9saffection du m\u00e9dia radio, cette opposition illustre les mutations profondes du paysage m\u00e9diatique fran\u00e7ais.<\/p>\n<p style=\"text-align: justify;\">Selon une information rapport\u00e9e par Le Parisien le 12 novembre, <a href=\"https:\/\/www.breizh-info.com\/2024\/05\/29\/233576\/quand-jentends-cette-question-je-me-rappelle-pourquoi-jai-envie-de-privatiser-laudiovisuel-public-marion-marechal-envoie-au-tapis-une-journaliste-de-france-inter\/\" target=\"_blank\" rel=\"noopener\">France Inter<\/a> compte d\u00e9sormais 6,7 millions d\u2019auditeurs quotidiens, soit pr\u00e8s d\u2019un demi-million de moins que l\u2019ann\u00e9e pr\u00e9c\u00e9dente. C\u2019est la premi\u00e8re baisse depuis quatre ans pour la radio publique, qui reste toutefois loin devant ses concurrentes.<\/p>\n<p style=\"text-align: justify;\">Dirig\u00e9e par Ad\u00e8le Van Reeth, la station a renouvel\u00e9 sa grille \u00e0 la rentr\u00e9e avec Benjamin Duhamel \u00e0 la matinale, succ\u00e9dant \u00e0 L\u00e9a Salam\u00e9. Mais cette transition s\u2019accompagne d\u2019un recul in\u00e9dit.<br \/>\u00ab Il n\u2019y a pas p\u00e9ril en la demeure, m\u00eame si tout signal d\u2019alarme doit interpeller \u00bb, nuance toutefois un responsable d\u2019une radio concurrente, cit\u00e9 par le titre de presse francilien.<\/p>\n<p><strong>Europe 1 regagne des auditeurs dans un march\u00e9 en crise<\/strong><\/p>\n<p style=\"text-align: justify;\">\u00c0 l\u2019inverse, Europe 1 (groupe Lagard\u00e8re) continue de progresser : la station gagne pr\u00e8s de 300 000 auditeurs en un an pour atteindre 2,8 millions d\u2019auditeurs quotidiens, d\u2019apr\u00e8s les chiffres exclusifs publi\u00e9s par la m\u00eame source. Une performance notable, alors m\u00eame que la radio a perdu Cyril Hanouna, parti pour Fun Radio.<\/p>\n<p style=\"text-align: justify;\">La dynamique est notamment port\u00e9e par les \u00e9missions de Pascal Praud, Christine Kelly et Dimitri Pavlenko, figures phares de la grille d\u2019apr\u00e8s-midi et du matin. Ce r\u00e9sultat confirme la tendance observ\u00e9e lors de la saison pr\u00e9c\u00e9dente : la radio g\u00e9n\u00e9raliste du groupe Lagard\u00e8re retrouve peu \u00e0 peu son socle d\u2019auditeurs, apr\u00e8s plusieurs ann\u00e9es de recul.<\/p>\n<p style=\"text-align: justify;\">Dans le m\u00eame temps, RTL enregistre une l\u00e9g\u00e8re hausse \u00e0 5 millions d\u2019auditeurs (+ 100 000 en un an), tandis que franceinfo reste stable \u00e0 4,9 millions (\u2013 50 000). Les stations musicales, \u00e0 l\u2019inverse, traversent une p\u00e9riode difficile : NRJ et Nostalgie signent leur plus bas historique.<br \/>Globalement, la radio perd encore du terrain : 36,8 millions de Fran\u00e7ais \u00e9coutent chaque jour une station, soit 1 million de moins qu\u2019en 2024 et 6 millions de moins qu\u2019il y a dix ans.<\/p>\n<p><strong>Le symbole d\u2019un r\u00e9\u00e9quilibrage des sensibilit\u00e9s m\u00e9diatiques<\/strong><\/p>\n<p style=\"text-align: justify;\">Le contraste entre la baisse du leader du service public et la progression d\u2019Europe 1, radio g\u00e9n\u00e9raliste concurrente suscite diverses lectures. Si les causes sont multiples (renouvellement des voix, \u00e9volution des habitudes d\u2019\u00e9coute, effet de g\u00e9n\u00e9ration), certains y verront aussi le signe d\u2019un r\u00e9\u00e9quilibrage du paysage radiophonique, dans un contexte o\u00f9 les attentes du public se d\u00e9placent.<\/p>\n<p style=\"text-align: justify;\">Alors que la radio publique conserve un ton culturel et institutionnel, Europe 1 r\u00e9ussit \u00e0 reconqu\u00e9rir un auditoire attach\u00e9 \u00e0 des formats plus directs et populaires. Au-del\u00e0 des chiffres, ces tendances traduisent un mouvement plus large : celui d\u2019une soci\u00e9t\u00e9 fran\u00e7aise en qu\u00eate de rep\u00e8res, de d\u00e9bat et de voix nouvelles, dans un environnement m\u00e9diatique en recomposition.<\/p>\n<p style=\"text-align: justify;\">Cr\u00e9dit photo : DR (photo d\u2019illustration)<br \/>[cc] Article relu et corrig\u00e9 par ChatGPT. Breizh-info.com, 2025, d\u00e9p\u00eaches libres de copie et de diffusion sous r\u00e9serve de mention et de lien vers la source d\u2019origine<\/p>\n","protected":false},"excerpt":{"rendered":"Les premiers r\u00e9sultats M\u00e9diam\u00e9trie de la saison radiophonique 2025-2026 confirment une \u00e9volution significative : France Inter, encore leader&hellip;\n","protected":false},"author":2,"featured_media":530756,"comment_status":"","ping_status":"","sticky":false,"template":"","format":"standard","meta":{"footnotes":""},"categories":[1586],"tags":[11,1777,674,1473,1011,27,9102,12,49764,25,2700],"class_list":{"0":"post-530755","1":"post","2":"type-post","3":"status-publish","4":"format-standard","5":"has-post-thumbnail","7":"category-europe","8":"tag-actualites","9":"tag-eu","10":"tag-europe","11":"tag-europe-1","12":"tag-fr","13":"tag-france","14":"tag-france-inter","15":"tag-news","16":"tag-radios","17":"tag-republique-francaise","18":"tag-rtl"},"share_on_mastodon":{"url":"https:\/\/pubeurope.com\/@fr\/115541083611817972","error":""},"_links":{"self":[{"href":"https:\/\/www.europesays.com\/fr\/wp-json\/wp\/v2\/posts\/530755","targetHints":{"allow":["GET"]}}],"collection":[{"href":"https:\/\/www.europesays.com\/fr\/wp-json\/wp\/v2\/posts"}],"about":[{"href":"https:\/\/www.europesays.com\/fr\/wp-json\/wp\/v2\/types\/post"}],"author":[{"embeddable":true,"href":"https:\/\/www.europesays.com\/fr\/wp-json\/wp\/v2\/users\/2"}],"replies":[{"embeddable":true,"href":"https:\/\/www.europesays.com\/fr\/wp-json\/wp\/v2\/comments?post=530755"}],"version-history":[{"count":0,"href":"https:\/\/www.europesays.com\/fr\/wp-json\/wp\/v2\/posts\/530755\/revisions"}],"wp:featuredmedia":[{"embeddable":true,"href":"https:\/\/www.europesays.com\/fr\/wp-json\/wp\/v2\/media\/530756"}],"wp:attachment":[{"href":"https:\/\/www.europesays.com\/fr\/wp-json\/wp\/v2\/media?parent=530755"}],"wp:term":[{"taxonomy":"category","embeddable":true,"href":"https:\/\/www.europesays.com\/fr\/wp-json\/wp\/v2\/categories?post=530755"},{"taxonomy":"post_tag","embeddable":true,"href":"https:\/\/www.europesays.com\/fr\/wp-json\/wp\/v2\/tags?post=530755"}],"curies":[{"name":"wp","href":"https:\/\/api.w.org\/{rel}","templated":true}]}}