{"id":530757,"date":"2025-11-13T06:56:13","date_gmt":"2025-11-13T06:56:13","guid":{"rendered":"https:\/\/www.europesays.com\/fr\/530757\/"},"modified":"2025-11-13T06:56:13","modified_gmt":"2025-11-13T06:56:13","slug":"un-hommage-vivant-aux-victimes-des-attentats-du-13-novembre-2015","status":"publish","type":"post","link":"https:\/\/www.europesays.com\/fr\/530757\/","title":{"rendered":"Un hommage vivant aux victimes des attentats du 13 novembre 2015"},"content":{"rendered":"<p>                    Par<br \/>\n        <strong><br \/>\n            <a href=\"https:\/\/actu.fr\/auteur\/jerome-buresi\" title=\"Consulter tous les articles de J\u00e9r\u00f4me Buresi\" target=\"_blank\" rel=\"noopener\">J\u00e9r\u00f4me Buresi<\/a><br \/>\n                    <\/strong><\/p>\n<p>        Publi\u00e9 le<\/p>\n<p>            13 nov. 2025 \u00e0 7h30        <\/p>\n<p>Le 1<b>3\u00a0novembre 2015<\/b>, trois commandos d\u2019hommes arm\u00e9s ont assassin\u00e9 130\u00a0personnes lors de leur vir\u00e9e meurtri\u00e8re dans Paris.<\/p>\n<p class=\" wall-content\">Dix ans apr\u00e8s ces attentats, la compagnie de <b>th\u00e9\u00e2tre<\/b> amateur J\u2019ai Dout\u00e9 Des D\u00e9tails propose un spectacle, \u00e0 <a href=\"https:\/\/actu.fr\/normandie\/eu_76255\" target=\"_blank\" rel=\"noopener\">Eu<\/a> et \u00e0 Abbeville. Elle le d\u00e9crit comme \u00ab citoyen, sensible et profond\u00e9ment humain \u00bb.<\/p>\n<p class=\" wall-content\">Ce spectacle est intitul\u00e9 Il est rentr\u00e9 sans elle, elle est rentr\u00e9e sans lui. <\/p>\n<p class=\" wall-content\">C\u2019est une lecture th\u00e9\u00e2tralis\u00e9e \u00ab con\u00e7ue comme un\u00a0m\u00e9morial vivant, en <b>hommage aux disparus<\/b>, aux <b>survivants<\/b> et\u00a0\u00e0 celles et ceux dont la vie a <b>bascul\u00e9 <\/b>cette nuit-l\u00e0 \u00bb.<\/p>\n<p>Refuser l\u2019oubli, mais c\u00e9l\u00e9brer la vie<\/p>\n<p class=\" wall-content\">Ce spectacle s\u2019installe au plus pr\u00e8s des habitants, dans des lieux quotidiens, symboles de convivialit\u00e9 et de vie partag\u00e9e : une librairie et une terrasse de Eu, une biblioth\u00e8que d\u2019Abbeville.<\/p>\n<p class=\" wall-content\">Il s\u2019agit pour la compagnie th\u00e9\u00e2trale de refuser l\u2019oubli, mais aussi de \u00ab c\u00e9l\u00e9brer la vie, malgr\u00e9 la\u00a0douleur et gr\u00e2ce au collectif \u00bb.<\/p>\n<p>Vid\u00e9os : en ce moment sur Actu<\/p>\n<p class=\" wall-content\">L\u2019entr\u00e9e sera libre afin de permettre \u00e0 tous d\u2019y assister.<\/p>\n<p class=\" wall-content\">Trois com\u00e9diennes, Daphn\u00e9 Cabaille, Patricia Peter et Julie Robillard, accompagn\u00e9es par le cr\u00e9ateur sonore Kewin Roux-Dupl\u00e2tre, donnent voix aux fragments intimes et universels de notre m\u00e9moire collective, sans d\u00e9cor imposant, avec la force de la voix, du corps et d\u2019un paysage sonore enveloppant.<\/p>\n<p>Votre r\u00e9gion, votre actu !<\/p>\n<p>Recevez chaque jour les infos qui comptent pour vous.<\/p>\n<p>\t<a href=\"https:\/\/actu.fr\/newsletter\" class=\"ac-btn ac-btn--corner ac-btn--medium ac-btn--blue800\" target=\"_blank\" rel=\"noopener\">S&rsquo;incrire<\/a><br \/>\nLe programme<\/p>\n<p class=\" wall-content\">Trois repr\u00e9sentations sont pr\u00e9vues.<\/p>\n<ul class=\" wall-content\">\n<li>Le vendredi 14\u00a0novembre \u00e0 19 h, \u00e0 la librairie L\u2019Encre Marine de Eu.<\/li>\n<li>Le samedi 22\u00a0novembre, \u00e0 19 h, \u00e0 La Halle du Coll\u00e8ge de Eu.<\/li>\n<li>\u00a0Le jeudi 27\u00a0novembre, \u00e0 19 h 30, \u00e0 la biblioth\u00e8que Robert Mallet d\u2019Abbeville.<\/li>\n<\/ul>\n<p class=\" wall-content\">Spectacle gratuit, d\u2019une dur\u00e9e de 30\u00a0minutes, \u00e0 voir \u00e0 partir de 15\u00a0ans. R\u00e9servation conseill\u00e9e.<\/p>\n<p class=\" wall-content\">Renseignements : <a href=\"https:\/\/actu.fr\/cdn-cgi\/l\/email-protection\" class=\"__cf_email__\" data-cfemail=\"d6b5bfb3fbbcb7bfb2b9a3a2b3b2b3a5b2b3a2b7bfbaa596beb9a2bbb7bfbaf8b5b9bb\" target=\"_blank\" rel=\"noopener\">[email\u00a0protected]<\/a><\/p>\n<p class=\" wall-content\">Personnalisez votre actualit\u00e9 en ajoutant vos villes et m\u00e9dias en favori avec <a href=\"https:\/\/moncompte.actu.fr\" title=\"D\u00e9couvez Mon Actu\" rel=\"nofollow noopener\" data-trk=\"{&quot;cta&quot;:{&quot;action&quot;:&quot;https:\\\/\\\/moncompte.actu.fr&quot;,&quot;category&quot;:&quot;mon compte&quot;,&quot;from&quot;:&quot;article footer&quot;,&quot;name&quot;:&quot;Mon actu&quot;,&quot;type&quot;:&quot;cta&quot;}}\" target=\"_blank\">Mon Actu<\/a>.<\/p>\n","protected":false},"excerpt":{"rendered":"Par J\u00e9r\u00f4me Buresi Publi\u00e9 le 13 nov. 2025 \u00e0 7h30 Le 13\u00a0novembre 2015, trois commandos d\u2019hommes arm\u00e9s ont&hellip;\n","protected":false},"author":2,"featured_media":530758,"comment_status":"","ping_status":"","sticky":false,"template":"","format":"standard","meta":{"footnotes":""},"categories":[1586],"tags":[11,61701,1777,674,1779,1011,27,12,25,104,853,1778,364,3587],"class_list":{"0":"post-530757","1":"post","2":"type-post","3":"status-publish","4":"format-standard","5":"has-post-thumbnail","7":"category-europe","8":"tag-actualites","9":"tag-attentats-du-13-novembre","10":"tag-eu","11":"tag-europe","12":"tag-european-union","13":"tag-fr","14":"tag-france","15":"tag-news","16":"tag-republique-francaise","17":"tag-societe","18":"tag-spectacles","19":"tag-ue","20":"tag-union-europeenne","21":"tag-villes-soeurs"},"share_on_mastodon":{"url":"","error":""},"_links":{"self":[{"href":"https:\/\/www.europesays.com\/fr\/wp-json\/wp\/v2\/posts\/530757","targetHints":{"allow":["GET"]}}],"collection":[{"href":"https:\/\/www.europesays.com\/fr\/wp-json\/wp\/v2\/posts"}],"about":[{"href":"https:\/\/www.europesays.com\/fr\/wp-json\/wp\/v2\/types\/post"}],"author":[{"embeddable":true,"href":"https:\/\/www.europesays.com\/fr\/wp-json\/wp\/v2\/users\/2"}],"replies":[{"embeddable":true,"href":"https:\/\/www.europesays.com\/fr\/wp-json\/wp\/v2\/comments?post=530757"}],"version-history":[{"count":0,"href":"https:\/\/www.europesays.com\/fr\/wp-json\/wp\/v2\/posts\/530757\/revisions"}],"wp:featuredmedia":[{"embeddable":true,"href":"https:\/\/www.europesays.com\/fr\/wp-json\/wp\/v2\/media\/530758"}],"wp:attachment":[{"href":"https:\/\/www.europesays.com\/fr\/wp-json\/wp\/v2\/media?parent=530757"}],"wp:term":[{"taxonomy":"category","embeddable":true,"href":"https:\/\/www.europesays.com\/fr\/wp-json\/wp\/v2\/categories?post=530757"},{"taxonomy":"post_tag","embeddable":true,"href":"https:\/\/www.europesays.com\/fr\/wp-json\/wp\/v2\/tags?post=530757"}],"curies":[{"name":"wp","href":"https:\/\/api.w.org\/{rel}","templated":true}]}}