{"id":530766,"date":"2025-11-13T07:02:20","date_gmt":"2025-11-13T07:02:20","guid":{"rendered":"https:\/\/www.europesays.com\/fr\/530766\/"},"modified":"2025-11-13T07:02:20","modified_gmt":"2025-11-13T07:02:20","slug":"trois-joueurs-du-stade-toulousain-dans-le-viseur-tayeb-leve-le-voile","status":"publish","type":"post","link":"https:\/\/www.europesays.com\/fr\/530766\/","title":{"rendered":"trois joueurs du Stade Toulousain dans le viseur, Tayeb l\u00e8ve le voile"},"content":{"rendered":"<p>\u00c0 Bayonne, les projecteurs ne sont plus uniquement braqu\u00e9s sur le terrain. Cinqui\u00e8mes du Top 14 apr\u00e8s neuf journ\u00e9es, les Basques r\u00e9alisent un d\u00e9but de saison solide. Pourtant, les tensions entre Philippe Tayeb et Gr\u00e9gory Patat, d\u00e9sormais connues de tous, ont rel\u00e9gu\u00e9 l\u2019aspect sportif au second plan. Dans ce climat agit\u00e9, le pr\u00e9sident de l\u2019Aviron garde le cap et pr\u00e9pare activement la saison prochaine.<\/p>\n<p>\u00a0<\/p>\n<p>Parmi les pistes \u00e9voqu\u00e9es se d\u00e9tache nettement celle menant \u00e0 Guillaume Cramont. Le talonneur du Stade Toulousain, tout juste aur\u00e9ol\u00e9 d\u2019une premi\u00e8re s\u00e9lection en \u00e9quipe de France, suscite l\u2019int\u00e9r\u00eat de plusieurs clubs dont Toulon. Mais c\u2019est Bayonne qui semble tenir la corde. \u00ab C\u2019est en bonne voie\u00a0\u00bb, dit Philippe Tayeb qui laisse entendre que les discussions sont avanc\u00e9es. Le joueur pourrait donc poser ses valises au Pays basque d\u00e8s l\u2019intersaison.<\/p>\n<p>\u00a0<\/p>\n<p>Delibes \u00e9tudi\u00e9, Lebel \u00e9cart\u00e9<\/p>\n<p>Les noms de Dimitri Delibes et Matthis Lebel circulent aussi dans les couloirs du club ciel et blanc. Tous deux en fin de contrat, les trois-quarts toulousains attisent les convoitises. Concernant Delibes, Tayeb confirme que \u00ab c\u2019est un dossier \u00e0 l\u2019\u00e9tude \u00bb. En revanche, la piste menant \u00e0 Lebel semble d\u00e9j\u00e0 referm\u00e9e. Au micro de Rugbyrama, le pr\u00e9sident bayonnais a refroidi les ardeurs sans entrer dans les d\u00e9tails.<\/p>\n<p>\u00a0<\/p>\n<p>Au-del\u00e0 des profils toulousains, Bayonne continue de structurer son recrutement. Les besoins sont clairement identifi\u00e9s. \u00ab Il reste un gros deuxi\u00e8me ligne, un gros troisi\u00e8me ligne, et un polyvalent centre-ailier \u00bb, pr\u00e9cise Philippe Tayeb. Le demi de m\u00eal\u00e9e L\u00e9o Coly (Montpellier) et l&rsquo;ouvreur Rob Du Preez (Sale) sont les deux recrues d\u00e9j\u00e0 boucl\u00e9es. Par ailleurs, les prolongations de cadres comme Manu Tuilagi, Facundo Bosch et Andy Bordelai t\u00e9moignent d\u2019une volont\u00e9 de stabilit\u00e9.<\/p>\n<p>Partagez cette info avec vos amis et vos proches en cliquant ici<br \/>Pour r\u00e9sumer<\/p>\n<p>Bayonne cible trois joueurs du Stade Toulousain pour 2025 : Cramont est proche, Delibes \u00e0 l\u2019\u00e9tude, Lebel \u00e9cart\u00e9. Tayeb confirme aussi les arriv\u00e9es de Coly et Du Preez, tout en recherchant trois profils cl\u00e9s pour compl\u00e9ter un effectif en qu\u00eate de stabilit\u00e9.<\/p>\n<p> <img decoding=\"async\" width=\"76\" height=\"76\" loading=\"lazy\" src=\"https:\/\/www.europesays.com\/fr\/wp-content\/uploads\/2025\/04\/avatar-quinze.png\" alt=\"Voldi Fr\u00e9jus\u00a0Hounvio\"\/><\/p>\n","protected":false},"excerpt":{"rendered":"\u00c0 Bayonne, les projecteurs ne sont plus uniquement braqu\u00e9s sur le terrain. Cinqui\u00e8mes du Top 14 apr\u00e8s neuf&hellip;\n","protected":false},"author":2,"featured_media":530767,"comment_status":"","ping_status":"","sticky":false,"template":"","format":"standard","meta":{"footnotes":""},"categories":[1416],"tags":[1011,27,479,1468,60,478],"class_list":{"0":"post-530766","1":"post","2":"type-post","3":"status-publish","4":"format-standard","5":"has-post-thumbnail","7":"category-rugby","8":"tag-fr","9":"tag-france","10":"tag-rugby","11":"tag-rugby-football","12":"tag-sports","13":"tag-top-14"},"share_on_mastodon":{"url":"https:\/\/pubeurope.com\/@fr\/115541112016515209","error":""},"_links":{"self":[{"href":"https:\/\/www.europesays.com\/fr\/wp-json\/wp\/v2\/posts\/530766","targetHints":{"allow":["GET"]}}],"collection":[{"href":"https:\/\/www.europesays.com\/fr\/wp-json\/wp\/v2\/posts"}],"about":[{"href":"https:\/\/www.europesays.com\/fr\/wp-json\/wp\/v2\/types\/post"}],"author":[{"embeddable":true,"href":"https:\/\/www.europesays.com\/fr\/wp-json\/wp\/v2\/users\/2"}],"replies":[{"embeddable":true,"href":"https:\/\/www.europesays.com\/fr\/wp-json\/wp\/v2\/comments?post=530766"}],"version-history":[{"count":0,"href":"https:\/\/www.europesays.com\/fr\/wp-json\/wp\/v2\/posts\/530766\/revisions"}],"wp:featuredmedia":[{"embeddable":true,"href":"https:\/\/www.europesays.com\/fr\/wp-json\/wp\/v2\/media\/530767"}],"wp:attachment":[{"href":"https:\/\/www.europesays.com\/fr\/wp-json\/wp\/v2\/media?parent=530766"}],"wp:term":[{"taxonomy":"category","embeddable":true,"href":"https:\/\/www.europesays.com\/fr\/wp-json\/wp\/v2\/categories?post=530766"},{"taxonomy":"post_tag","embeddable":true,"href":"https:\/\/www.europesays.com\/fr\/wp-json\/wp\/v2\/tags?post=530766"}],"curies":[{"name":"wp","href":"https:\/\/api.w.org\/{rel}","templated":true}]}}