{"id":530768,"date":"2025-11-13T07:03:14","date_gmt":"2025-11-13T07:03:14","guid":{"rendered":"https:\/\/www.europesays.com\/fr\/530768\/"},"modified":"2025-11-13T07:03:14","modified_gmt":"2025-11-13T07:03:14","slug":"alexander-zverev-symbole-de-lecart-entre-jannik-sinner-carlos-alcaraz-et-le-reste-du-circuit-atp-lequipe","status":"publish","type":"post","link":"https:\/\/www.europesays.com\/fr\/530768\/","title":{"rendered":"Alexander Zverev symbole de l&#039;\u00e9cart entre Jannik Sinner, Carlos Alcaraz et le reste du circuit ATP &#8211; L&#039;\u00c9quipe"},"content":{"rendered":"<ol>\n<li><a href=\"https:\/\/news.google.com\/rss\/articles\/CBMi2wFBVV95cUxPNjdHazlEWEI2MXByM2ZoUENDbWlDTmxfaktUaUdKSGE1NkRuX2h3ZzRnS1V6UmUwcmJFcHVDaGJsZVJEcEJOakQ2UURQNjRTOXFveEg0bk1rNnBXRUFsYWt1ZXBSd1Y2VmoyLXlPOG51bktFelNYRnRISTVkQmtlNEh0X2lkRTEzNlVDbUpHNFk2NHFUckwweXVmcGN3d3Vmek9JSU1uVU0zYTFpTGZOa3FtTmxpcjJHekFpSGpCVFNleHBoOW9ZcklZWkxjVkFRRnlmNHBOMnVxNVE?oc=5\" target=\"_blank\" rel=\"nofollow noopener\">Alexander Zverev symbole de l&rsquo;\u00e9cart entre Jannik Sinner, Carlos Alcaraz et le reste du circuit ATP<\/a>&nbsp;&nbsp;L&rsquo;\u00c9quipe<\/li>\n<li><a href=\"https:\/\/news.google.com\/rss\/articles\/CBMihAJBVV95cUxOODhzemFUSmtYWkJVdFVVdjExX2VWOUVqblh0VWs1MlRvb1ZXbkwzTUZSaWE0eThTTGVzZ2M0ZXB2YW1WemtiQmFRSHNoQ0VMX0FSeVU0aDkxaUMyV3J2amFmanhVOGpOaHgwVDRnZllhdmx2Mlk4RmlKV2FwOVUtM1I1dE42bTFMR2Z3cEtxR0ZCd0FsZldaY3g1ZWxFRjVPU2cxYW9Tblk1RFU3ZktSeGNDV2szTE9oYjVzeGp1T3BueVc5SVB4NUNhZTVDblJqOVdLSFAta3RwTXdGRThkTVhobkREZ3c2ck1pMGN0NUYydWFOdUs1eFB2TXBENVRrdVZEWQ?oc=5\" target=\"_blank\" rel=\"nofollow noopener\">Alexander Zverev apr\u00e8s sa d\u00e9faite face \u00e0 Jannik Sinner aux Finales ATP : \u00ab Il a \u00e9t\u00e9 plus r\u00e9aliste \u00bb<\/a>&nbsp;&nbsp;MSN<\/li>\n<li><a href=\"https:\/\/news.google.com\/rss\/articles\/CBMihwJBVV95cUxNQ3FyczVCcDdJUGFOdkZ2cXlSRHRQeF9aYTJld2ZWYmFPXzU4WDVTNnhRSXJuWE0zSFVfVV9kTEEteXFzUXVWVVFEcE1FSGk1WFc1OVNpZVhEaklmcUpESTFOU2l3RVh6UjRSX2IwTXhsUWx1cmw5a0JyR3lRelRjTGlRNlQtLTZLTEsxSDlZUUhvNHlPalY2NjByM01RT2xKZkdhdHUyVmtDSUtmVW5jNkllUTVSV2owUXp5TkRfaW1QQm9qQ2padXdESGhPOVQtdWJBekNQdU0wbS1YT1J2Vm9IWERNeXllN0tvVmh3WC13MWdZNFM2R2tUTzBUYU00bHNaU3Z5OA?oc=5\" target=\"_blank\" rel=\"nofollow noopener\">Classement ATP &#8211; La stat folle qui montre \u00e0 quel point Jannik Sinner et Carlos Alcaraz sont seuls au monde<\/a>&nbsp;&nbsp;Eurosport<\/li>\n<li><a href=\"https:\/\/news.google.com\/rss\/articles\/CBMihAFBVV95cUxOUUhoU1ZTdFJpNkEtU1ZnZHA5eVV3NHdpNU9GRGZlTzF5c1lIMGNmZGNPejdBa1JHTVFHTkFxN0FIMTdSTmNXNHhHY3NrWE4yblZWanZhZHh5cDhTZ2RhMzR2WXlKT3VSei1IUTFCWnE1M2ZndldVVjV6SDdNUmpVbVZQU2Y?oc=5\" target=\"_blank\" rel=\"nofollow noopener\">Zverev plus proche du 1000e que de Sinner : le chiffre fou qui illustre la hi\u00e9rarchie ATP<\/a>&nbsp;&nbsp;Tennis Temple<\/li>\n<li><a href=\"https:\/\/news.google.com\/rss\/articles\/CBMi_wFBVV95cUxPdFhLZDdXV0FSUlh5Z2lXalYySmM5MHM2RlhpT093Ym5QRVgxMEZPWVJvUWZsbHh6Rkk3dEVZSUM4aXpRSzRGU1cwbWpxd3dBdnR2dDM0M3ZjZnQ0cURMWU96ZDY4bHNyQ2hRWHNkLTJ6TFRNRmVKVVBEVk5MbnlrOTFtd1EwQmliNWNUQUNZbXRoUmxrY3J6cHp2MVk4TWxtS3B4NmRObHdIVXpCQ1Z3UUJEbHY4cXBMc1dXUl9YakhrWVBpVllZal94ZEFDZENOc2VYTG1mME1XYmFzam0xWVN0N1lMNzA2SGRRVFB1MGhaZTZhREFuREZOVWdNSnM?oc=5\" target=\"_blank\" rel=\"nofollow noopener\">Tennis | La domination est totale: d\u00e9couvrez l\u2019\u00e9cart impressionnant qui s\u00e9pare Carlos Alcaraz et Jannik Sinner du reste du peloton<\/a>&nbsp;&nbsp;Le Journal de Qu\u00e9bec<\/li>\n<\/ol>\n","protected":false},"excerpt":{"rendered":"Alexander Zverev symbole de l&rsquo;\u00e9cart entre Jannik Sinner, Carlos Alcaraz et le reste du circuit ATP&nbsp;&nbsp;L&rsquo;\u00c9quipe Alexander Zverev&hellip;\n","protected":false},"author":2,"featured_media":530769,"comment_status":"","ping_status":"","sticky":false,"template":"","format":"standard","meta":{"footnotes":""},"categories":[1415],"tags":[1011,27,60,1467],"class_list":{"0":"post-530768","1":"post","2":"type-post","3":"status-publish","4":"format-standard","5":"has-post-thumbnail","7":"category-tennis","8":"tag-fr","9":"tag-france","10":"tag-sports","11":"tag-tennis"},"share_on_mastodon":{"url":"https:\/\/pubeurope.com\/@fr\/115541115073256655","error":""},"_links":{"self":[{"href":"https:\/\/www.europesays.com\/fr\/wp-json\/wp\/v2\/posts\/530768","targetHints":{"allow":["GET"]}}],"collection":[{"href":"https:\/\/www.europesays.com\/fr\/wp-json\/wp\/v2\/posts"}],"about":[{"href":"https:\/\/www.europesays.com\/fr\/wp-json\/wp\/v2\/types\/post"}],"author":[{"embeddable":true,"href":"https:\/\/www.europesays.com\/fr\/wp-json\/wp\/v2\/users\/2"}],"replies":[{"embeddable":true,"href":"https:\/\/www.europesays.com\/fr\/wp-json\/wp\/v2\/comments?post=530768"}],"version-history":[{"count":0,"href":"https:\/\/www.europesays.com\/fr\/wp-json\/wp\/v2\/posts\/530768\/revisions"}],"wp:featuredmedia":[{"embeddable":true,"href":"https:\/\/www.europesays.com\/fr\/wp-json\/wp\/v2\/media\/530769"}],"wp:attachment":[{"href":"https:\/\/www.europesays.com\/fr\/wp-json\/wp\/v2\/media?parent=530768"}],"wp:term":[{"taxonomy":"category","embeddable":true,"href":"https:\/\/www.europesays.com\/fr\/wp-json\/wp\/v2\/categories?post=530768"},{"taxonomy":"post_tag","embeddable":true,"href":"https:\/\/www.europesays.com\/fr\/wp-json\/wp\/v2\/tags?post=530768"}],"curies":[{"name":"wp","href":"https:\/\/api.w.org\/{rel}","templated":true}]}}