{"id":530774,"date":"2025-11-13T07:09:13","date_gmt":"2025-11-13T07:09:13","guid":{"rendered":"https:\/\/www.europesays.com\/fr\/530774\/"},"modified":"2025-11-13T07:09:13","modified_gmt":"2025-11-13T07:09:13","slug":"kate-middleton-victime-dune-facheuse-erreur-qui-nest-malheureusement-pas-passee-inapercue-bon-sang","status":"publish","type":"post","link":"https:\/\/www.europesays.com\/fr\/530774\/","title":{"rendered":"Kate Middleton victime d\u2019une f\u00e2cheuse erreur qui n\u2019est malheureusement pas pass\u00e9e inaper\u00e7ue, \u00ab\u00a0Bon sang\u2026\u00a0\u00bb"},"content":{"rendered":"<p>Ce mardi 11 novembre, la princesse de Galles est apparue seule<br \/>\nau National Memorial Arboretum, dans le Staffordshire, pour<br \/>\nparticiper aux <strong>comm\u00e9morations de l\u2019Armistice<\/strong>.<br \/>\nV\u00eatue de noir, le coquelicot \u00e9pingl\u00e9 sur le manteau, <a href=\"https:\/\/www.mariefrance.fr\/news-people\/expert-decrypte-message-cache-kate-middleton-william-pendant-apparition-tres-remarquee-1218642.html\" rel=\"nofollow noopener\" target=\"_blank\"><br \/>\nKate Middleton a pris part \u00e0 la c\u00e9r\u00e9monie<\/a> avec la r\u00e9serve et<br \/>\nl\u2019\u00e9l\u00e9gance qui la caract\u00e9risent. Elle a d\u00e9pos\u00e9 une gerbe au pied du<br \/>\nM\u00e9morial des forces arm\u00e9es avant de se recueillir, immobile, durant<br \/>\nles deux minutes de silence \u00e0 11 heures. Une apparition en solo qui<br \/>\nn\u2019est pas pass\u00e9e inaper\u00e7ue, d\u2019autant que le prince William, retenu<br \/>\npar d\u2019autres engagements, n\u2019\u00e9tait <strong>pas pr\u00e9sent \u00e0 ses<br \/>\nc\u00f4t\u00e9s<\/strong>.<\/p>\n<p>Deux jours plus t\u00f4t, elle se tenait encore au balcon de<br \/>\nWhitehall, entour\u00e9e de <strong>Charles III et de la reine<br \/>\nCamilla<\/strong>, lors de la traditionnelle c\u00e9r\u00e9monie du Souvenir<br \/>\nau C\u00e9notaphe de Londres. En l\u2019absence de son \u00e9poux, la princesse de<br \/>\nGalles a, une nouvelle fois, assur\u00e9 seule la <strong>repr\u00e9sentation<br \/>\ndu couple princier<\/strong>. Une image forte, symbole d\u2019un r\u00f4le<br \/>\nd\u00e9sormais pleinement assum\u00e9 dans les c\u00e9r\u00e9monies officielles de la<br \/>\nmonarchie.<\/p>\n<p>Une appellation qui agace les fans de Kate Middleton<\/p>\n<p>Retransmise en direct sur la BBC, cette comm\u00e9moration a<br \/>\ncependant \u00e9t\u00e9 <strong>marqu\u00e9e par une maladresse<\/strong> qui a<br \/>\nsuscit\u00e9 l\u2019irritation des t\u00e9l\u00e9spectateurs. \u00c0 plusieurs reprises, les<br \/>\njournalistes ont pr\u00e9sent\u00e9 la princesse sous son nom de jeune fille,<br \/>\n\u00ab Kate Middleton \u00bb. Une erreur d\u2019apparence anodine, mais jug\u00e9e<br \/>\n<strong>irrespectueuse par les fid\u00e8les de la Couronne<\/strong>,<br \/>\ncomme l\u2019a rapport\u00e9 le <a href=\"https:\/\/www.express.co.uk\/news\/royal\/2132439\/Princess-Kate-Middleton-bbc-fury\" target=\"_blank\" rel=\"nofollow noopener\">Daily<br \/>\nExpress<\/a>.<\/p>\n<p>Sur X, les r\u00e9actions n\u2019ont pas tard\u00e9. \u00ab <strong>Qui est<br \/>\nl\u2019imb\u00e9cile<\/strong> qui appelle la princesse de Galles \u201cKate<br \/>\nMiddleton\u201d sur BBC News ? \u00bb, s\u2019est emport\u00e9 un internaute. Un<br \/>\nautre a ajout\u00e9 : \u00ab \u201cKate Middleton\u201d ? <strong>Quel manque de<br \/>\nrespect<\/strong> ! Cette femme n\u2019arr\u00eate pas de l\u2019appeler Kate<br \/>\nMiddleton. Bon sang ! \u00bb. D\u2019autres encore ont insist\u00e9 : \u00ab<br \/>\nQuelqu\u2019un pourrait-il dire un mot \u00e0 votre journaliste au<br \/>\nNational Memorial Arboretum ? Elle ne devrait pas appeler la<br \/>\nprincesse de Galles \u201cKate Middleton\u201d ! \u00bb.<\/p>\n<p><img loading=\"lazy\" decoding=\"async\" aria-describedby=\"caption-attachment-1214168\" itemprop=\"thumbnailUrl\" class=\"wp-image-1214168 img-responsive size-full\" src=\"https:\/\/www.europesays.com\/fr\/wp-content\/uploads\/2025\/11\/kate-middleton-1.jpg\" alt=\"Kate Middleton\u00a0\" width=\"1280\" height=\"720\"\/><br \/>\n\u00a9 Eddie<br \/>\nMulholland\/WPA Pool\/Shutterstock<\/p>\n<p id=\"caption-attachment-1214168\" class=\"wp-caption-text\">La BBC<br \/>\nprovoque la col\u00e8re des fans en appelant la princesse de Galles \u00ab<br \/>\nKate Middleton \u00bb pendant la c\u00e9r\u00e9monie<\/p>\n<p>Kate Middleton, un nom qui ne refl\u00e8te plus son statut<br \/>\nroyal<\/p>\n<p>Pour de nombreux fans, persister \u00e0 employer ce nom, <strong>plus<br \/>\nde dix ans apr\u00e8s son mariage<\/strong> et un an apr\u00e8s l\u2019accession de<br \/>\nson mari au titre de prince de Galles, t\u00e9moigne d\u2019un manque de<br \/>\nconsid\u00e9ration. Derri\u00e8re cette appellation se joue une question<br \/>\nd\u2019\u00e9tiquette, mais aussi de reconnaissance. La duchesse de Cambridge<br \/>\nd\u2019hier est devenue, pour beaucoup, une <strong>figure centrale de<br \/>\nla monarchie britannique<\/strong>, symbole de continuit\u00e9 et de<br \/>\nmodernit\u00e9.<\/p>\n<p>Malgr\u00e9 cette pol\u00e9mique, <a href=\"https:\/\/www.mariefrance.fr\/news-people\/petit-detail-tenue-kate-middleton-remembrance-sunday-fini-faire-parler-1218594.html\" rel=\"nofollow noopener\" target=\"_blank\"><br \/>\nl\u2019apparition de la princesse a \u00e9t\u00e9 salu\u00e9e<\/a> pour sa sobri\u00e9t\u00e9. Son<br \/>\nattitude recueillie, sa tenue parfaitement ajust\u00e9e et so<strong>n<br \/>\nattention aux v\u00e9t\u00e9rans pr\u00e9sents<\/strong> ont confirm\u00e9 une fois<br \/>\nencore son sens du devoir. Loin des r\u00e9actions en ligne, elle s\u2019est<br \/>\ntenue \u00e0 la hauteur du moment, <strong>concentr\u00e9e sur<br \/>\nl\u2019hommage<\/strong> plut\u00f4t que sur les commentaires.<\/p>\n<p><img loading=\"lazy\" decoding=\"async\" aria-describedby=\"caption-attachment-1207259\" class=\"wp-image-1207259 img-responsive size-full\" src=\"https:\/\/www.europesays.com\/fr\/wp-content\/uploads\/2025\/11\/template-image-article-88.jpg\" alt=\"Kate Middleton atteinte d\u2019un cancer : ce terrible aveu du prince William sur la maladie, \u201cLa vie nous met \u00e0 l'\u00e9preuve\u201d\" width=\"1280\" height=\"720\"\/> \u00a9 Shutterstock<\/p>\n<p id=\"caption-attachment-1207259\" class=\"wp-caption-text\">Le nom<br \/>\nde Kate Middleton ne correspond plus au rang qu\u2019elle occupe<br \/>\naujourd\u2019hui au sein de la monarchie britannique<\/p>\n<p>Une apparition remarqu\u00e9e au Royal<br \/>\nAlbert Hall pour Kate Middleton et le prince George<\/p>\n<p>Cette semaine de comm\u00e9morations avait d\u2019ailleurs commenc\u00e9 par<br \/>\n<strong>un autre \u00e9v\u00e9nement tr\u00e8s remarqu\u00e9<\/strong> : sa pr\u00e9sence au<br \/>\nRoyal Albert Hall, samedi soir, pour le Festival du Souvenir. L\u00e0<br \/>\nencore, le <strong>prince William manquait \u00e0 l\u2019appel<\/strong>, tout<br \/>\njuste rentr\u00e9 du Br\u00e9sil.<\/p>\n<blockquote class=\"twitter-tweet\"><p><a class=\"twitter-link\" rel=\"noindex, nofollow noopener\" href=\"https:\/\/twitter.com\/mariefrancemag\/status\/1978370871254258146\" target=\"_blank\"><\/p><\/blockquote>\n<p>Mais Kate Middleton n\u2019\u00e9tait pas seule. Elle a choisi de venir<br \/>\naccompagn\u00e9e de son fils a\u00een\u00e9, <strong>le prince George<\/strong>. \u00c0<br \/>\n12 ans, <a href=\"https:\/\/www.mariefrance.fr\/news-people\/prince-george-pourquoi-pas-droit-feter-noel-parents-kate-middleton-prince-william-1104942.html\" rel=\"nofollow noopener\" target=\"_blank\"><br \/>\nle jeune h\u00e9ritier a pris place \u00e0 ses c\u00f4t\u00e9s<\/a>, marquant de sa<br \/>\npr\u00e9sence le passage de t\u00e9moin symbolique entre deux g\u00e9n\u00e9rations. Un<br \/>\ngeste qui montre la <strong>voie trac\u00e9e pour l\u2019avenir<\/strong>.<br \/>\nQuelques mois plus t\u00f4t, George participait d\u00e9j\u00e0 \u00e0 un th\u00e9<br \/>\ncomm\u00e9moratif au palais de Buckingham. Cette fois, il s\u2019affirme peu<br \/>\n\u00e0 peu, aux c\u00f4t\u00e9s d\u2019une m\u00e8re qui incarne, seule ou accompagn\u00e9e, la<br \/>\ncontinuit\u00e9 de la famille royale.<\/p>\n<p><script async src=\"https:\/\/platform.twitter.com\/widgets.js\" charset=\"utf-8\"><\/script><\/p>\n","protected":false},"excerpt":{"rendered":"Ce mardi 11 novembre, la princesse de Galles est apparue seule au National Memorial Arboretum, dans le Staffordshire,&hellip;\n","protected":false},"author":2,"featured_media":530775,"comment_status":"","ping_status":"","sticky":false,"template":"","format":"standard","meta":{"footnotes":""},"categories":[1359],"tags":[58,59,1011,27,5858,973],"class_list":{"0":"post-530774","1":"post","2":"type-post","3":"status-publish","4":"format-standard","5":"has-post-thumbnail","7":"category-people","8":"tag-divertissement","9":"tag-entertainment","10":"tag-fr","11":"tag-france","12":"tag-kate-middleton","13":"tag-people"},"share_on_mastodon":{"url":"https:\/\/pubeurope.com\/@fr\/115541139208744153","error":""},"_links":{"self":[{"href":"https:\/\/www.europesays.com\/fr\/wp-json\/wp\/v2\/posts\/530774","targetHints":{"allow":["GET"]}}],"collection":[{"href":"https:\/\/www.europesays.com\/fr\/wp-json\/wp\/v2\/posts"}],"about":[{"href":"https:\/\/www.europesays.com\/fr\/wp-json\/wp\/v2\/types\/post"}],"author":[{"embeddable":true,"href":"https:\/\/www.europesays.com\/fr\/wp-json\/wp\/v2\/users\/2"}],"replies":[{"embeddable":true,"href":"https:\/\/www.europesays.com\/fr\/wp-json\/wp\/v2\/comments?post=530774"}],"version-history":[{"count":0,"href":"https:\/\/www.europesays.com\/fr\/wp-json\/wp\/v2\/posts\/530774\/revisions"}],"wp:featuredmedia":[{"embeddable":true,"href":"https:\/\/www.europesays.com\/fr\/wp-json\/wp\/v2\/media\/530775"}],"wp:attachment":[{"href":"https:\/\/www.europesays.com\/fr\/wp-json\/wp\/v2\/media?parent=530774"}],"wp:term":[{"taxonomy":"category","embeddable":true,"href":"https:\/\/www.europesays.com\/fr\/wp-json\/wp\/v2\/categories?post=530774"},{"taxonomy":"post_tag","embeddable":true,"href":"https:\/\/www.europesays.com\/fr\/wp-json\/wp\/v2\/tags?post=530774"}],"curies":[{"name":"wp","href":"https:\/\/api.w.org\/{rel}","templated":true}]}}