{"id":530780,"date":"2025-11-13T07:14:14","date_gmt":"2025-11-13T07:14:14","guid":{"rendered":"https:\/\/www.europesays.com\/fr\/530780\/"},"modified":"2025-11-13T07:14:14","modified_gmt":"2025-11-13T07:14:14","slug":"le-hobbit-un-voyage-inattendu","status":"publish","type":"post","link":"https:\/\/www.europesays.com\/fr\/530780\/","title":{"rendered":"Le hobbit : un voyage inattendu"},"content":{"rendered":"<p id=\"descriptionPanel\" class=\"text-secondary mr-2 line-clamp-2 pr-2.5 overflow-visible\">Alors qu&rsquo;il s&rsquo;appr\u00eate \u00e0 f\u00eater ses 111 ans, Bilbon Sacquet \u00e9crit un livre destin\u00e9 \u00e0 son neveu Frodon dans lequel il raconte ses aventures. Il se rappelle comment il a cherch\u00e9 \u00e0 reprendre le royaume des nains d&rsquo;Erebor face au redoutable dragon Smaug. Dans cette qu\u00eate, il rejoint une bande de treize nains, rencontre le magicien Gandalf le Gris et doit affronter orques, gobelins et sorciers&#8230;<\/p>\n<p>Afficher la version longue du r\u00e9sum\u00e9<a class=\"shrink-0\" href=\"https:\/\/www.tf1.fr\/tf1-series-films\/le-hobbit-un-voyage-inattendu\" target=\"_blank\" rel=\"noopener\"><img decoding=\"async\" src=\"https:\/\/www.europesays.com\/fr\/wp-content\/uploads\/2025\/11\/flux-vignette-portrait-le-hobbit-un-voyage-inattendu-08dd16-108b47-e6bdcc-0@1x.jpg\" width=\"138\" height=\"184\" alt=\"\" loading=\"eager\" fetchpriority=\"auto\" class=\"rounded-3px aspect-[3\/4] h-24 w-auto\" aria-hidden=\"true\"\/><\/a><\/p>\n","protected":false},"excerpt":{"rendered":"Alors qu&rsquo;il s&rsquo;appr\u00eate \u00e0 f\u00eater ses 111 ans, Bilbon Sacquet \u00e9crit un livre destin\u00e9 \u00e0 son neveu Frodon&hellip;\n","protected":false},"author":2,"featured_media":530781,"comment_status":"","ping_status":"","sticky":false,"template":"","format":"standard","meta":{"footnotes":""},"categories":[1354],"tags":[58,59,2081,64999,65009,65000,65010,65006,65005,58528,1346,1011,27,65001,65002,1360,65007,65008,65003,65004],"class_list":{"0":"post-530780","1":"post","2":"type-post","3":"status-publish","4":"format-standard","5":"has-post-thumbnail","7":"category-films","8":"tag-divertissement","9":"tag-entertainment","10":"tag-film","11":"tag-film-le-hobbit-un-voyage-inattendu","12":"tag-film-le-hobbit-un-voyage-inattendu-streaming","13":"tag-film-le-hobbit-un-voyage-inattendu-tf1","14":"tag-film-le-hobbit-un-voyage-inattendu-tf1-streaming","15":"tag-film-le-hobbit-un-voyage-inattendu-tf1-video","16":"tag-film-le-hobbit-un-voyage-inattendu-video","17":"tag-film-tf1","18":"tag-films","19":"tag-fr","20":"tag-france","21":"tag-le-hobbit-un-voyage-inattendu-film","22":"tag-le-hobbit-un-voyage-inattendu-film-tf1","23":"tag-movies","24":"tag-streaming-film-le-hobbit-un-voyage-inattendu","25":"tag-streaming-film-le-hobbit-un-voyage-inattendu-tf1","26":"tag-video-film-le-hobbit-un-voyage-inattendu","27":"tag-video-film-le-hobbit-un-voyage-inattendu-tf1"},"share_on_mastodon":{"url":"","error":"Validation failed: Text character limit of 500 exceeded"},"_links":{"self":[{"href":"https:\/\/www.europesays.com\/fr\/wp-json\/wp\/v2\/posts\/530780","targetHints":{"allow":["GET"]}}],"collection":[{"href":"https:\/\/www.europesays.com\/fr\/wp-json\/wp\/v2\/posts"}],"about":[{"href":"https:\/\/www.europesays.com\/fr\/wp-json\/wp\/v2\/types\/post"}],"author":[{"embeddable":true,"href":"https:\/\/www.europesays.com\/fr\/wp-json\/wp\/v2\/users\/2"}],"replies":[{"embeddable":true,"href":"https:\/\/www.europesays.com\/fr\/wp-json\/wp\/v2\/comments?post=530780"}],"version-history":[{"count":0,"href":"https:\/\/www.europesays.com\/fr\/wp-json\/wp\/v2\/posts\/530780\/revisions"}],"wp:featuredmedia":[{"embeddable":true,"href":"https:\/\/www.europesays.com\/fr\/wp-json\/wp\/v2\/media\/530781"}],"wp:attachment":[{"href":"https:\/\/www.europesays.com\/fr\/wp-json\/wp\/v2\/media?parent=530780"}],"wp:term":[{"taxonomy":"category","embeddable":true,"href":"https:\/\/www.europesays.com\/fr\/wp-json\/wp\/v2\/categories?post=530780"},{"taxonomy":"post_tag","embeddable":true,"href":"https:\/\/www.europesays.com\/fr\/wp-json\/wp\/v2\/tags?post=530780"}],"curies":[{"name":"wp","href":"https:\/\/api.w.org\/{rel}","templated":true}]}}