{"id":530794,"date":"2025-11-13T07:23:13","date_gmt":"2025-11-13T07:23:13","guid":{"rendered":"https:\/\/www.europesays.com\/fr\/530794\/"},"modified":"2025-11-13T07:23:13","modified_gmt":"2025-11-13T07:23:13","slug":"trouver-un-travail-en-pratiquant-du-sport","status":"publish","type":"post","link":"https:\/\/www.europesays.com\/fr\/530794\/","title":{"rendered":"Trouver un travail en pratiquant du sport"},"content":{"rendered":"\n<p>C&rsquo;est une mani\u00e8re insolite de trouver un travail mais pas si b\u00eate&#8230;L\u2019op\u00e9ration \u00ab du stade vers l\u2019emploi \u00bb est de retour ce jeudi 13 novembre au gymnase Beaubrun \u00e0 Saint-Etienne \u00e0 partir de 9 heures. Le concept est simple : pas de CV mais des temps de sport entre les demandeurs d\u2019emploi et les recruteurs qui seront associ\u00e9s en \u00e9quipe. L&rsquo;objectif est bien \u00e9videmment de mettre en valeur les qualit\u00e9s humaines et relationnelles en ayant aucune autre information que le pr\u00e9nom des participants. Bien s\u00fbr, apr\u00e8s le sport et le r\u00e9confort avec une petite collation, il y aura ensuite un vrai job dating un peu plus traditionnel.\u00a0<\/p>\n","protected":false},"excerpt":{"rendered":"C&rsquo;est une mani\u00e8re insolite de trouver un travail mais pas si b\u00eate&#8230;L\u2019op\u00e9ration \u00ab du stade vers l\u2019emploi \u00bb&hellip;\n","protected":false},"author":2,"featured_media":530795,"comment_status":"","ping_status":"","sticky":false,"template":"","format":"standard","meta":{"footnotes":""},"categories":[9653],"tags":[1111,11,2430,341,1777,674,1011,27,1757,3367,12,11365,25,4001,517,3847],"class_list":{"0":"post-530794","1":"post","2":"type-post","3":"status-publish","4":"format-standard","5":"has-post-thumbnail","7":"category-saint-etienne","8":"tag-actu","9":"tag-actualites","10":"tag-auvergne-rhone-alpes","11":"tag-emploi","12":"tag-eu","13":"tag-europe","14":"tag-fr","15":"tag-france","16":"tag-insolite","17":"tag-loire","18":"tag-news","19":"tag-original","20":"tag-republique-francaise","21":"tag-saint-etienne","22":"tag-sport","23":"tag-travail"},"share_on_mastodon":{"url":"https:\/\/pubeurope.com\/@fr\/115541193883971672","error":""},"_links":{"self":[{"href":"https:\/\/www.europesays.com\/fr\/wp-json\/wp\/v2\/posts\/530794","targetHints":{"allow":["GET"]}}],"collection":[{"href":"https:\/\/www.europesays.com\/fr\/wp-json\/wp\/v2\/posts"}],"about":[{"href":"https:\/\/www.europesays.com\/fr\/wp-json\/wp\/v2\/types\/post"}],"author":[{"embeddable":true,"href":"https:\/\/www.europesays.com\/fr\/wp-json\/wp\/v2\/users\/2"}],"replies":[{"embeddable":true,"href":"https:\/\/www.europesays.com\/fr\/wp-json\/wp\/v2\/comments?post=530794"}],"version-history":[{"count":0,"href":"https:\/\/www.europesays.com\/fr\/wp-json\/wp\/v2\/posts\/530794\/revisions"}],"wp:featuredmedia":[{"embeddable":true,"href":"https:\/\/www.europesays.com\/fr\/wp-json\/wp\/v2\/media\/530795"}],"wp:attachment":[{"href":"https:\/\/www.europesays.com\/fr\/wp-json\/wp\/v2\/media?parent=530794"}],"wp:term":[{"taxonomy":"category","embeddable":true,"href":"https:\/\/www.europesays.com\/fr\/wp-json\/wp\/v2\/categories?post=530794"},{"taxonomy":"post_tag","embeddable":true,"href":"https:\/\/www.europesays.com\/fr\/wp-json\/wp\/v2\/tags?post=530794"}],"curies":[{"name":"wp","href":"https:\/\/api.w.org\/{rel}","templated":true}]}}