{"id":530797,"date":"2025-11-13T07:25:12","date_gmt":"2025-11-13T07:25:12","guid":{"rendered":"https:\/\/www.europesays.com\/fr\/530797\/"},"modified":"2025-11-13T07:25:12","modified_gmt":"2025-11-13T07:25:12","slug":"une-invasion-de-cafards-rend-la-vie-impossible-a-des-locataires","status":"publish","type":"post","link":"https:\/\/www.europesays.com\/fr\/530797\/","title":{"rendered":"une invasion de cafards rend la vie impossible \u00e0 des locataires"},"content":{"rendered":"<p>Vous et moi, on le sait. Parfois, les journalistes ont la main lourde sur les mots. \u00c0 force de les utiliser, ils perdent leur sens. \u00ab\u00a0Invasion\u00a0\u00bb, par exemple, fait partie de ces termes employ\u00e9s \u00e0 tort et \u00e0 travers\u00a0: invasion de touristes, de publicit\u00e9s, de trottinettes \u00e9lectriques.<\/p>\n<p>Pas cette fois-ci, dans cette histoire qui se d\u00e9roule dans un immeuble <a href=\"https:\/\/www.estrepublicain.fr\/environnement\/2024\/02\/06\/les-habitants-de-champ-le-boeuf-confrontes-a-des-nuees-d-etourneaux\" target=\"_blank\" rel=\"noopener\">rue de la Blette<\/a> , \u00e0 Max\u00e9ville. Dans cette&#8230;<\/p>\n","protected":false},"excerpt":{"rendered":"Vous et moi, on le sait. Parfois, les journalistes ont la main lourde sur les mots. \u00c0 force&hellip;\n","protected":false},"author":2,"featured_media":530798,"comment_status":"","ping_status":"","sticky":false,"template":"","format":"standard","meta":{"footnotes":""},"categories":[9635],"tags":[1111,11,1704,1777,674,1011,27,775,1908,10061,10262,1702,12,25,801,104],"class_list":{"0":"post-530797","1":"post","2":"type-post","3":"status-publish","4":"format-standard","5":"has-post-thumbnail","7":"category-nancy","8":"tag-actu","9":"tag-actualites","10":"tag-edition-nancy-et-agglomeration","11":"tag-eu","12":"tag-europe","13":"tag-fr","14":"tag-france","15":"tag-grand-est","16":"tag-logement","17":"tag-maxeville","18":"tag-metropole-du-grand-nancy-54b5","19":"tag-nancy","20":"tag-news","21":"tag-republique-francaise","22":"tag-social","23":"tag-societe"},"share_on_mastodon":{"url":"https:\/\/pubeurope.com\/@fr\/115541201670227592","error":""},"_links":{"self":[{"href":"https:\/\/www.europesays.com\/fr\/wp-json\/wp\/v2\/posts\/530797","targetHints":{"allow":["GET"]}}],"collection":[{"href":"https:\/\/www.europesays.com\/fr\/wp-json\/wp\/v2\/posts"}],"about":[{"href":"https:\/\/www.europesays.com\/fr\/wp-json\/wp\/v2\/types\/post"}],"author":[{"embeddable":true,"href":"https:\/\/www.europesays.com\/fr\/wp-json\/wp\/v2\/users\/2"}],"replies":[{"embeddable":true,"href":"https:\/\/www.europesays.com\/fr\/wp-json\/wp\/v2\/comments?post=530797"}],"version-history":[{"count":0,"href":"https:\/\/www.europesays.com\/fr\/wp-json\/wp\/v2\/posts\/530797\/revisions"}],"wp:featuredmedia":[{"embeddable":true,"href":"https:\/\/www.europesays.com\/fr\/wp-json\/wp\/v2\/media\/530798"}],"wp:attachment":[{"href":"https:\/\/www.europesays.com\/fr\/wp-json\/wp\/v2\/media?parent=530797"}],"wp:term":[{"taxonomy":"category","embeddable":true,"href":"https:\/\/www.europesays.com\/fr\/wp-json\/wp\/v2\/categories?post=530797"},{"taxonomy":"post_tag","embeddable":true,"href":"https:\/\/www.europesays.com\/fr\/wp-json\/wp\/v2\/tags?post=530797"}],"curies":[{"name":"wp","href":"https:\/\/api.w.org\/{rel}","templated":true}]}}