{"id":530809,"date":"2025-11-13T07:32:12","date_gmt":"2025-11-13T07:32:12","guid":{"rendered":"https:\/\/www.europesays.com\/fr\/530809\/"},"modified":"2025-11-13T07:32:12","modified_gmt":"2025-11-13T07:32:12","slug":"seine-maritime-collision-entre-deux-voitures-une-femme-desincarceree","status":"publish","type":"post","link":"https:\/\/www.europesays.com\/fr\/530809\/","title":{"rendered":"Seine-Maritime. Collision entre deux voitures : une femme d\u00e9sincarc\u00e9r\u00e9e"},"content":{"rendered":"<p melodystyle=\"texte\">Un accident de la circulation s&rsquo;est produit mercredi 12\u00a0novembre vers 19h15, route de Bacqueville \u00e0 <a href=\"https:\/\/www.google.com\/maps\/place\/76590+Saint-Crespin\/@49.7639984,1.0709243,11.58z\/data=!4m6!3m5!1s0x47e0bdd13be50f3d:0x40c14484fb67140!8m2!3d49.781984!4d1.112256!16s%2Fm%2F03qgk6c?entry=ttu&amp;g_ep=EgoyMDI1MTExMC4wIKXMDSoASAFQAw%3D%3D\" target=\"_blank\" rel=\"noopener\">Saint-Crespin<\/a>. Deux voitures se sont percut\u00e9es. L&rsquo;une des conductrices, \u00e2g\u00e9e de 43 ans, a d\u00fb \u00eatre d\u00e9sincarc\u00e9r\u00e9e. L\u00e9g\u00e8rement bless\u00e9e, elle a \u00e9t\u00e9 transport\u00e9e sur le centre hospitalier de Dieppe. La passag\u00e8re, sa fille de 15 ans, est indemne. Elle a \u00e9t\u00e9 prise en charge par les pompiers. La conductrice de la deuxi\u00e8me voiture, une jeune femme de 25 ans, est elle aussi indemne. Il n&rsquo;a pas \u00e9t\u00e9 n\u00e9cessaire de l&rsquo;hospitaliser.<\/p>\n<p melodystyle=\"texte\">L&rsquo;intervention a mobilis\u00e9 douze sapeurs-pompiers et quatre engins.<\/p>\n","protected":false},"excerpt":{"rendered":"Un accident de la circulation s&rsquo;est produit mercredi 12\u00a0novembre vers 19h15, route de Bacqueville \u00e0 Saint-Crespin. Deux voitures&hellip;\n","protected":false},"author":2,"featured_media":530810,"comment_status":"","ping_status":"","sticky":false,"template":"","format":"standard","meta":{"footnotes":""},"categories":[9587],"tags":[1111,11,1777,674,1011,27,12,5161,25,9590],"class_list":{"0":"post-530809","1":"post","2":"type-post","3":"status-publish","4":"format-standard","5":"has-post-thumbnail","7":"category-rouen","8":"tag-actu","9":"tag-actualites","10":"tag-eu","11":"tag-europe","12":"tag-fr","13":"tag-france","14":"tag-news","15":"tag-normandie","16":"tag-republique-francaise","17":"tag-rouen"},"share_on_mastodon":{"url":"https:\/\/pubeurope.com\/@fr\/115541229339688148","error":""},"_links":{"self":[{"href":"https:\/\/www.europesays.com\/fr\/wp-json\/wp\/v2\/posts\/530809","targetHints":{"allow":["GET"]}}],"collection":[{"href":"https:\/\/www.europesays.com\/fr\/wp-json\/wp\/v2\/posts"}],"about":[{"href":"https:\/\/www.europesays.com\/fr\/wp-json\/wp\/v2\/types\/post"}],"author":[{"embeddable":true,"href":"https:\/\/www.europesays.com\/fr\/wp-json\/wp\/v2\/users\/2"}],"replies":[{"embeddable":true,"href":"https:\/\/www.europesays.com\/fr\/wp-json\/wp\/v2\/comments?post=530809"}],"version-history":[{"count":0,"href":"https:\/\/www.europesays.com\/fr\/wp-json\/wp\/v2\/posts\/530809\/revisions"}],"wp:featuredmedia":[{"embeddable":true,"href":"https:\/\/www.europesays.com\/fr\/wp-json\/wp\/v2\/media\/530810"}],"wp:attachment":[{"href":"https:\/\/www.europesays.com\/fr\/wp-json\/wp\/v2\/media?parent=530809"}],"wp:term":[{"taxonomy":"category","embeddable":true,"href":"https:\/\/www.europesays.com\/fr\/wp-json\/wp\/v2\/categories?post=530809"},{"taxonomy":"post_tag","embeddable":true,"href":"https:\/\/www.europesays.com\/fr\/wp-json\/wp\/v2\/tags?post=530809"}],"curies":[{"name":"wp","href":"https:\/\/api.w.org\/{rel}","templated":true}]}}