{"id":530811,"date":"2025-11-13T07:33:11","date_gmt":"2025-11-13T07:33:11","guid":{"rendered":"https:\/\/www.europesays.com\/fr\/530811\/"},"modified":"2025-11-13T07:33:11","modified_gmt":"2025-11-13T07:33:11","slug":"un-incendie-se-declare-en-pleine-nuit-dans-un-lotissement-pres-de-rouen","status":"publish","type":"post","link":"https:\/\/www.europesays.com\/fr\/530811\/","title":{"rendered":"Un incendie se d\u00e9clare en pleine nuit dans un lotissement pr\u00e8s de Rouen"},"content":{"rendered":"<p>                    Par<br \/>\n        <strong><br \/>\n            <a href=\"https:\/\/actu.fr\/auteur\/adrien-filoche\" title=\"Consulter tous les articles de Adrien Filoche\" rel=\"nofollow noopener\" target=\"_blank\">Adrien Filoche<\/a><br \/>\n                    <\/strong><\/p>\n<p>        Publi\u00e9 le<\/p>\n<p>            13 nov. 2025 \u00e0 7h36        <\/p>\n<p>Un <strong>incendie<\/strong> s\u2019est d\u00e9clar\u00e9 vers 1h50 dans la nuit du 12 au 13 novembre 2025 sur la commune de <a href=\"https:\/\/actu.fr\/normandie\/vieux-rouen-sur-bresle_76739\" rel=\"nofollow noopener\" target=\"_blank\">Vieux-Rouen-Sur-Bresle (Seine-Maritime)<\/a>, pr\u00e8s d\u2019Aumale. Le feu a touch\u00e9 le lotissement La Houblonni\u00e8re. <strong>Les pompiers sont intervenus sur place.<\/strong><\/p>\n<p>20 pompiers sur place<\/p>\n<p class=\" wall-content\">Sur place, les secours constatent que le feu touche une habitation individuelle du lotissement. L\u2019incendie est cantonn\u00e9 dans une pi\u00e8ce de 20 m\u00b2 de l\u2019habitation. <strong>Le propri\u00e9taire est parvenu \u00e0 quitter les lieux<\/strong> avant l\u2019arriv\u00e9e des pompiers.<\/p>\n<p>    <a href=\"https:\/\/www.google.com\/maps\/embed?pb=!1m18!1m12!1m3!1d4127.8772832824925!2d1.7161103186472593!3d49.83808511018957!2m3!1f0!2f0!3f0!3m2!1i1024!2i768!4f13.1!3m3!1m2!1s0x47e7435240eb168d%3A0x27679d75d127312a!2sLa%20Houblonni%C3%A8re%2C%2076390%20Vieux-Rouen-sur-Bresle!5e0!3m2!1sfr!2sfr!4v1763014958916!5m2!1sfr!2sfr\" title=\"Ouvrie le lien\" rel=\"nofollow noopener\" target=\"_blank\">Cliquez ici pour visualiser le contenu<\/a><\/p>\n<p class=\" wall-content\">20 sapeurs-pompiers et six v\u00e9hicules sont mobilis\u00e9s. Le feu est \u00e9teint \u00e0 l\u2019aide de trois lances \u00e0 incendie. Le bilan d\u00e9finitif transmis par le <strong>Sdis76<\/strong> (Service d\u00e9partemental d\u2019incendie et de secours de la Seine-Maritime) fait \u00e9tat d\u2019une seule victime, un homme de 49 ans.<\/p>\n<p class=\" wall-content\">Il a \u00e9t\u00e9 transport\u00e9 au centre hospitalier d\u2019Abbeville par une ambulance priv\u00e9e.<\/p>\n<p>Vid\u00e9os : en ce moment sur ActuSuivez l\u2019actualit\u00e9 de Rouen sur <a href=\"https:\/\/www.whatsapp.com\/channel\/0029VaKfnf99hXF2ddApFB1D\" rel=\"nofollow noopener\" target=\"_blank\">notre cha\u00eene WhatsApp<\/a> et sur <a href=\"https:\/\/www.tiktok.com\/@76actu.fr?lang=fr\" rel=\"nofollow noopener\" target=\"_blank\">notre compte TikTok<\/a><\/p>\n<p class=\" wall-content\">Personnalisez votre actualit\u00e9 en ajoutant vos villes et m\u00e9dias en favori avec <a href=\"https:\/\/moncompte.actu.fr\" title=\"D\u00e9couvez Mon Actu\" rel=\"nofollow noopener\" data-trk=\"{&quot;cta&quot;:{&quot;action&quot;:&quot;https:\\\/\\\/moncompte.actu.fr&quot;,&quot;category&quot;:&quot;mon compte&quot;,&quot;from&quot;:&quot;article footer&quot;,&quot;name&quot;:&quot;Mon actu&quot;,&quot;type&quot;:&quot;cta&quot;}}\" target=\"_blank\">Mon Actu<\/a>.<\/p>\n<p>                    <script async src=\"\/\/www.tiktok.com\/embed.js\"><\/script><\/p>\n","protected":false},"excerpt":{"rendered":"Par Adrien Filoche Publi\u00e9 le 13 nov. 2025 \u00e0 7h36 Un incendie s\u2019est d\u00e9clar\u00e9 vers 1h50 dans la&hellip;\n","protected":false},"author":2,"featured_media":530812,"comment_status":"","ping_status":"","sticky":false,"template":"","format":"standard","meta":{"footnotes":""},"categories":[9587],"tags":[1111,11,1777,674,118,1011,27,1310,12,5161,1311,25,9590],"class_list":{"0":"post-530811","1":"post","2":"type-post","3":"status-publish","4":"format-standard","5":"has-post-thumbnail","7":"category-rouen","8":"tag-actu","9":"tag-actualites","10":"tag-eu","11":"tag-europe","12":"tag-faits-divers","13":"tag-fr","14":"tag-france","15":"tag-incendie","16":"tag-news","17":"tag-normandie","18":"tag-pompiers","19":"tag-republique-francaise","20":"tag-rouen"},"share_on_mastodon":{"url":"https:\/\/pubeurope.com\/@fr\/115541233034046116","error":""},"_links":{"self":[{"href":"https:\/\/www.europesays.com\/fr\/wp-json\/wp\/v2\/posts\/530811","targetHints":{"allow":["GET"]}}],"collection":[{"href":"https:\/\/www.europesays.com\/fr\/wp-json\/wp\/v2\/posts"}],"about":[{"href":"https:\/\/www.europesays.com\/fr\/wp-json\/wp\/v2\/types\/post"}],"author":[{"embeddable":true,"href":"https:\/\/www.europesays.com\/fr\/wp-json\/wp\/v2\/users\/2"}],"replies":[{"embeddable":true,"href":"https:\/\/www.europesays.com\/fr\/wp-json\/wp\/v2\/comments?post=530811"}],"version-history":[{"count":0,"href":"https:\/\/www.europesays.com\/fr\/wp-json\/wp\/v2\/posts\/530811\/revisions"}],"wp:featuredmedia":[{"embeddable":true,"href":"https:\/\/www.europesays.com\/fr\/wp-json\/wp\/v2\/media\/530812"}],"wp:attachment":[{"href":"https:\/\/www.europesays.com\/fr\/wp-json\/wp\/v2\/media?parent=530811"}],"wp:term":[{"taxonomy":"category","embeddable":true,"href":"https:\/\/www.europesays.com\/fr\/wp-json\/wp\/v2\/categories?post=530811"},{"taxonomy":"post_tag","embeddable":true,"href":"https:\/\/www.europesays.com\/fr\/wp-json\/wp\/v2\/tags?post=530811"}],"curies":[{"name":"wp","href":"https:\/\/api.w.org\/{rel}","templated":true}]}}