{"id":530813,"date":"2025-11-13T07:35:01","date_gmt":"2025-11-13T07:35:01","guid":{"rendered":"https:\/\/www.europesays.com\/fr\/530813\/"},"modified":"2025-11-13T07:35:01","modified_gmt":"2025-11-13T07:35:01","slug":"un-adolescent-grievement-blesse-retrouve-dans-la-rue-les-enqueteurs-dans-le-flou","status":"publish","type":"post","link":"https:\/\/www.europesays.com\/fr\/530813\/","title":{"rendered":"un adolescent gri\u00e8vement bless\u00e9 retrouv\u00e9 dans la rue, les enqu\u00eateurs dans le flou"},"content":{"rendered":"<p>\t\t\t\t\t\t\t\t\t\t\t<img decoding=\"async\" src=\"https:\/\/www.europesays.com\/fr\/wp-content\/uploads\/2025\/11\/1280x720_echirolles-un-adolescent-grievement-blesse-retrouve-dans-la-rue-les-enqueteurs-dans-le-flou.jpeg\" alt=\"Echirolles : un adolescent gri\u00e8vement bless\u00e9 retrouv\u00e9 dans la rue, les enqu\u00eateurs dans le flou\" title=\"Echirolles : un adolescent gri\u00e8vement bless\u00e9 retrouv\u00e9 dans la rue, les enqu\u00eateurs dans le flou\" width=\"1280\" height=\"720\" class=\"img-fluid  mb-3\" loading=\"lazy\"\/>\t\t\t\t\t\t\t\t\t\t\t\t<\/p>\n<p>Echirolles : un adolescent gri\u00e8vement bless\u00e9 retrouv\u00e9 dans la rue, les enqu\u00eateurs dans le flou &#8211; DR<\/p>\n<p>Et plus pr\u00e9cis\u00e9ment avenue des Etats-G\u00e9n\u00e9raux, o\u00f9 un adolescent de 17 ans a \u00e9t\u00e9 retrouv\u00e9 gri\u00e8vement bless\u00e9 \u00e0 la t\u00eate.<\/p>\n<p>Selon le Dauphin\u00e9 Lib\u00e9r\u00e9, il avait pass\u00e9 la soir\u00e9e chez une amie au Pont-de-Claix et rentrait chez lui en trottinette. Parti \u00e0 00h30, il \u00e9tait retrouv\u00e9 inconscient sur la route \u00e0 00h45.<\/p>\n<p>Pris en charge et hospitalis\u00e9, son pronostic vital \u00e9tait engag\u00e9.<\/p>\n<p>A noter que sa trottinette avait disparu.<\/p>\n<p>A-t-il chut\u00e9 seul ? A-t-il \u00e9t\u00e9 percut\u00e9, peut-\u00eatre m\u00eame volontairement pour lui voler sa trottinette ? L&rsquo;enqu\u00eate devra le d\u00e9terminer.<\/p>\n","protected":false},"excerpt":{"rendered":"Echirolles : un adolescent gri\u00e8vement bless\u00e9 retrouv\u00e9 dans la rue, les enqu\u00eateurs dans le flou &#8211; DR Et&hellip;\n","protected":false},"author":2,"featured_media":530814,"comment_status":"","ping_status":"","sticky":false,"template":"","format":"standard","meta":{"footnotes":""},"categories":[9566],"tags":[1111,11,7733,8279,2430,7736,650,7734,2889,2263,1777,674,1011,27,2731,8280,6417,1114,108,4662,12,3725,1825,25,7737],"class_list":{"0":"post-530813","1":"post","2":"type-post","3":"status-publish","4":"format-standard","5":"has-post-thumbnail","7":"category-grenoble","8":"tag-actu","9":"tag-actualites","10":"tag-alpes","11":"tag-alpes1","12":"tag-auvergne-rhone-alpes","13":"tag-cds","14":"tag-cinema","15":"tag-ecoute","16":"tag-emission","17":"tag-equipe","18":"tag-eu","19":"tag-europe","20":"tag-fr","21":"tag-france","22":"tag-grenoble","23":"tag-haute","24":"tag-information","25":"tag-infos","26":"tag-isere","27":"tag-journal","28":"tag-news","29":"tag-podcast","30":"tag-radio","31":"tag-republique-francaise","32":"tag-winamp"},"share_on_mastodon":{"url":"","error":""},"_links":{"self":[{"href":"https:\/\/www.europesays.com\/fr\/wp-json\/wp\/v2\/posts\/530813","targetHints":{"allow":["GET"]}}],"collection":[{"href":"https:\/\/www.europesays.com\/fr\/wp-json\/wp\/v2\/posts"}],"about":[{"href":"https:\/\/www.europesays.com\/fr\/wp-json\/wp\/v2\/types\/post"}],"author":[{"embeddable":true,"href":"https:\/\/www.europesays.com\/fr\/wp-json\/wp\/v2\/users\/2"}],"replies":[{"embeddable":true,"href":"https:\/\/www.europesays.com\/fr\/wp-json\/wp\/v2\/comments?post=530813"}],"version-history":[{"count":0,"href":"https:\/\/www.europesays.com\/fr\/wp-json\/wp\/v2\/posts\/530813\/revisions"}],"wp:featuredmedia":[{"embeddable":true,"href":"https:\/\/www.europesays.com\/fr\/wp-json\/wp\/v2\/media\/530814"}],"wp:attachment":[{"href":"https:\/\/www.europesays.com\/fr\/wp-json\/wp\/v2\/media?parent=530813"}],"wp:term":[{"taxonomy":"category","embeddable":true,"href":"https:\/\/www.europesays.com\/fr\/wp-json\/wp\/v2\/categories?post=530813"},{"taxonomy":"post_tag","embeddable":true,"href":"https:\/\/www.europesays.com\/fr\/wp-json\/wp\/v2\/tags?post=530813"}],"curies":[{"name":"wp","href":"https:\/\/api.w.org\/{rel}","templated":true}]}}