{"id":530817,"date":"2025-11-13T07:37:21","date_gmt":"2025-11-13T07:37:21","guid":{"rendered":"https:\/\/www.europesays.com\/fr\/530817\/"},"modified":"2025-11-13T07:37:21","modified_gmt":"2025-11-13T07:37:21","slug":"lhermitage-un-concert-de-chants-marins-a-lieu-dimanche","status":"publish","type":"post","link":"https:\/\/www.europesays.com\/fr\/530817\/","title":{"rendered":"L&rsquo;Hermitage. Un concert de chants marins a lieu dimanche"},"content":{"rendered":"<p>L\u2019association Le Relais de l\u2019amiti\u00e9 organise, dimanche 16\u00a0novembre, un concert de chants marins.<\/p>\n<p>\u00a0Il sera assur\u00e9 par le groupe Les Cap\u2019horniers de la Rance, bien connu dans la r\u00e9gion, originaire de Dinan et Saint-Malo. Cette formation est compos\u00e9e de douze chanteuses et chanteurs accompagn\u00e9s de quatre musiciens\u00a0, indique Marie Pigeon, pr\u00e9sidente du Relais de l\u2019amiti\u00e9. Le concert aura lieu dans la salle du Vivier, de 15\u00a0h \u00e0 16\u00a0h\u00a030 (tarifs\u00a0: 2\u00a0\u20ac pour les adh\u00e9rents, 5\u00a0\u20ac pour les non-adh\u00e9rents).<\/p>\n<p>Les prochaines dates des \u00e9v\u00e9nements organis\u00e9es par Le Relais de le l\u2019amiti\u00e9 sont\u00a0: le 9\u00a0d\u00e9cembre avec un cours d\u2019art floral pour faire des compositions de No\u00ebl, l\u2019apr\u00e8s-midi, aura lieu une conf\u00e9rence sur les orchid\u00e9es avec Andr\u00e9 Guillemot, \u00e0 la salle de la Commanderie. Le 13\u00a0d\u00e9cembre aura lieu le grand repas de No\u00ebl, dans la salle Le Maout, avec danse et musique, anim\u00e9 par Serge Briand\u2026<\/p>\n<p>\u00a0<\/p>\n","protected":false},"excerpt":{"rendered":"L\u2019association Le Relais de l\u2019amiti\u00e9 organise, dimanche 16\u00a0novembre, un concert de chants marins. \u00a0Il sera assur\u00e9 par le&hellip;\n","protected":false},"author":2,"featured_media":530818,"comment_status":"","ping_status":"","sticky":false,"template":"","format":"standard","meta":{"footnotes":""},"categories":[2821],"tags":[1111,11,829,1777,674,1011,27,1577,12,584,25],"class_list":{"0":"post-530817","1":"post","2":"type-post","3":"status-publish","4":"format-standard","5":"has-post-thumbnail","7":"category-rennes","8":"tag-actu","9":"tag-actualites","10":"tag-bretagne","11":"tag-eu","12":"tag-europe","13":"tag-fr","14":"tag-france","15":"tag-l","16":"tag-news","17":"tag-rennes","18":"tag-republique-francaise"},"share_on_mastodon":{"url":"https:\/\/pubeurope.com\/@fr\/115541248980415048","error":""},"_links":{"self":[{"href":"https:\/\/www.europesays.com\/fr\/wp-json\/wp\/v2\/posts\/530817","targetHints":{"allow":["GET"]}}],"collection":[{"href":"https:\/\/www.europesays.com\/fr\/wp-json\/wp\/v2\/posts"}],"about":[{"href":"https:\/\/www.europesays.com\/fr\/wp-json\/wp\/v2\/types\/post"}],"author":[{"embeddable":true,"href":"https:\/\/www.europesays.com\/fr\/wp-json\/wp\/v2\/users\/2"}],"replies":[{"embeddable":true,"href":"https:\/\/www.europesays.com\/fr\/wp-json\/wp\/v2\/comments?post=530817"}],"version-history":[{"count":0,"href":"https:\/\/www.europesays.com\/fr\/wp-json\/wp\/v2\/posts\/530817\/revisions"}],"wp:featuredmedia":[{"embeddable":true,"href":"https:\/\/www.europesays.com\/fr\/wp-json\/wp\/v2\/media\/530818"}],"wp:attachment":[{"href":"https:\/\/www.europesays.com\/fr\/wp-json\/wp\/v2\/media?parent=530817"}],"wp:term":[{"taxonomy":"category","embeddable":true,"href":"https:\/\/www.europesays.com\/fr\/wp-json\/wp\/v2\/categories?post=530817"},{"taxonomy":"post_tag","embeddable":true,"href":"https:\/\/www.europesays.com\/fr\/wp-json\/wp\/v2\/tags?post=530817"}],"curies":[{"name":"wp","href":"https:\/\/api.w.org\/{rel}","templated":true}]}}