{"id":530819,"date":"2025-11-13T07:38:15","date_gmt":"2025-11-13T07:38:15","guid":{"rendered":"https:\/\/www.europesays.com\/fr\/530819\/"},"modified":"2025-11-13T07:38:15","modified_gmt":"2025-11-13T07:38:15","slug":"des-places-a-gagner-pour-le-match-du-rcv-a-rennes-un-salon-du-chocolat-qui-cartonne-un-peu-trop-un-exercice-militaire-grandeur-nature-bonjour-vannes","status":"publish","type":"post","link":"https:\/\/www.europesays.com\/fr\/530819\/","title":{"rendered":"Des places \u00e0 gagner pour le match du RCV \u00e0 Rennes, un Salon du chocolat qui cartonne (un peu trop\u00a0?), un exercice militaire grandeur nature\u2026 Bonjour Vannes\u00a0!"},"content":{"rendered":"<p>M\u00e9t\u00e9o\u00a0: doux mais gris\u00a0!<\/p>\n<p>Dans la vie, on ne peut pas tout avoir. Alors que les temp\u00e9ratures de ce jeudi 13 novembre devraient \u00eatre plut\u00f4t agr\u00e9ables, le ciel sera quant \u00e0 lui bien gris, bien nuageux. Le tout avec la possibilit\u00e9 de quelques gouttes dans la journ\u00e9e. <a href=\"https:\/\/www.letelegramme.fr\/bretagne\/meteo-en-bretagne-un-temps-doux-et-pluvieux-ce-jeudi-6927844.php\" title=\"www.letelegramme.fr\" target=\"_blank\" rel=\"noopener\">Plus de pr\u00e9visions par ici<\/a><\/p>\n<p>Circulation\u00a0: un accident au niveau de Questembert<\/p>\n<p>\u00c0 8\u00a0h\u00a015, Bison Fut\u00e9 ne faisait pas \u00e9tat de ralentissements particuliers sur les axes routiers pr\u00e8s de Vannes. N\u00e9anmoins, un accident a \u00e9t\u00e9 signal\u00e9 ce jeudi matin, vers 8\u00a0h, pr\u00e8s de Questembert, sur la D775, pr\u00e8s du giratoire du Petit-Molac.<\/p>\n<p>Le parc Chorus est-il trop petit pour le Salon du chocolat\u00a0?<\/p>\n<p>Pour sa 26e \u00e9dition, le Salon du chocolat, \u00e0 Vannes, a fait le plein de visiteurs\u00a0: 25\u00a0000 entr\u00e9es. Une ann\u00e9e tr\u00e8s r\u00e9ussie \u00e0 un petit d\u00e9tail pr\u00e8s. D\u00e9sormais, \u00ab\u00a0on est \u00e0 l\u2019\u00e9troit \u00e0 Chorus, il faut qu\u2019on trouve des solutions\u00a0\u00bb, nous a expliqu\u00e9 l\u2019organisateur. <a href=\"https:\/\/www.letelegramme.fr\/morbihan\/vannes-56000\/on-est-a-letroit-a-chorus-il-faut-quon-trouve-des-solutions-le-salon-du-chocolat-de-vannes-veut-sagrandir-6927041.php\" title=\"www.letelegramme.fr\" target=\"_blank\" rel=\"noopener\">Un article de S\u00e9bastien Pouquet<\/a><\/p>\n<p>La photographe Juliette Pavy en conf\u00e9rence au Palais des arts<\/p>\n<p>Dans le cadre de son exposition \u00ab\u00a0Sous la glace de l\u2019Arctique, le mercure\u00a0\u00bb, la photographe vannetaise Juliette Pavy donne une conf\u00e9rence de presse gratuite ce jeudi, \u00e0 18\u00a0h, au Palais des arts. <a href=\"https:\/\/www.letelegramme.fr\/morbihan\/vannes-56000\/a-vannes-la-photographe-juliette-pavy-en-conference-au-palais-des-arts-ce-jeudi-13-novembre-6926078.php\" title=\"www.letelegramme.fr\" target=\"_blank\" rel=\"noopener\">Plus d\u2019informations<\/a><\/p>\n<p><img decoding=\"async\" src=\"https:\/\/www.europesays.com\/fr\/wp-content\/uploads\/2025\/11\/69158664d3416e8d500459a0.1.jpeg\" width=\"480\" height=\"300\" class=\"web_golden_m\" loading=\"lazy\" alt=\"Des places \u00e0 gagner pour le match du RCV \u00e0 Rennes, un Salon du chocolat qui cartonne (un peu trop\u00a0?), un exercice militaire grandeur nature\u2026 Bonjour Vannes\u00a0!\"\/> (Catherine Lozac\u2019h\/Le T\u00e9l\u00e9gramme)Deux places \u00e0 gagner pour le match du RCV \u00e0 Rennes<\/p>\n<p>Pour le match d\u00e9localis\u00e9 du RCV au Roazhon Park, pr\u00e9vu ce dimanche 16 novembre, les places ont toutes \u00e9t\u00e9 vendues en seulement trente minutes. Au grand dam de nombreux spectateurs. Mais aujourd\u2019hui, on vous offre une ultime chance avec un jeu-concours pour obtenir deux places. Les r\u00e8gles\u00a0: <a href=\"https:\/\/mon-compte.letelegramme.fr\/newsletters\/landing\/rc_vannes?utm_content=photo&amp;utm_term=letelegramme.vannes&amp;utm_campaign=facebook&amp;utm_source=nonli&amp;utm_medium=Social\" title=\"mon-compte.letelegramme.fr\" target=\"_blank\" rel=\"noopener\">s\u2019inscrire \u00e0 la newsletter du RCV et attendre le tirage au sort, \u00e0 12\u00a0h<\/a>.<\/p>\n<p>\u00c0 noter dans vos agendas\u00a0: un exercice militaire la semaine prochaine<\/p>\n<p>Du 18 au 20 novembre, un impressionnant exercice militaire grandeur nature va se d\u00e9rouler sur le territoire du golfe du Morbihan avec des raids nautiques, saisies de plages, d\u00e9ploiements de drones, missions d\u2019infiltration et d\u2019exfiltration entre Vannes, S\u00e9n\u00e9, Arzon, Le Bono et l\u2019\u00cele-aux-Moines. <a href=\"https:\/\/www.letelegramme.fr\/morbihan\/vannes-56000\/entretenir-les-savoir-faire-techniques-et-tactiques-du-combat-nautique-les-militaires-du-3e-rima-en-exercice-grandeur-nature-dans-le-golfe-du-morbihan-du-18-au-20-novembre-6926916.php\" title=\"www.letelegramme.fr\" target=\"_blank\" rel=\"noopener\">Explications<\/a><\/p>\n","protected":false},"excerpt":{"rendered":"M\u00e9t\u00e9o\u00a0: doux mais gris\u00a0! Dans la vie, on ne peut pas tout avoir. Alors que les temp\u00e9ratures de&hellip;\n","protected":false},"author":2,"featured_media":530820,"comment_status":"","ping_status":"","sticky":false,"template":"","format":"standard","meta":{"footnotes":""},"categories":[2821],"tags":[1111,11,829,1777,674,1011,27,12,584,25,3165],"class_list":{"0":"post-530819","1":"post","2":"type-post","3":"status-publish","4":"format-standard","5":"has-post-thumbnail","7":"category-rennes","8":"tag-actu","9":"tag-actualites","10":"tag-bretagne","11":"tag-eu","12":"tag-europe","13":"tag-fr","14":"tag-france","15":"tag-news","16":"tag-rennes","17":"tag-republique-francaise","18":"tag-vannes"},"share_on_mastodon":{"url":"https:\/\/pubeurope.com\/@fr\/115541253948029039","error":""},"_links":{"self":[{"href":"https:\/\/www.europesays.com\/fr\/wp-json\/wp\/v2\/posts\/530819","targetHints":{"allow":["GET"]}}],"collection":[{"href":"https:\/\/www.europesays.com\/fr\/wp-json\/wp\/v2\/posts"}],"about":[{"href":"https:\/\/www.europesays.com\/fr\/wp-json\/wp\/v2\/types\/post"}],"author":[{"embeddable":true,"href":"https:\/\/www.europesays.com\/fr\/wp-json\/wp\/v2\/users\/2"}],"replies":[{"embeddable":true,"href":"https:\/\/www.europesays.com\/fr\/wp-json\/wp\/v2\/comments?post=530819"}],"version-history":[{"count":0,"href":"https:\/\/www.europesays.com\/fr\/wp-json\/wp\/v2\/posts\/530819\/revisions"}],"wp:featuredmedia":[{"embeddable":true,"href":"https:\/\/www.europesays.com\/fr\/wp-json\/wp\/v2\/media\/530820"}],"wp:attachment":[{"href":"https:\/\/www.europesays.com\/fr\/wp-json\/wp\/v2\/media?parent=530819"}],"wp:term":[{"taxonomy":"category","embeddable":true,"href":"https:\/\/www.europesays.com\/fr\/wp-json\/wp\/v2\/categories?post=530819"},{"taxonomy":"post_tag","embeddable":true,"href":"https:\/\/www.europesays.com\/fr\/wp-json\/wp\/v2\/tags?post=530819"}],"curies":[{"name":"wp","href":"https:\/\/api.w.org\/{rel}","templated":true}]}}