{"id":530825,"date":"2025-11-13T07:41:21","date_gmt":"2025-11-13T07:41:21","guid":{"rendered":"https:\/\/www.europesays.com\/fr\/530825\/"},"modified":"2025-11-13T07:41:21","modified_gmt":"2025-11-13T07:41:21","slug":"philippe-renaudi-recoit-la-legion-dhonneur","status":"publish","type":"post","link":"https:\/\/www.europesays.com\/fr\/530825\/","title":{"rendered":"Philippe Renaudi re\u00e7oit la L\u00e9gion d\u2019honneur"},"content":{"rendered":"<p>                    <img loading=\"lazy\" decoding=\"async\" src=\"https:\/\/www.europesays.com\/fr\/wp-content\/uploads\/2025\/11\/2e61bf070c9a073fec0f316ce42965.png\" class=\"img-responsive post-image\" width=\"680\" height=\"510\" alt=\"Philippe Renaudi re\u00e7oit\" title=\" Philippe Renaudi re\u00e7oit la L\u00e9gion d'honneur\"\/><\/p>\n<p class=\"chapo\">Philippe Renaudi, entrepreneur azur\u00e9en et ancien pr\u00e9sident de l\u2019UPE06, a re\u00e7u mercredi soir la L\u00e9gion d\u2019honneur, insigne qui lui a \u00e9t\u00e9 remis par le pr\u00e9sident du MEDEF Patrick Martin devant plus d\u2019une centaine de personnes au centre d\u2019affaires de l\u2019a\u00e9roport Nice C\u00f4te d\u2019Azur.<\/p>\n<p>\u00ab\u00a0B\u00e2tir est dans ton ADN et tu en as fait ton m\u00e9tier\u00a0\u00bb, a relev\u00e9 <strong>Patrick Martin<\/strong> dans son discours. \u00ab\u00a0Entrepreneur tourn\u00e9 vers l\u2019avenir, acteur de la r\u00e9ussite de ton territoire et de ses entreprises, militant convaincu de leur r\u00f4le \u00e9minent dans la bonne marche du pays, c\u2019est pour l\u2019ensemble de ces m\u00e9rites que la R\u00e9publique a tenu \u00e0 te distinguer\u00a0\u00bb.<\/p>\n<p>\u00ab\u00a0Etre distingu\u00e9 par la R\u00e9publique fran\u00e7aise au nom du service rendu \u00e0 notre pays d\u00e9passe la reconnaissance individuelle\u00a0\u00bb, a d\u00e9clar\u00e9 Philippe Renaudi apr\u00e8s avoir re\u00e7u la distinction. \u00ab\u00a0C\u2019est un hommage \u00e0 une aventure collective, familiale, \u00e0 un engagement partag\u00e9 et \u00e0 un id\u00e9al auquel je crois profond\u00e9ment, celui d\u2019entreprendre au service de l\u2019int\u00e9r\u00eat g\u00e9n\u00e9ral\u00a0\u00bb.<\/p>\n<p>Philippe Renaudi, pr\u00e9sident du groupe de BTP Renaudi, avait \u00e9t\u00e9 promu au grade de Chevalier dans l\u2019Ordre national de la L\u00e9gion d\u2019honneur par d\u00e9cret du pr\u00e9sident de la R\u00e9publique dat\u00e9 du 11 juillet 2025, sur le contingent du minist\u00e8re de l\u2019Economie et des Finances.<\/p>\n<p> <a href=\"https:\/\/www.europesays.com\/fr\/wp-content\/uploads\/2025\/11\/venijpg.jpg\" class=\"spip_doc_lien mediabox\" type=\"image\/jpeg\"><br \/>\n\t\t<img loading=\"lazy\" decoding=\"async\" src=\"https:\/\/www.europesays.com\/fr\/wp-content\/uploads\/2025\/11\/venijpg.jpg\" width=\"1024\" height=\"768\" alt=\"\"\/><\/a><\/p>\n<p>\u00a9SG<\/p>\n","protected":false},"excerpt":{"rendered":"Philippe Renaudi, entrepreneur azur\u00e9en et ancien pr\u00e9sident de l\u2019UPE06, a re\u00e7u mercredi soir la L\u00e9gion d\u2019honneur, insigne qui&hellip;\n","protected":false},"author":2,"featured_media":530826,"comment_status":"","ping_status":"","sticky":false,"template":"","format":"standard","meta":{"footnotes":""},"categories":[2819],"tags":[1111,11,2408,1777,674,1011,27,12,2401,882,25],"class_list":{"0":"post-530825","1":"post","2":"type-post","3":"status-publish","4":"format-standard","5":"has-post-thumbnail","7":"category-nice","8":"tag-actu","9":"tag-actualites","10":"tag-appels-d","11":"tag-eu","12":"tag-europe","13":"tag-fr","14":"tag-france","15":"tag-news","16":"tag-nice","17":"tag-provence-alpes-cote-dazur","18":"tag-republique-francaise"},"share_on_mastodon":{"url":"https:\/\/pubeurope.com\/@fr\/115541265309605727","error":""},"_links":{"self":[{"href":"https:\/\/www.europesays.com\/fr\/wp-json\/wp\/v2\/posts\/530825","targetHints":{"allow":["GET"]}}],"collection":[{"href":"https:\/\/www.europesays.com\/fr\/wp-json\/wp\/v2\/posts"}],"about":[{"href":"https:\/\/www.europesays.com\/fr\/wp-json\/wp\/v2\/types\/post"}],"author":[{"embeddable":true,"href":"https:\/\/www.europesays.com\/fr\/wp-json\/wp\/v2\/users\/2"}],"replies":[{"embeddable":true,"href":"https:\/\/www.europesays.com\/fr\/wp-json\/wp\/v2\/comments?post=530825"}],"version-history":[{"count":0,"href":"https:\/\/www.europesays.com\/fr\/wp-json\/wp\/v2\/posts\/530825\/revisions"}],"wp:featuredmedia":[{"embeddable":true,"href":"https:\/\/www.europesays.com\/fr\/wp-json\/wp\/v2\/media\/530826"}],"wp:attachment":[{"href":"https:\/\/www.europesays.com\/fr\/wp-json\/wp\/v2\/media?parent=530825"}],"wp:term":[{"taxonomy":"category","embeddable":true,"href":"https:\/\/www.europesays.com\/fr\/wp-json\/wp\/v2\/categories?post=530825"},{"taxonomy":"post_tag","embeddable":true,"href":"https:\/\/www.europesays.com\/fr\/wp-json\/wp\/v2\/tags?post=530825"}],"curies":[{"name":"wp","href":"https:\/\/api.w.org\/{rel}","templated":true}]}}