{"id":530829,"date":"2025-11-13T07:43:15","date_gmt":"2025-11-13T07:43:15","guid":{"rendered":"https:\/\/www.europesays.com\/fr\/530829\/"},"modified":"2025-11-13T07:43:15","modified_gmt":"2025-11-13T07:43:15","slug":"les-dessous-dun-projet-qui-nen-finit-pas-de-diviser","status":"publish","type":"post","link":"https:\/\/www.europesays.com\/fr\/530829\/","title":{"rendered":"les dessous d\u2019un projet qui n\u2019en finit pas de diviser"},"content":{"rendered":"<p>Capuches sur la t\u00eate, prot\u00e9g\u00e9s par des capes de pluie, ils sont une quinzaine \u00e0 avoir brav\u00e9 des trombes d\u2019eau pour explorer le Champ de Man\u0153uvre, \u00e0 la lisi\u00e8re de Nantes et de Carquefou. Ce jour\u2010l\u00e0, c\u2019est Guillaume, membre de l\u2019Association des riverains amis de la Beaujoire (Aralb), qui m\u00e8ne la visite. Il pr\u00e9vient\u00a0: \u00ab\u202f\u00e7a ne va pas \u00eatre une balade joyeuse\u202f\u00bb dans \u00ab\u202fun des rares poumons verts du secteur nord de Nantes\u202f\u00bb. Tout au long du chemin, dans les all\u00e9es de v\u00e9g\u00e9tation humide, le riverain d\u00e9taille aussi l\u2019avenir du\u00a0site.<\/p>\n<p>D\u2019abord, l\u2019ablation d\u2019une trentaine d\u2019hectares au profit <a href=\"https:\/\/www.nantes-amenagement.fr\/projet\/champ-de-manoeuvre\/\" target=\"_blank\" rel=\"noopener\">d\u2019un projet urbain<\/a> de 2 000 logements men\u00e9 par la M\u00e9tropole, dans le cadre de la ZAC Erdre\u2010Porterie. Ensuite et surtout, la construction, voulue par le minist\u00e8re de l\u2019Int\u00e9rieur, d\u2019un centre de r\u00e9tention administrative (CRA) d\u2019ici \u00e0 2027. Ce centre est destin\u00e9 \u00e0 enfermer pendant au maximum 90 jours, sur d\u00e9cision pr\u00e9fectorale, des migrants en situation irr\u00e9guli\u00e8re dans l\u2019attente d\u2019une expulsion.<\/p>\n<p>Dot\u00e9 de 140 places et d\u2019un budget de pr\u00e8s de 40 millions d\u2019euros par l\u2019Etat \u2013 pour l\u2019\u00e9dification et les quatre premi\u00e8res ann\u00e9es d\u2019exploitation \u2013 il devrait \u00eatre l\u2019un des plus importants de France. Dans l\u2019Ouest, il n\u2019existe actuellement qu\u2019un seul \u00e9tablissement de ce type, \u00e0 Rennes.<\/p>\n<blockquote class=\"wp-embedded-content\" data-secret=\"8TjBvkv1rX\">\n<p><a href=\"https:\/\/www.mediacites.fr\/breve\/nantes\/2025\/05\/22\/lopposition-au-cra-grossit-a-nantes-des-situations-inhumaines-relevees-partout-en-france\/\" target=\"_blank\" rel=\"noopener\">L\u2019opposition au CRA grossit \u00e0 Nantes, des situations \u00ab\u202finhumaines\u202f\u00bb relev\u00e9es partout en France<\/a><\/p>\n<\/blockquote>\n<p>Depuis son annonce, le projet nantais divise aussi bien les habitants que le monde politique. Lanc\u00e9e en 2024, la coordination <a href=\"#annexe-0\" class=\"annexe-link\" data-refers-to=\"0\">Col\u00e8re<\/a> qui associe syndicats, associations et partis, de la gauche \u00e0 la gauche radicale, <a href=\"https:\/\/www.mediacites.fr\/breve\/nantes\/2025\/05\/22\/lopposition-au-cra-grossit-a-nantes-des-situations-inhumaines-relevees-partout-en-france\/\" target=\"_blank\" rel=\"noopener\">multiplie les actions<\/a> contre le futur CRA. Les rangs des opposants ont \u00e9t\u00e9 grossis <a href=\"https:\/\/www.ouest-france.fr\/pays-de-la-loire\/nantes-44000\/projet-de-centre-de-retention-a-nantes-notre-silence-est-une-reponse-aux-elus-qui-le-defendent-c981b196-bb00-11f0-a456-5b350733c580\" target=\"_blank\" rel=\"noopener\">par l\u2019arriv\u00e9e r\u00e9cente<\/a> de cinq organisations chr\u00e9tiennes, dont le Secours catholique. \u00ab\u202fNous pressentons que les conditions de vie en r\u00e9tention ne seront pas respectueuses de la dignit\u00e9 des personnes\u202f\u00bb, d\u00e9nonce Marie Prouvost, responsable de la Pastorale des migrants du dioc\u00e8se de Nantes.\u00a0<\/p>\n<p>\u00a0\u00ab\u202fOn peut d\u00e9plorer la situation, mais la responsabilit\u00e9 politique nous impose de dire la v\u00e9rit\u00e9. L\u2019administration a besoin de ce dispositif pour une probl\u00e9matique bien r\u00e9elle. Je r\u00eave aussi d\u2019un monde o\u00f9 les lieux de privation de libert\u00e9 seraient inutiles\u2026 \u00bb, r\u00e9agit de son c\u00f4t\u00e9 Mounir Belhamiti, \u00e9lu nantais Renaissance.<\/p>\n<p><b>\u00ab\u202fUn CRA en \u00e9change de\u00a0CRS\u202f\u00bb<\/b><\/p>\n<p>Depuis l\u2019origine, la macronie comme LR soutiennent le projet, d\u00e9voil\u00e9 \u00e0 un moment tr\u00e8s particulier. Le 4 octobre 2022, le ministre de l\u2019Int\u00e9rieur G\u00e9rald Darmanin annonce, au d\u00e9tour d\u2019un <a href=\"https:\/\/x.com\/Johanna_Rolland\/status\/1577355795636830212\">communiqu\u00e9 de presse commun<\/a> sign\u00e9 avec Johanna Rolland, avoir d\u00e9cid\u00e9 \u00ab\u202fl\u2019installation d\u2019un centre de r\u00e9tention administrative dans le d\u00e9partement de la Loire\u2010Atlantique dans les d\u00e9lais les plus rapides\u202f\u00bb. Re\u00e7ue en urgence \u00e0 Beauvau, la maire PS vient alors notamment d\u2019obtenir l\u2019envoi <a href=\"#annexe-1\" class=\"annexe-link\" data-refers-to=\"1\">de 80 CRS de plus<\/a> \u00e0 Nantes apr\u00e8s deux semaines de flamb\u00e9e m\u00e9diatique nationale g\u00e9n\u00e9r\u00e9e par une s\u00e9rie de faits divers sordides. Et reste mutique sur le\u00a0CRA.\u00a0<\/p>\n<p>\u00ab\u202fJohanna Rolland l\u00e2che \u00e0 G\u00e9rald Darmanin sa construction, qui fait le lien entre immigration et ins\u00e9curit\u00e9, en \u00e9change de CRS\u202f\u00bb, <a href=\"#annexe-2\" class=\"annexe-link\" data-refers-to=\"2\">attaque alors la gauche radicale<\/a>. \u00ab\u202fCes annonces sont incompatibles avec les valeurs que nous d\u00e9fendons\u202f\u00bb, embrayent les \u00e9lus \u00e9cologistes de sa majorit\u00e9. Ces derniers s\u2019affichent d\u2019ailleurs en premi\u00e8re ligne des opposants au projet. \u00ab\u202fTant qu\u2019il n\u2019y a pas de pelleteuse, que le b\u00e2timent n\u2019est pas sorti de terre, il faut utiliser tous les moyens pour s\u2019opposer \u00e0 ce projet\u202f\u00bb, assume Marie Vitoux, leur cheffe de file. Qui se targue d\u2019une \u00ab\u202fpremi\u00e8re victoire\u202f\u00bb.\u00a0<\/p>\n<p>En effet, le 10 juillet dernier, Johanna Rolland sort finalement <a href=\"https:\/\/www.mediacites.fr\/decryptage\/nantes\/2025\/07\/17\/cra-a-nantes-la-candidate-johanna-rolland-sy-oppose-apres-le-silence-de-la-maire\/\" target=\"_blank\" rel=\"noopener\">d\u2019un silence de pr\u00e8s de trois ans<\/a> pour dire \u00ab [son] opposition de principe, dans le pays, aux CRA\u202f[\u2026] comme responsable politique de gauche, comme femme, comme citoyenne\u202f\u00bb. Mais pas comme maire\u2026 \u00ab\u202fEn tant que maire, je n\u2019ai pas de levier juridique pour m\u2019y opposer\u202f\u00bb, r\u00e9p\u00e8te la socialiste [Lire ci\u2010apr\u00e8s] le 15 octobre dernier, au moment <a href=\"https:\/\/www.mediacites.fr\/decryptage\/nantes\/2025\/10\/16\/en-salliant-a-johanna-rolland-les-ecologistes-choisissent-la-securite-electorale\/\" target=\"_blank\" rel=\"noopener\">d\u2019officialiser son alliance<\/a> d\u00e8s le premier tour avec les \u00e9cologistes.<\/p>\n<p><img loading=\"lazy\" decoding=\"async\" class=\"wp-image-418765 size-medium\" src=\"https:\/\/www.europesays.com\/fr\/wp-content\/uploads\/2025\/11\/IMG_3721-600x400.jpg\" alt=\"\" width=\"600\" height=\"400\"  \/>Balade organis\u00e9e sur le site du futur CRA par l\u2019Association des riverains amis de la<br \/>Beaujoire, qui s\u2019oppose \u00e0 sa construction. Photo\u00a0: Marie Gr\u00e9co \/ Mediacit\u00e9s<br \/>\n<b>200 policiers et 52 intervenants<\/b><\/p>\n<p>Sur le terrain, la pr\u00e9paration de la construction du CRA avance doucement. Le centre pourrait finalement \u00eatre inaugur\u00e9 apr\u00e8s 2027. Le projet fait partie du \u00ab\u202fplan CRA\u202f\u00bb national lanc\u00e9 par le minist\u00e8re de l\u2019Int\u00e9rieur en 2017. Dans une premi\u00e8re phase, le parc est pass\u00e9 de 1 488 \u00e0 1 869 places, au gr\u00e9 d\u2019am\u00e9nagements et d\u2019extensions dans six villes et de l\u2019ouverture d\u2019un deuxi\u00e8me CRA \u00e0 Lyon. La dur\u00e9e maximale de r\u00e9tention a parall\u00e8lement \u00e9t\u00e9 port\u00e9e \u00e0 90\u00a0jours.<\/p>\n<p>En 2022, G\u00e9rald Darmanin, nouveau ministre de l\u2019Int\u00e9rieur, a dessin\u00e9 les contours de la deuxi\u00e8me phase du \u00ab\u202fplan CRA\u202f\u00bb\u00a0: construire des centres pour atteindre un total de 3 000 places en France d\u2019ici \u00e0 2027. Succ\u00e9dant \u00e0 G\u00e9rald Darmanin, Bruno Retailleau fait aussi du <a href=\"https:\/\/actu.fr\/grand-est\/metz_57463\/bruno-retailleau-annonce-la-creation-de-nouvelles-places-au-centre-de-retention-administrative-de-metz_62590891.html\" target=\"_blank\" rel=\"noopener\">\u00ab\u202frenforcement\u202fdes CRA\u202f\u00bb<\/a> un des axes majeurs <a href=\"#annexe-3\" class=\"annexe-link\" data-refers-to=\"3\">de sa politique<\/a>. 240 millions d\u2019euros doivent \u00eatre investis sur quatre ans. Sept nouveaux CRA de 140 places sont programm\u00e9s. Nantes figure donc dans la liste, au c\u00f4t\u00e9 notamment de Dijon, Dunkerque ou Bordeaux (d\u00e8s\u00a02026).\u00a0<\/p>\n<blockquote class=\"wp-embedded-content\" data-secret=\"cdiiky5u2P\">\n<p><a href=\"https:\/\/www.mediacites.fr\/decryptage\/nantes\/2025\/07\/17\/cra-a-nantes-la-candidate-johanna-rolland-sy-oppose-apres-le-silence-de-la-maire\/\" target=\"_blank\" rel=\"noopener\">CRA \u00e0 Nantes\u00a0:  la candidate Johanna Rolland s\u2019y oppose apr\u00e8s le silence de la\u00a0maire<\/a><\/p>\n<\/blockquote>\n<p>L\u2019\u00e9lu macroniste Mounir Belhamiti estime que Nantes M\u00e9tropole devrait accompagner l\u2019\u00c9tat pour cette implantation locale. \u00ab\u202fJe ne suis pas un ayatollah des CRA, mais d\u00e8s lors qu\u2019on consid\u00e8re qu\u2019il faut accueillir ces personnes dans des conditions humainement d\u00e9centes, avoir un \u00e9quipement neuf est essentiel\u202f\u00bb, estime l\u2019ancien d\u00e9put\u00e9. \u00ab\u202fSa construction est n\u00e9cessaire pour faire appliquer la loi\u202f\u00bb, mart\u00e8le pour sa part Foulques Chombart de Lauwe, le candidat LR qui d\u00e9fie Johanna Rolland aux \u00e9lections municipales.<\/p>\n<p>Ce qui n\u2019est donc pas l\u2019avis d\u00e9sormais de la maire\u2010pr\u00e9sidente sortante, m\u00eame si elle affirme ne pouvoir s\u2019y opposer l\u00e9galement. Interrog\u00e9e, Nantes M\u00e9tropole pr\u00e9cise \u00ab\u202fqu\u2019aucune incompatibilit\u00e9 n\u2019ayant \u00e9t\u00e9 relev\u00e9e [avec les r\u00e8gles du <a href=\"#annexe-4\" class=\"annexe-link\" data-refers-to=\"4\">PLUm<\/a>], la collectivit\u00e9 n\u2019avait aucune capacit\u00e9 juridique \u00e0 s\u2019opposer \u00e0 ce certificat d\u00e9pos\u00e9 et instruit par les services de l\u2019\u00c9tat pour un projet port\u00e9 par l\u2019\u00c9tat, sur un terrain lui appartenant\u202f\u00bb.\u00a0<\/p>\n<p>Le CRA nantais pr\u00e9voit un effectif de 200 policiers ainsi que 52 intervenants ext\u00e9rieurs (associations, infirmerie, cuisine, nettoyage). Le budget de 40 millions d\u2019euros n\u2019int\u00e8gre d\u2019ailleurs pas leurs salaires, ni ceux des personnels judiciaires. L\u2019appel d\u2019offres pour la construction <a href=\"https:\/\/www.marchesonline.com\/appels-offres\/avis\/construction-d-un-centre-de-retention-administratif-c\/ao-9358101-1\" target=\"_blank\" rel=\"noopener\">lanc\u00e9 en janvier<\/a> a succ\u00e9d\u00e9 \u00e0 une longue recherche pour trouver le bon terrain d\u2019implantation<\/p>\n<p><b>Bouguenais, premier site \u00e9cart\u00e9<\/b><\/p>\n<p>Avant de se positionner sur le Champ de Man\u0153uvre, au sud du quartier de Saint\u2010Joseph de Porterie, l\u2019\u00c9tat lorgnait sur une zone \u00e0 proximit\u00e9 de l\u2019a\u00e9roport de Nantes\u2010Atlantique, \u00e0 Bouguenais. La maire Sandra Imp\u00e9riale (divers droite), a directement affich\u00e9 son refus en conseil municipal en juin 2023. \u00ab\u202fUn tel centre de r\u00e9tention administrative, cr\u00e9\u00e9 par l\u2019\u00c9tat au titre de sa politique migratoire, ne constitue pas pour nous une solution. (\u2026) Sur le plan de la fermet\u00e9, il s\u2019agit d\u2019une impasse. (\u2026) Sur le plan de l\u2019humanit\u00e9, cette d\u00e9tention administrative s\u2019effectue dans des conditions indignes\u202f\u00bb.<\/p>\n<p>Contact\u00e9e par Mediacit\u00e9s, l\u2019\u00e9dile pr\u00e9cise avoir re\u00e7u, quelques mois apr\u00e8s l\u2019annonce de G\u00e9rald Darmanin fin 2022, un appel de l\u2019ancien pr\u00e9fet de Loire\u2010Atlantique, Didier Martin. Elle explique avoir \u00ab\u202ffait savoir tr\u00e8s vite que le terrain [propri\u00e9t\u00e9 de l\u2019\u00c9tat, NDLR] envisag\u00e9 se trouvait \u00e0 proximit\u00e9 de l\u2019Universit\u00e9 Gustave Eiffel, qui pr\u00e9voyait <a href=\"https:\/\/www.ouest-france.fr\/pays-de-la-loire\/nantes-44000\/batir-un-campus-de-10-000-m2-l-ambition-de-l-universite-gustave-eiffel-a-bouguenais-cebeda9a-c211-11eb-a1b7-65dd51ac411d\" target=\"_blank\" rel=\"noopener\">d\u2019agrandir<\/a> son p\u00f4le d\u2019enseignement et de recherche\u202f\u00bb.<\/p>\n<blockquote>\n<p>\u00ab\u202fCe n\u2019est pas parce que le terrain lui appartient que l\u2019\u00c9tat peut imm\u00e9diatement construire\u202f\u00bb<\/p>\n<\/blockquote>\n<p>\t\t\tMe Richard Allioux, avocat<\/p>\n<p>La pr\u00e9fecture, de son c\u00f4t\u00e9, indique simplement que la d\u00e9cision finale s\u2019est port\u00e9e sur \u00ab\u202fun site r\u00e9pondant davantage aux exigences attendues\u202f\u00bb, particuli\u00e8rement \u00ab\u202fbien desservi par les infrastructures routi\u00e8res\u202f\u00bb. Les d\u00e9marches sont aussi plus faciles sur le Bois Dormant du Champ de Man\u0153uvre, puisque la parcelle constitue une r\u00e9serve fonci\u00e8re du minist\u00e8re de la Justice. \u00ab [Elle] \u00e9tait initialement pr\u00e9vue pour l\u2019extension du centre p\u00e9nitentiaire de Nantes\u2010Carquefou [livr\u00e9 en 2012, NDLR] \u00bb, pr\u00e9cise Nantes M\u00e9tropole par courriel.<\/p>\n<p>Seulement, \u00ab\u202fce n\u2019est pas parce que le terrain lui appartient que l\u2019\u00c9tat peut imm\u00e9diatement construire. Avant de poser la premi\u00e8re pierre, il doit obtenir le permis de construire, puis une autorisation environnementale, et enfin respecter le Code du patrimoine et celui de la voirie\u2026 \u00bb, \u00e9num\u00e8re Me Richard Allioux, avocat nantais sp\u00e9cialis\u00e9 en droit de l\u2019urbanisme. \u00ab\u202fLes \u00e9tudes environnementales sont en cours\u202f\u00bb, indique \u00e0 ce sujet la pr\u00e9fecture de Loire\u2010Atlantique.\u00a0<\/p>\n<p><img loading=\"lazy\" decoding=\"async\" class=\"wp-image-418768 size-medium\" src=\"https:\/\/www.europesays.com\/fr\/wp-content\/uploads\/2025\/11\/1758517140179-600x400.jpg\" alt=\"\" width=\"600\" height=\"400\"  \/>Entr\u00e9e de la maison d\u2019arr\u00eat de Nantes\u2010Carquefou, qui jouxtera le futur CRA. Photo\u00a0: Thibault Dumas \/ Mediacit\u00e9s<\/p>\n<p>L\u2019Association des riverains amis de la Beaujoire attend avec impatience ces r\u00e9sultats. \u00ab\u202fNon seulement le CRA va avoir un impact sur cette biodiversit\u00e9, mais aussi sur notre qualit\u00e9 de vie\u202f\u00bb, insiste Guillaume, l\u2019un de ses membres. En pensant notamment aux p\u00e9riodes de canicule durant lesquelles le Champ de Man\u0153uvre et le Bois Dormant conservent une pr\u00e9cieuse fra\u00eecheur. <a href=\"https:\/\/www.auran.org\/cartographie-interactive-des-ilots-de-chaleur-en-loire-atlantique\/\" target=\"_blank\" rel=\"noopener\">Une carte de 2018 de l\u2019Auran<\/a> montre effectivement que cet espace naturel est 4 \u00b0C plus frais que la moyenne nantaise, contre jusqu\u2019\u00e0 5 \u00b0C de plus au niveau de la prison toute proche.<\/p>\n<p>Construire le CRA \u00e0 proximit\u00e9 de la maison d\u2019arr\u00eat de Nantes\u2010Carquefou fait \u00e9galement grincer des dents. \u00ab\u202fMettre un centre de r\u00e9tention \u00e0 c\u00f4t\u00e9 d\u2019une prison alimente l\u2019amalgame entre migration et d\u00e9linquance\u202f\u00bb, estime un porte\u2010parole du collectif Col\u00e8re, qui regroupe les opposants. Techniquement, le CRA n\u2019est d\u2019ailleurs pas une prison. Un placement en r\u00e9tention rel\u00e8ve d\u2019une d\u00e9cision administrative, prise par le pr\u00e9fet, et non d\u2019une d\u00e9cision judiciaire.\u00a0<\/p>\n<blockquote class=\"wp-embedded-content\" data-secret=\"a9YqRabeVd\">\n<p><a href=\"https:\/\/www.mediacites.fr\/reportage\/lyon\/2020\/12\/15\/sans-papiers-ma-visite-du-controverse-centre-de-retention-de-lyon\/\" target=\"_blank\" rel=\"noopener\">Sans\u2010papiers\u00a0: ma visite du controvers\u00e9 centre de r\u00e9tention de\u00a0Lyon<\/a><\/p>\n<\/blockquote>\n<p><b>Une \u00ab\u202fzone sancturis\u00e9e\u202f\u00bb sans valeur juridique<\/b><\/p>\n<p>\u00ab\u202fCe qu\u2019on ne comprend pas, c\u2019est que le Bois Dormant a \u00e9t\u00e9 affich\u00e9 comme \u201czone sanctuaris\u00e9e\u201d lors des r\u00e9unions d\u2019information sur la ZAC. Certes, c\u2019\u00e9tait avant l\u2019annonce du CRA, mais cela montre que cette zone a une importance environnementale\u202f\u00bb, jugent les riverains de l\u2019Aralb. Contact\u00e9e, Nantes M\u00e9tropole se d\u00e9fend en indiquant que ce n\u2019est pas elle qui a r\u00e9alis\u00e9 le visuel, mais une agence [voir ci\u2010dessous].<\/p>\n<p>L\u2019Association des riverains amis de la Beaujoire d\u00e9plore encore ce qu\u2019elle consid\u00e8re comme une forme de malhonn\u00eatet\u00e9 de la part de la collectivit\u00e9\u00a0: \u00ab\u202fElle continue de faire croire que la zone va rester bois\u00e9e sur <a href=\"https:\/\/www.nantes-amenagement.fr\/projet\/erdre-porterie\/#ressources\" target=\"_blank\" rel=\"noopener\">les documents en ligne<\/a> de la ZAC\u202f\u00bb. Me Richard Allioux souligne toutefois que \u00ab\u202fl\u2019appellation \u201czone sanctuaris\u00e9e\u201d n\u2019a aucune valeur juridique\u202f\u00bb. \u00ab\u202fLe terrain appartient \u00e0 l\u2019\u00c9tat et il est class\u00e9 US dans le , donc ce n\u2019est pas cela qui peut arr\u00eater la construction\u202f\u00bb, tranche l\u2019avocat. Le zonage US signifie que l\u2019espace peut \u00eatre construit pour accueillir de \u00ab\u202fgrands \u00e9quipements d\u2019int\u00e9r\u00eat collectif ou de services publics\u202f\u00bb.\u00a0<\/p>\n<p>\u00a0<\/p>\n<p><img loading=\"lazy\" decoding=\"async\" class=\"wp-image-418795 size-medium\" src=\"https:\/\/www.europesays.com\/fr\/wp-content\/uploads\/2025\/11\/bois-sanctuaris-599x400.png\" alt=\"\" width=\"599\" height=\"400\"  \/>Le visuel r\u00e9alis\u00e9 en 2020 par l\u2019agence Ateliers 2\/3\/4\/ pour Nantes M\u00e9tropole. Le CRA sera construit au niveau du Bois Dormant, un \u00ab\u202fespace sanctuaris\u00e9\u202f\u00bb. Document\u00a0: Mediacit\u00e9s<\/p>\n<p>Selon la pr\u00e9fecture, le CRA repr\u00e9sente un int\u00e9r\u00eat g\u00e9n\u00e9ral car \u00ab\u202fmalgr\u00e9 la pression migratoire \u00e0 laquelle elle est confront\u00e9e, l\u2019agglom\u00e9ration de Nantes ne disposait pas d\u2019un centre de r\u00e9tention \u00e0 la diff\u00e9rence de Rennes ou Rouen [les CRA les plus proches, NDLR] \u00bb. \u00ab\u202fOn pourrait imaginer toutes sortes de projets d\u2019int\u00e9r\u00eat g\u00e9n\u00e9ral port\u00e9s par l\u2019\u00c9tat et qui seraient s\u00fbrement bien plus utiles \u00e0 la population nantaise\u202f\u00bb, r\u00e9torque l\u2019adjointe \u00e9cologiste Marie Vitoux.<\/p>\n<p>En attendant le futur CRA au Bois Dormant, un local de r\u00e9tention administrative temporaire est am\u00e9nag\u00e9 depuis mi\u2010septembre dans la cour du commissariat central Waldeck\u2010Rousseau de Nantes \u2013 o\u00f9 un CRA (oubli\u00e9) a d\u00e9j\u00e0 exist\u00e9 jusqu\u2019en 2009 [lire encadr\u00e9 ci\u2010dessous]. \u00a0\u00ab\u202fPeu importe le nom, notre opposition \u00e0 ces lieux indignes est la m\u00eame\u202f\u00bb \u00e9crivent plusieurs groupes de la majorit\u00e9 municipale (notamment le PS et les \u00e9cologistes), ce 12 novembre. Le local accueillera des personnes \u00e9trang\u00e8res en transfert vers les centres de r\u00e9tention administrative les plus proches. \u00a0\u00ab\u202fLa date de mise en service sera d\u00e9termin\u00e9e en fonction des diff\u00e9rentes proc\u00e9dures \u00e0 conduire\u202f\u00bb, \u00e9vacue la pr\u00e9fecture de Loire\u2010Atlantique.\u00a0<\/p>\n<p><b>1984\u20132009\u00a0: le CRA oubli\u00e9 de Waldeck Rousseau<\/b><\/p>\n<p>Nantes a d\u00e9j\u00e0 accueilli un centre de r\u00e9tention administrative. Il \u00e9tait install\u00e9 dans d\u2019anciens garages du commissariat central, place Waldeck\u2010Rousseau. Il a fonctionn\u00e9 de 1984 jusqu\u2019\u00e0 sa fermeture en janvier 2009. D\u2019une capacit\u00e9 initiale de huit places, r\u00e9duite \u00e0 six apr\u00e8s l\u2019incendie d\u00e9clench\u00e9 en 2008 par un migrant ayant tent\u00e9 de s\u2019immoler, ce centre a longtemps \u00e9t\u00e9 d\u00e9nonc\u00e9 par les associations pour \u00ab\u202fses conditions de vie indignes\u202f\u00bb. Une cour ext\u00e9rieure, par exemple, n\u2019a \u00e9t\u00e9 am\u00e9nag\u00e9e qu\u2019en 2004, apr\u00e8s la canicule de 2003. Les femmes ne disposaient pas de sanitaires adapt\u00e9s, ce que d\u00e9plorait la Cimade dans <a href=\"https:\/\/www.lacimade.org\/wp-content\/uploads\/2015\/12\/CRA_Nantes.pdf\" target=\"_blank\" rel=\"noopener\">un rapport \u00e0 l\u2019\u00e9poque<\/a>.<\/p>\n<p>L\u2019association d\u00e9crivait aussi un espace exigu, r\u00e9guli\u00e8rement suroccup\u00e9, o\u00f9 la dur\u00e9e moyenne de r\u00e9tention \u00e9tait de 7,7 jours (pour une dur\u00e9e maximum de 32 jours). Le centre servait avant tout de transit vers le CRA de Rennes, plus vaste. En plus des surveillants policiers, une petite \u00e9quipe m\u00e9dicale \u2013 deux m\u00e9decins et quatre infirmi\u00e8res \u2013 travaillait sur place. Lors de leurs visites, les associations ou le procureur de la R\u00e9publique soulignaient continuellement la v\u00e9tust\u00e9 des lieux. Un nouveau CRA d\u2019une vingtaine de places avait \u00e9t\u00e9 annonc\u00e9 en 2010 \u00e0 Nantes, mais il n\u2019a jamais vu le\u00a0jour.<\/p>\n<p>Les 18 membres de \u00ab\u202fCol\u00e8re\u202f\u00bb<\/p>\n<p>Elle rassemble trois syndicats (Solidaires 44, SAF, CGT 44, FSU 44), dix associations (LDH, GASPROM, Soutien exil\u00e9s 44, Cimade, ATTAC 44, Les Bienveilleurs 44, DAL44, MRAP, AVEC, AFPS) et cinq mouvements politiques (EELV Nantes, GDS, Ensemble!, La France insoumise 44, Nantes en commun\u00b7e\u00b7s.<\/p>\n<p>100 nouvelles cam\u00e9ras<\/p>\n<p>Ainsi que le financement de 50 % de l\u2019installation de 100 nouvelles cam\u00e9ras de surveillance, auquel elle s\u2019engage \u2013 en plus du recrutement de 50 nouveaux policiers municipaux.<\/p>\n<p>\u00ab\u202fBelle maire un peu raciste\u202f?\u00a0\u00bb<\/p>\n<p>Nantes en commun\u00b7e\u00b7s publie sur X (ex\u2010Twitter) en octobre 2022 <a href=\"https:\/\/x.com\/NantesenCommun\/status\/1577718100857962497\" target=\"_blank\" rel=\"noopener\">un montage photo<\/a> de G\u00e9rald Darmanin et Johanna Rolland titr\u00e9\u00a0: \u00ab\u202fOn a tous une belle maire un peu raciste\u202f? \u00bb. La majorit\u00e9, dont les \u00e9colos, mais aussi l\u2019opposition de droite apportent leur soutien \u00e0 la maire de Nantes. \u00ab\u202fLa forme n\u2019\u00e9tait pas bonne, mais le fond l\u2019\u00e9tait\u202f\u00bb, assume aujourd\u2019hui encore Margot Medkour, ex\u2010leader de\u00a0NEC.<\/p>\n<p>Censure<\/p>\n<p>L\u2019allongement \u00e0 210 jours maximum de la dur\u00e9e d\u2019enfermement pour tous les \u00e9trangers consid\u00e9r\u00e9s comme dangereux est vot\u00e9 cet \u00e9t\u00e9 par l\u2019Assembl\u00e9e nationale \u2013 mesure censur\u00e9e par le Conseil constitutionnel <a href=\"https:\/\/www.interieur.gouv.fr\/actualites\/communiques-de-presse\/loi-visant-a-faciliter-maintien-en-retention-des-personnes-condamnees-pour-des-faits-dune\" target=\"_blank\" rel=\"noopener\">le 7 ao\u00fbt<\/a>.<\/p>\n<p>Plan local d\u2019urbanisme m\u00e9tropolitain.<\/p>\n","protected":false},"excerpt":{"rendered":"Capuches sur la t\u00eate, prot\u00e9g\u00e9s par des capes de pluie, ils sont une quinzaine \u00e0 avoir brav\u00e9 des&hellip;\n","protected":false},"author":2,"featured_media":530830,"comment_status":"","ping_status":"","sticky":false,"template":"","format":"standard","meta":{"footnotes":""},"categories":[2818],"tags":[1111,11,1013,26549,9485,4346,2286,65014,1067,1777,674,48824,1011,27,432,1061,6945,3228,65015,3434,766,12,2636,429,25],"class_list":{"0":"post-530829","1":"post","2":"type-post","3":"status-publish","4":"format-standard","5":"has-post-thumbnail","7":"category-nantes","8":"tag-actu","9":"tag-actualites","10":"tag-bruno-retailleau","11":"tag-centre-de-retention-administrative","12":"tag-chretiens","13":"tag-cra","14":"tag-eelv","15":"tag-eelv-nantes","16":"tag-enquete","17":"tag-eu","18":"tag-europe","19":"tag-foulques-chombart-de-lauwe","20":"tag-fr","21":"tag-france","22":"tag-gerald-darmanin","23":"tag-immigration","24":"tag-johanna-rolland","25":"tag-lr","26":"tag-marie-vitoux","27":"tag-municipales-2026","28":"tag-nantes","29":"tag-news","30":"tag-pays-de-la-loire","31":"tag-ps","32":"tag-republique-francaise"},"share_on_mastodon":{"url":"https:\/\/pubeurope.com\/@fr\/115541274450143688","error":""},"_links":{"self":[{"href":"https:\/\/www.europesays.com\/fr\/wp-json\/wp\/v2\/posts\/530829","targetHints":{"allow":["GET"]}}],"collection":[{"href":"https:\/\/www.europesays.com\/fr\/wp-json\/wp\/v2\/posts"}],"about":[{"href":"https:\/\/www.europesays.com\/fr\/wp-json\/wp\/v2\/types\/post"}],"author":[{"embeddable":true,"href":"https:\/\/www.europesays.com\/fr\/wp-json\/wp\/v2\/users\/2"}],"replies":[{"embeddable":true,"href":"https:\/\/www.europesays.com\/fr\/wp-json\/wp\/v2\/comments?post=530829"}],"version-history":[{"count":0,"href":"https:\/\/www.europesays.com\/fr\/wp-json\/wp\/v2\/posts\/530829\/revisions"}],"wp:featuredmedia":[{"embeddable":true,"href":"https:\/\/www.europesays.com\/fr\/wp-json\/wp\/v2\/media\/530830"}],"wp:attachment":[{"href":"https:\/\/www.europesays.com\/fr\/wp-json\/wp\/v2\/media?parent=530829"}],"wp:term":[{"taxonomy":"category","embeddable":true,"href":"https:\/\/www.europesays.com\/fr\/wp-json\/wp\/v2\/categories?post=530829"},{"taxonomy":"post_tag","embeddable":true,"href":"https:\/\/www.europesays.com\/fr\/wp-json\/wp\/v2\/tags?post=530829"}],"curies":[{"name":"wp","href":"https:\/\/api.w.org\/{rel}","templated":true}]}}