{"id":530831,"date":"2025-11-13T07:44:13","date_gmt":"2025-11-13T07:44:13","guid":{"rendered":"https:\/\/www.europesays.com\/fr\/530831\/"},"modified":"2025-11-13T07:44:13","modified_gmt":"2025-11-13T07:44:13","slug":"orleans-angers-nantes-la-loire-en-proie-a-une-contamination-generalisee-de-microplastiques","status":"publish","type":"post","link":"https:\/\/www.europesays.com\/fr\/530831\/","title":{"rendered":"Orl\u00e9ans, Angers, Nantes\u2026 La Loire en proie \u00e0 une \u00abcontamination g\u00e9n\u00e9ralis\u00e9e\u00bb de microplastiques"},"content":{"rendered":"<p>\n    R\u00e9put\u00e9 pour son caract\u00e8re sauvage, le plus long fleuve de France serait en r\u00e9alit\u00e9 aussi pollu\u00e9 que la Seine, r\u00e9v\u00e8le une \u00e9tude port\u00e9e depuis 2022 par collectif de chercheurs. En cause: des stations d\u2019\u00e9puration inadapt\u00e9es.<\/p>\n<p class=\"fig-paragraph\">Rien de moins qu\u2019\u00abune contamination g\u00e9n\u00e9ralis\u00e9e\u00bb\u00a0<a href=\"http:\/\/www.lefigaro.fr\/nantes\/on-modelise-une-perte-de-30-du-debit-comment-la-loire-se-prepare-au-changement-climatique-20241119\" target=\"_blank\" data-fig-type=\"NewsFlash\" rel=\"noopener nofollow\" data-gtm-custom-categorie=\"navigation\" data-gtm-custom-action=\"crossclick\" data-gtm-custom-label=\"Contextuel\" data-gtm-event=\"customEventSPE\" data-fig-domain=\"LEFIGARO\">de la Loire<\/a>. Le dernier fleuve dit \u00absauvage\u00bb de France serait largement pollu\u00e9 par\u00a0<a href=\"http:\/\/sante.lefigaro.fr\/social\/sante-publique\/cerveau-poumon-intestin-les-impacts-inquietants-des-microplastiques-sur-la-sante-20250805\" target=\"_blank\" data-fig-type=\"Article\" rel=\"noopener nofollow\" data-gtm-custom-categorie=\"navigation\" data-gtm-custom-action=\"crossclick\" data-gtm-custom-label=\"Contextuel\" data-gtm-event=\"customEventSPE\" data-fig-domain=\"SANTE\">les microplastiques<\/a>, \u00e0 un niveau comparable \u00e0 celui de la Seine, pointe\u00a0<a href=\"https:\/\/www.natexplorers.fr\/wp-content\/uploads\/2025\/09\/LOIRE-SENTINELLE-Rapport-public-pdf-interactif.pdf\" target=\"_blank\" rel=\"sponsored noopener nofollow\" data-gtm-custom-categorie=\"navigation\" data-gtm-custom-action=\"crossclick\" data-gtm-custom-label=\"Contextuel\" data-gtm-event=\"customEventSPE\">le rapport public<\/a>\u00a0publi\u00e9 cet automne par le collectif de recherche Loire Sentinelle. \u00abLes microplastiques sont omnipr\u00e9sents en Loire. On les retrouve sur tous nos sites d\u2019\u00e9chantillonnage, des sources \u00e0 l\u2019estuaire, dans l\u2019eau comme dans les s\u00e9diments\u00bb, indique le rapport, fruit de trois ann\u00e9es d\u2019\u00e9tudes men\u00e9es depuis 2022 en long et large du fleuve, sur la base de 140 \u00e9chantillons pr\u00e9lev\u00e9s en 20 points de la Loire.<\/p>\n<p class=\"fig-paragraph\">D\u2019apr\u00e8s le rapport, cette pollution plastique serait plurielle, mais compos\u00e9e \u00e0 \u00abune \u00e9crasante majorit\u00e9\u00bb &#8211; plus de 90% &#8211; de microfibres textiles issues du lavage de v\u00eatements synth\u00e9tiques en machine. Celles-ci se retrouvent dans la Loire en passant entre les mailles des stations d\u2019\u00e9puration des eaux us\u00e9es. Dans le d\u00e9tail, le poly\u00e9thyl\u00e8ne et le polypropyl\u00e8ne repr\u00e9sentent respectivement 60% et 26% des plastiques d\u00e9nombr\u00e9s au sein des \u00e9chantillons collect\u00e9s pour cette \u00e9tude.<\/p>\n<p>                                    <a class=\"fig-a11y-skip a11y-hidden\" href=\"#fig-a11y-skip-main-inarticle\"><br \/>\n        Passer la publicit\u00e9<br \/>\n    <\/a><\/p>\n<p>Un fleuve complexe<\/p>\n<p class=\"fig-paragraph\">La pollution en microplastiques augmente en nombre et en diversit\u00e9 au passage des villes signalent \u00e9galement les auteurs de l\u2019\u00e9tude. D\u2019apr\u00e8s les chiffres publi\u00e9s, un pic de pollution dans l\u2019eau est observ\u00e9 \u00e0 Nantes, avec 1245 microplastiques par m3 d\u2019eau &#8211; contre 0,233 en amont de Tours ou encore une moyenne d\u2019environ 0,050 entre Saint-\u00c9tienne et Orl\u00e9ans. \u00abCes r\u00e9sultats rendent visibles les liens qui existent entre une mauvaise gestion des d\u00e9chets, un traitement insuffisant des eaux us\u00e9es et de ruissellement, et la contamination de la Loire en microplastiques\u00bb, indique le rapport.<\/p>\n<p class=\"fig-body-link\">\n            \u00c0 lire aussi<br \/>\n        <a class=\"fig-body-link__link\" href=\"http:\/\/www.lefigaro.fr\/nantes\/entre-nantes-et-saint-nazaire-l-homme-qui-volait-en-escadrille-avec-ses-oies-20251111\" target=\"_blank\" data-fig-type=\"NewsFlash\" rel=\"noopener nofollow\" data-gtm-custom-categorie=\"navigation\" data-gtm-custom-action=\"crossclick\" data-gtm-custom-label=\"Contextuel\" data-gtm-event=\"customEventSPE\" data-fig-domain=\"LEFIGARO\"><\/p>\n<p>        Entre Nantes et Saint-Nazaire, l\u2019homme qui volait en escadrille avec ses oies<br \/>\n    <\/a>\n<\/p>\n<p class=\"fig-paragraph\">\u00abLe fleuve est encore plus complexe que ce que nous pensions. Nous avons par exemple observ\u00e9 que les microplastiques ne se fragmentent pas en majorit\u00e9 dans l\u2019oc\u00e9an, mais bien avant, \u00e0 m\u00eame le fleuve. On ne s\u2019attendait pas \u00e0 ce que le processus soit aussi rapide\u00bb, commente Julien Chapuis, biologiste bas\u00e9 \u00e0 Angers, co-pilote &#8211; avec sa coll\u00e8gue Barbara R\u00e9thor\u00e9 &#8211; du projet Loire Sentinelle. \u00abDes prototypes de stations susceptibles de filtrer cette pollution des eaux par les micro et les nanoplastiques sont \u00e0 l\u2019essai dans le monde. Mais d\u2019ici \u00e0 ce que ces nouveaux syst\u00e8mes soient g\u00e9n\u00e9ralis\u00e9s, il conviendrait de r\u00e9duire notre consommation de plastique\u00bb, ajoute Julien Chapuis. Avec le reste du collectif Loire Sentinelle, le biologiste s\u2019exprime notamment en faveur de\u00a0<a href=\"http:\/\/www.lefigaro.fr\/conjoncture\/l-union-europeenne-bannit-les-emballages-plastiques-a-usage-unique-dans-les-restaurants-d-ici-a-2030-20240304\" target=\"_blank\" data-fig-type=\"NewsFlash\" rel=\"noopener nofollow\" data-gtm-custom-categorie=\"navigation\" data-gtm-custom-action=\"crossclick\" data-gtm-custom-label=\"Contextuel\" data-gtm-event=\"customEventSPE\" data-fig-domain=\"LEFIGARO\">l\u2019interdiction des plastiques \u00e0 usage unique<\/a>\u00a0et du d\u00e9veloppement de syst\u00e8mes de r\u00e9emploi.<\/p>\n<p class=\"fig-paragraph\">Les travaux du projet Loire Sentinelle ont \u00e9t\u00e9 r\u00e9alis\u00e9s en collaboration avec l\u2019unit\u00e9 de recherche Biologie des Organismes, Stress, Sant\u00e9, Environnement (BIOSSE) de l\u2019universit\u00e9 catholique de l\u2019Ouest, le laboratoire Eau et Environnement (EE) de l\u2019universit\u00e9 Gustave Eiffel, et le laboratoire SPYGEN, sp\u00e9cialis\u00e9 dans l\u2019analyse d\u2019ADN environnemental. Port\u00e9 par la structure Natexplorers de Julien Chapuis et Barbara R\u00e9thor\u00e9, ce projet a notamment b\u00e9n\u00e9fici\u00e9 du soutien de l\u2019\u00c9tat et de la pr\u00e9f\u00e8te coordinatrice du bassin Loire-Bretagne, dans le cadre d\u2019un contrat de plan interr\u00e9gional \u00c9tat-R\u00e9gions. La Fondation Fran\u00e7ois Bel et la Mission Val de Loire ont aussi particip\u00e9 \u00e0 son financement.<\/p>\n","protected":false},"excerpt":{"rendered":"R\u00e9put\u00e9 pour son caract\u00e8re sauvage, le plus long fleuve de France serait en r\u00e9alit\u00e9 aussi pollu\u00e9 que la&hellip;\n","protected":false},"author":2,"featured_media":530832,"comment_status":"","ping_status":"","sticky":false,"template":"","format":"standard","meta":{"footnotes":""},"categories":[2818],"tags":[1111,11,436,1777,674,1011,27,3367,766,12,2636,1800,25],"class_list":{"0":"post-530831","1":"post","2":"type-post","3":"status-publish","4":"format-standard","5":"has-post-thumbnail","7":"category-nantes","8":"tag-actu","9":"tag-actualites","10":"tag-environnement","11":"tag-eu","12":"tag-europe","13":"tag-fr","14":"tag-france","15":"tag-loire","16":"tag-nantes","17":"tag-news","18":"tag-pays-de-la-loire","19":"tag-pollution","20":"tag-republique-francaise"},"share_on_mastodon":{"url":"https:\/\/pubeurope.com\/@fr\/115541276584334203","error":""},"_links":{"self":[{"href":"https:\/\/www.europesays.com\/fr\/wp-json\/wp\/v2\/posts\/530831","targetHints":{"allow":["GET"]}}],"collection":[{"href":"https:\/\/www.europesays.com\/fr\/wp-json\/wp\/v2\/posts"}],"about":[{"href":"https:\/\/www.europesays.com\/fr\/wp-json\/wp\/v2\/types\/post"}],"author":[{"embeddable":true,"href":"https:\/\/www.europesays.com\/fr\/wp-json\/wp\/v2\/users\/2"}],"replies":[{"embeddable":true,"href":"https:\/\/www.europesays.com\/fr\/wp-json\/wp\/v2\/comments?post=530831"}],"version-history":[{"count":0,"href":"https:\/\/www.europesays.com\/fr\/wp-json\/wp\/v2\/posts\/530831\/revisions"}],"wp:featuredmedia":[{"embeddable":true,"href":"https:\/\/www.europesays.com\/fr\/wp-json\/wp\/v2\/media\/530832"}],"wp:attachment":[{"href":"https:\/\/www.europesays.com\/fr\/wp-json\/wp\/v2\/media?parent=530831"}],"wp:term":[{"taxonomy":"category","embeddable":true,"href":"https:\/\/www.europesays.com\/fr\/wp-json\/wp\/v2\/categories?post=530831"},{"taxonomy":"post_tag","embeddable":true,"href":"https:\/\/www.europesays.com\/fr\/wp-json\/wp\/v2\/tags?post=530831"}],"curies":[{"name":"wp","href":"https:\/\/api.w.org\/{rel}","templated":true}]}}