{"id":530839,"date":"2025-11-13T07:48:20","date_gmt":"2025-11-13T07:48:20","guid":{"rendered":"https:\/\/www.europesays.com\/fr\/530839\/"},"modified":"2025-11-13T07:48:20","modified_gmt":"2025-11-13T07:48:20","slug":"toulouse-les-dechets-deverses-par-les-agriculteurs-ont-bloque-cette-autoroute-jusque-tard-dans-la-nuit","status":"publish","type":"post","link":"https:\/\/www.europesays.com\/fr\/530839\/","title":{"rendered":"Toulouse. Les d\u00e9chets d\u00e9vers\u00e9s par les agriculteurs ont bloqu\u00e9 cette autoroute jusque tard dans la nuit"},"content":{"rendered":"<p>                    Par<br \/>\n        <strong><br \/>\n            <a href=\"https:\/\/actu.fr\/auteur\/mareva-laville-actu-fr\" title=\"Consulter tous les articles de Mar\u00e9va Laville\" target=\"_blank\" rel=\"noopener\">Mar\u00e9va Laville<\/a><br \/>\n                    <\/strong><\/p>\n<p>        Publi\u00e9 le<\/p>\n<p>            13 nov. 2025 \u00e0 8h30        <\/p>\n<p>C\u2019\u00e9tait peu avant 19h, mercredi 12\u00a0novembre. Au niveau de la barri\u00e8re de p\u00e9age nord de <a href=\"http:\/\/www.actu.fr\/toulouse\" target=\"_blank\" rel=\"noopener\"><strong>Toulouse<\/strong><\/a>, sur <strong>l\u2019A62<\/strong>, un <strong>attroupement de tracteurs de la FRSEA a d\u00e9vers\u00e9 leurs bennes<\/strong> remplies de d\u00e9chets. Depuis le matin, fumier et branchages dormaient dans les remorques achemin\u00e9es par les agriculteurs dans la ville de Toulouse, pour aller \u00e0 la rencontre du pr\u00e9sident de la R\u00e9publique Emmanuel Macron, en d\u00e9placement dans la Ville rose hier.<\/p>\n<p class=\" wall-content\">\n<p>Une journ\u00e9e d\u2019action des agriculteurs<\/p>\n<p class=\" wall-content\">L\u2019action faisait suite \u00e0 une journ\u00e9e mouvement\u00e9e o\u00f9 une d\u00e9l\u00e9gation d\u2019agriculteurs ainsi que le pr\u00e9sident des Ultras de l\u2019A64 \u2013 \u00e0 la t\u00eate de la Chambre d\u2019agriculture de Haute-Garonne \u2013 a pu s\u2019entretenir, en d\u00e9but d\u2019apr\u00e8s-midi, avec le pr\u00e9sident de la R\u00e9publique et la ministre de l\u2019Agriculture, Annie Genevard. Pour rappel, plusieurs syndicats agricoles \u00e9taient mobilis\u00e9s, notamment les<strong> Jeunes Agriculteurs Occitanie<\/strong> et la <strong>FRSEA.<\/strong><\/p>\n<p class=\" wall-content\">Si durant cet \u00e9change, Emmanuel Macron a affirm\u00e9 que l\u2019accord avec le <strong>Mercosur<\/strong> obtiendrait un \u00ab<strong>\u2009non ferme<\/strong>\u2009\u00bb s\u2019il restait en l\u2019\u00e9tat, et la ministre de l\u2019Agriculture a annonc\u00e9 <a href=\"https:\/\/actu.fr\/occitanie\/toulouse_31555\/direct-les-agriculteurs-debarquent-a-toulouse-pour-la-visite-d-emmanuel-macron-suivez-la-situation_63423704.html\" target=\"_blank\" rel=\"noopener\">lancer un<strong> fonds d\u2019urgence<\/strong><\/a><strong> pour les agriculteurs<\/strong> tr\u00e8s fragilis\u00e9s, certains paysans, estimaient ne pas avoir obtenu gain de cause. Notamment sur les zones vuln\u00e9rables \u00e0 la pollution par les nitrates d\u2019origine agricole, o\u00f9 il \u00e9tait r\u00e9clam\u00e9 par les Ultras de l\u2019A64 d\u2019annuler l\u2019extension des zones dans le d\u00e9partement de Haute-Garonne.<\/p>\n<p class=\" wall-content\">Vers 19h, m\u00eame heure que le d\u00e9versement, le leader de la fronde des agriculteurs, J\u00e9r\u00f4me Bayle, devait rencontrer<strong> le pr\u00e9fet d\u2019Occitanie Pierre-Andr\u00e9 Durand.<\/strong><\/p>\n<p>Le nettoyage de l\u2019autoroute jusque tard dans la nuit<\/p>\n<p class=\" wall-content\">Dans le m\u00eame temps, les \u00e9quipes de Vinci Autoroutes \u00e9taient \u00e0 l\u2019\u0153uvre pour nettoyer la chauss\u00e9e et ramasser les d\u00e9chets d\u00e9vers\u00e9s, afin de r\u00e9tablir des conditions normales de circulation. Les automobilistes devaient, en attendant, sortir \u00e0 la bifurcation de l\u2019A62 avec le p\u00e9riph\u00e9rique au niveau de Lalande.<\/p>\n<p class=\" wall-content\"><strong>L\u2019affaire a dur\u00e9 jusqu\u2019\u00e0 1h15<\/strong>, soit environ six heures de travail.<\/p>\n<p class=\" wall-content\">Personnalisez votre actualit\u00e9 en ajoutant vos villes et m\u00e9dias en favori avec <a href=\"https:\/\/moncompte.actu.fr\" title=\"D\u00e9couvez Mon Actu\" rel=\"nofollow noopener\" data-trk=\"{&quot;cta&quot;:{&quot;action&quot;:&quot;https:\\\/\\\/moncompte.actu.fr&quot;,&quot;category&quot;:&quot;mon compte&quot;,&quot;from&quot;:&quot;article footer&quot;,&quot;name&quot;:&quot;Mon actu&quot;,&quot;type&quot;:&quot;cta&quot;}}\" target=\"_blank\">Mon Actu<\/a>.<\/p>\n","protected":false},"excerpt":{"rendered":"Par Mar\u00e9va Laville Publi\u00e9 le 13 nov. 2025 \u00e0 8h30 C\u2019\u00e9tait peu avant 19h, mercredi 12\u00a0novembre. Au niveau&hellip;\n","protected":false},"author":2,"featured_media":530840,"comment_status":"","ping_status":"","sticky":false,"template":"","format":"standard","meta":{"footnotes":""},"categories":[2816],"tags":[1111,11,327,6343,1777,674,118,1011,27,12,2680,25,2312],"class_list":{"0":"post-530839","1":"post","2":"type-post","3":"status-publish","4":"format-standard","5":"has-post-thumbnail","7":"category-toulouse","8":"tag-actu","9":"tag-actualites","10":"tag-agriculture","11":"tag-autoroute-62-a62","12":"tag-eu","13":"tag-europe","14":"tag-faits-divers","15":"tag-fr","16":"tag-france","17":"tag-news","18":"tag-occitanie","19":"tag-republique-francaise","20":"tag-toulouse"},"share_on_mastodon":{"url":"https:\/\/pubeurope.com\/@fr\/115541292279734633","error":""},"_links":{"self":[{"href":"https:\/\/www.europesays.com\/fr\/wp-json\/wp\/v2\/posts\/530839","targetHints":{"allow":["GET"]}}],"collection":[{"href":"https:\/\/www.europesays.com\/fr\/wp-json\/wp\/v2\/posts"}],"about":[{"href":"https:\/\/www.europesays.com\/fr\/wp-json\/wp\/v2\/types\/post"}],"author":[{"embeddable":true,"href":"https:\/\/www.europesays.com\/fr\/wp-json\/wp\/v2\/users\/2"}],"replies":[{"embeddable":true,"href":"https:\/\/www.europesays.com\/fr\/wp-json\/wp\/v2\/comments?post=530839"}],"version-history":[{"count":0,"href":"https:\/\/www.europesays.com\/fr\/wp-json\/wp\/v2\/posts\/530839\/revisions"}],"wp:featuredmedia":[{"embeddable":true,"href":"https:\/\/www.europesays.com\/fr\/wp-json\/wp\/v2\/media\/530840"}],"wp:attachment":[{"href":"https:\/\/www.europesays.com\/fr\/wp-json\/wp\/v2\/media?parent=530839"}],"wp:term":[{"taxonomy":"category","embeddable":true,"href":"https:\/\/www.europesays.com\/fr\/wp-json\/wp\/v2\/categories?post=530839"},{"taxonomy":"post_tag","embeddable":true,"href":"https:\/\/www.europesays.com\/fr\/wp-json\/wp\/v2\/tags?post=530839"}],"curies":[{"name":"wp","href":"https:\/\/api.w.org\/{rel}","templated":true}]}}