{"id":53085,"date":"2025-04-26T00:40:11","date_gmt":"2025-04-26T00:40:11","guid":{"rendered":"https:\/\/www.europesays.com\/fr\/53085\/"},"modified":"2025-04-26T00:40:11","modified_gmt":"2025-04-26T00:40:11","slug":"previsions-du-samedi-26-avril-2025-9","status":"publish","type":"post","link":"https:\/\/www.europesays.com\/fr\/53085\/","title":{"rendered":"pr\u00e9visions du samedi 26 avril 2025"},"content":{"rendered":"<p>\u00c0 Lyon les temp\u00e9ratures afficheront entre 6 et 18\u00b0C aujourd&rsquo;hui. Des \u00e9claircies sont attendues : on passera une matin\u00e9e cl\u00e9mente. Le mercure affichera 13\u00b0C en moyenne. Un l\u00e9ger vent de nord-est soufflera. Le soleil sera dominant, la promesse d&rsquo;un magnifique apr\u00e8s-midi ! Les temp\u00e9ratures vont grimper de plusieurs degr\u00e9s. Les valeurs seront comprises entre 16 et 18\u00b0C. La soir\u00e9e sera marqu\u00e9e par des pluies \u00e9parses. Les temp\u00e9ratures seront de 13\u00b0C. Durant la nuit de samedi \u00e0 dimanche, le ciel sera d\u00e9pourvu de nuages.<\/p>\n<p>Lyon, o\u00f9 des nuages perdureront demain, continuera de guetter le soleil. La m\u00e9t\u00e9o va se r\u00e9chauffer avec une hausse de quelques degr\u00e9s. On anticipe des valeurs avoisinant 14\u00b0C. Une petite brise de nord-ouest sera ressentie par les habitants. Le soleil aura du mal \u00e0 percer au milieu de l\u00e9gers nuages qui persisteront dans la matin\u00e9e. L&rsquo;apr\u00e8s-midi va rester couvert \u00e0 cause de nuages qui se maintiennent dans le ciel. Du mauvais temps est \u00e0 pr\u00e9voir. Des pluies \u00e9parses vont tomber. D&rsquo;un autre c\u00f4t\u00e9, un temps plus chaud est \u00e0 pr\u00e9voir \u00e9tant donn\u00e9 que le mercure va enregistrer une l\u00e9g\u00e8re augmentation. Les temp\u00e9ratures s&rsquo;\u00e9chelonneront de 17 \u00e0 18\u00b0C. Demain soir, toujours des nuages dans le ciel qui emp\u00eachent le soleil de faire son apparition. La m\u00e9t\u00e9o sera ponctu\u00e9e par des pluies \u00e9parses.<\/p>\n<p>Le temps des journ\u00e9es suivantes va s&rsquo;am\u00e9liorer. Le temps sera ensoleill\u00e9 avec des temp\u00e9ratures d&rsquo;environ 18\u00b0C.<\/p>\n<p><\/p>\n","protected":false},"excerpt":{"rendered":"\u00c0 Lyon les temp\u00e9ratures afficheront entre 6 et 18\u00b0C aujourd&rsquo;hui. Des \u00e9claircies sont attendues : on passera une&hellip;\n","protected":false},"author":2,"featured_media":53086,"comment_status":"","ping_status":"","sticky":false,"template":"","format":"standard","meta":{"footnotes":""},"categories":[1889],"tags":[1111,11,2430,1777,674,1011,27,2428,12,2119,25,2429,2431],"class_list":{"0":"post-53085","1":"post","2":"type-post","3":"status-publish","4":"format-standard","5":"has-post-thumbnail","7":"category-lyon","8":"tag-actu","9":"tag-actualites","10":"tag-auvergne-rhone-alpes","11":"tag-eu","12":"tag-europe","13":"tag-fr","14":"tag-france","15":"tag-lyon","16":"tag-news","17":"tag-previsions-meteo","18":"tag-republique-francaise","19":"tag-rhone","20":"tag-rhone-alpes"},"share_on_mastodon":{"url":"https:\/\/pubeurope.com\/@fr\/114401484752956976","error":""},"_links":{"self":[{"href":"https:\/\/www.europesays.com\/fr\/wp-json\/wp\/v2\/posts\/53085","targetHints":{"allow":["GET"]}}],"collection":[{"href":"https:\/\/www.europesays.com\/fr\/wp-json\/wp\/v2\/posts"}],"about":[{"href":"https:\/\/www.europesays.com\/fr\/wp-json\/wp\/v2\/types\/post"}],"author":[{"embeddable":true,"href":"https:\/\/www.europesays.com\/fr\/wp-json\/wp\/v2\/users\/2"}],"replies":[{"embeddable":true,"href":"https:\/\/www.europesays.com\/fr\/wp-json\/wp\/v2\/comments?post=53085"}],"version-history":[{"count":0,"href":"https:\/\/www.europesays.com\/fr\/wp-json\/wp\/v2\/posts\/53085\/revisions"}],"wp:featuredmedia":[{"embeddable":true,"href":"https:\/\/www.europesays.com\/fr\/wp-json\/wp\/v2\/media\/53086"}],"wp:attachment":[{"href":"https:\/\/www.europesays.com\/fr\/wp-json\/wp\/v2\/media?parent=53085"}],"wp:term":[{"taxonomy":"category","embeddable":true,"href":"https:\/\/www.europesays.com\/fr\/wp-json\/wp\/v2\/categories?post=53085"},{"taxonomy":"post_tag","embeddable":true,"href":"https:\/\/www.europesays.com\/fr\/wp-json\/wp\/v2\/tags?post=53085"}],"curies":[{"name":"wp","href":"https:\/\/api.w.org\/{rel}","templated":true}]}}