{"id":530850,"date":"2025-11-13T07:54:11","date_gmt":"2025-11-13T07:54:11","guid":{"rendered":"https:\/\/www.europesays.com\/fr\/530850\/"},"modified":"2025-11-13T07:54:11","modified_gmt":"2025-11-13T07:54:11","slug":"quatre-personnes-interpellees-dont-le-rappeur","status":"publish","type":"post","link":"https:\/\/www.europesays.com\/fr\/530850\/","title":{"rendered":"quatre personnes interpell\u00e9es dont le rappeur"},"content":{"rendered":"<p>\n    Un rappeur local de 18 ans, connu sous le nom de BFK.16, fait partie des personnes arr\u00eat\u00e9es lors de cette op\u00e9ration men\u00e9e \u00e0 Rillieux-la-Pape.<\/p>\n<p class=\"fig-paragraph\">Quatre personnes, soup\u00e7onn\u00e9es d\u2019avoir particip\u00e9 au\u00a0<a href=\"http:\/\/www.lefigaro.fr\/lyon\/lyon-des-figurants-incendient-un-immeuble-en-tournant-un-clip-de-rap-20251108\" data-fig-type=\"NewsFlash\" data-gtm-custom-categorie=\"navigation\" data-gtm-custom-action=\"crossclick\" data-gtm-custom-label=\"Contextuel\" data-gtm-event=\"customEventSPE\" data-fig-domain=\"LEFIGARO\" rel=\"nofollow noopener\" target=\"_blank\">tournage sauvage d\u2019un clip de rap<\/a>\u00a0qui a caus\u00e9 un incendie dans la banlieue de\u00a0<a href=\"https:\/\/www.lefigaro.fr\/lyon\" target=\"_blank\" data-fig-type=\"Section\" rel=\"sponsored noopener nofollow\" data-gtm-custom-categorie=\"navigation\" data-gtm-custom-action=\"crossclick\" data-gtm-custom-label=\"Contextuel\" data-gtm-event=\"customEventSPE\" data-fig-domain=\"LEFIGARO\">Lyon\u00a0<\/a>samedi, ont \u00e9t\u00e9 interpell\u00e9es jeudi matin et plac\u00e9es en garde \u00e0 vue, a appris l\u2019AFP de source proche du dossier.<\/p>\n<p class=\"fig-paragraph\">Un rappeur local de 18 ans, connu sous le nom de BFK.16, fait partie des personnes arr\u00eat\u00e9es lors de cette op\u00e9ration men\u00e9e \u00e0\u00a0<a href=\"https:\/\/www.lefigaro.fr\/tag\/rillieux-la-pape\" target=\"_blank\" rel=\"sponsored noopener nofollow\" data-gtm-custom-categorie=\"navigation\" data-gtm-custom-action=\"crossclick\" data-gtm-custom-label=\"Contextuel\" data-gtm-event=\"customEventSPE\">Rillieux-la-Pape<\/a>\u00a0et dans d\u2019autres communes de l\u2019agglom\u00e9ration lyonnaise, a pr\u00e9cis\u00e9 cette source. Une quinzaine de perquisitions ont \u00e9t\u00e9 men\u00e9es lors de cette intervention. \u00abD\u2019autres devraient suivre dans les prochains jours\u00bb, a encore d\u00e9clar\u00e9 cette source. Samedi apr\u00e8s-midi, un groupe de 20 \u00e0 30 personnes, certaines v\u00eatues d\u2019une combinaison blanche, d\u2019autres le visage masqu\u00e9, se sont regroup\u00e9es pour tourner, sans autorisation, un clip avec ce rappeur, selon des sources polici\u00e8res.<\/p>\n<p>                                    <a class=\"fig-a11y-skip a11y-hidden\" href=\"#fig-a11y-skip-main-inarticle\"><br \/>\n        Passer la publicit\u00e9<br \/>\n    <\/a><\/p>\n<p>Mortiers d\u2019artifice incendiaires<\/p>\n<p class=\"fig-paragraph\">Dans le cadre du clip, le groupe a tir\u00e9 des mortiers d\u2019artifice. Un \u00e9quipage de police stationn\u00e9 \u00e0 proximit\u00e9 a voulu intervenir mais a \u00e9t\u00e9 pris pour cible par les protagonistes du clip, a pr\u00e9cis\u00e9 une de ces sources. Alors que les policiers s\u2019abritaient au pignon d\u2019un immeuble, l\u2019un des mortiers tir\u00e9s en leur direction a atterri sur le balcon d\u2019un appartement qui s\u2019est embras\u00e9, a-t-elle ajout\u00e9.<\/p>\n<p class=\"fig-paragraph\">Le feu s\u2019est propag\u00e9 et cinq appartements au total ont \u00e9t\u00e9 sinistr\u00e9s, d\u2019apr\u00e8s la pr\u00e9fecture. Quelque 70 pompiers ont d\u00fb \u00eatre d\u00e9ploy\u00e9s mais ont \u00e9galement \u00e9t\u00e9 vis\u00e9s par des projectiles, comme les policiers, et il a fallu un moment pour que le calme ne revienne. Une quarantaine de personnes r\u00e9sidents de l\u2019immeuble ont d\u00fb \u00eatre \u00e9vacu\u00e9es et relog\u00e9es temporairement dans un centre de loisirs de la ville.<\/p>\n<p class=\"fig-paragraph\">Sur les r\u00e9seaux sociaux, BFK.16 est pr\u00e9sent\u00e9 comme un rappeur de V\u00e9nissieux ayant sorti deux morceaux, dont un avec pr\u00e8s d\u2019un million de vues sur YouTube. Il a 26.000 abonn\u00e9s sur Instagram. Un clip d\u00e9j\u00e0 diffus\u00e9, et tourn\u00e9 \u00e0 V\u00e9nissieux, reprend des images d\u2019affrontements entre des jeunes et la police, mais aussi de drogues, d\u2019armes \u00e0 feu et de grosses cylindr\u00e9es. D\u2019apr\u00e8s une source polici\u00e8re, le jeune rappeur a d\u00e9j\u00e0 plusieurs interpellations \u00e0 son actif, notamment pour rod\u00e9o urbain.<\/p>\n","protected":false},"excerpt":{"rendered":"Un rappeur local de 18 ans, connu sous le nom de BFK.16, fait partie des personnes arr\u00eat\u00e9es lors&hellip;\n","protected":false},"author":2,"featured_media":530851,"comment_status":"","ping_status":"","sticky":false,"template":"","format":"standard","meta":{"footnotes":""},"categories":[1889],"tags":[1111,11,2430,30542,1777,674,1011,27,2428,12,3616,25,2429],"class_list":{"0":"post-530850","1":"post","2":"type-post","3":"status-publish","4":"format-standard","5":"has-post-thumbnail","7":"category-lyon","8":"tag-actu","9":"tag-actualites","10":"tag-auvergne-rhone-alpes","11":"tag-clip","12":"tag-eu","13":"tag-europe","14":"tag-fr","15":"tag-france","16":"tag-lyon","17":"tag-news","18":"tag-rap","19":"tag-republique-francaise","20":"tag-rhone"},"share_on_mastodon":{"url":"https:\/\/pubeurope.com\/@fr\/115541315594895141","error":""},"_links":{"self":[{"href":"https:\/\/www.europesays.com\/fr\/wp-json\/wp\/v2\/posts\/530850","targetHints":{"allow":["GET"]}}],"collection":[{"href":"https:\/\/www.europesays.com\/fr\/wp-json\/wp\/v2\/posts"}],"about":[{"href":"https:\/\/www.europesays.com\/fr\/wp-json\/wp\/v2\/types\/post"}],"author":[{"embeddable":true,"href":"https:\/\/www.europesays.com\/fr\/wp-json\/wp\/v2\/users\/2"}],"replies":[{"embeddable":true,"href":"https:\/\/www.europesays.com\/fr\/wp-json\/wp\/v2\/comments?post=530850"}],"version-history":[{"count":0,"href":"https:\/\/www.europesays.com\/fr\/wp-json\/wp\/v2\/posts\/530850\/revisions"}],"wp:featuredmedia":[{"embeddable":true,"href":"https:\/\/www.europesays.com\/fr\/wp-json\/wp\/v2\/media\/530851"}],"wp:attachment":[{"href":"https:\/\/www.europesays.com\/fr\/wp-json\/wp\/v2\/media?parent=530850"}],"wp:term":[{"taxonomy":"category","embeddable":true,"href":"https:\/\/www.europesays.com\/fr\/wp-json\/wp\/v2\/categories?post=530850"},{"taxonomy":"post_tag","embeddable":true,"href":"https:\/\/www.europesays.com\/fr\/wp-json\/wp\/v2\/tags?post=530850"}],"curies":[{"name":"wp","href":"https:\/\/api.w.org\/{rel}","templated":true}]}}