{"id":530852,"date":"2025-11-13T07:57:01","date_gmt":"2025-11-13T07:57:01","guid":{"rendered":"https:\/\/www.europesays.com\/fr\/530852\/"},"modified":"2025-11-13T07:57:01","modified_gmt":"2025-11-13T07:57:01","slug":"cest-un-petit-marche-bien-servi-armor-lux-habille-des-chauffeurs-de-ratp-cap-ile-de-france","status":"publish","type":"post","link":"https:\/\/www.europesays.com\/fr\/530852\/","title":{"rendered":"\u00ab\u00a0C\u2019est un petit march\u00e9 bien servi\u00a0\u00bb\u00a0: Armor-Lux habille des chauffeurs de RATP-Cap \u00cele-de-France"},"content":{"rendered":"<p>\u00ab\u00a0C\u2019est un petit march\u00e9 concernant l\u2019habillement de chauffeurs de RATP-Cap \u00cele-de-France\u00a0: veste, chemise et pantalon\u00a0\u00bb, confirme Jean-Guy Le Floch pr\u00e9sident d\u2019Armor-Lux qui indique une op\u00e9ration pesant 400\u200a000\u200a\u20ac, remport\u00e9e sur appel d\u2019offres. \u00ab\u00a0Un march\u00e9 marginal mais bien servi. Il a occup\u00e9 trois personnes durant six mois.\u00a0\u00bb Le dirigeant quimp\u00e9rois pr\u00e9cise\u00a0: \u00ab\u00a0<a href=\"https:\/\/www.letelegramme.fr\/finistere\/quimper-29000\/nous-nutilisons-pas-de-polluants-eternels-sur-les-sites-quimperois-assure-armor-lux-6849601.php\" target=\"_blank\" rel=\"noopener\">Le tissu est d\u2019origine europ\u00e9enne<\/a>, les pi\u00e8ces ont \u00e9t\u00e9 cousues au Maghreb, pour partie brod\u00e9es \u00e0 Quimper\u00a0\u00bb.<\/p>\n<p>Des contacts \u00ab\u00a0de longue date\u00a0\u00bb<\/p>\n<p>Soci\u00e9t\u00e9 parisienne, RATP Cap \u00cele-de-France se pr\u00e9sente comme \u00ab\u00a0Filiale priv\u00e9e du groupe RATP cr\u00e9\u00e9e en 2021 et op\u00e9rant des r\u00e9seaux de transport public en \u00cele-de-France pour le compte d\u2019\u00cele-de-France Mobilit\u00e9s\u00a0\u00bb. Son d\u00e9veloppement dessine d\u2019autres appels d\u2019offres \u00e0 venir. \u00ab\u00a0Armor-Lux est en contact de longue date avec la RATP\u00a0\u00bb, ne n\u00e9glige pas le chef d\u2019entreprise quimp\u00e9rois qui redit la difficult\u00e9 du contexte \u00e9conomique pour le textile.<\/p>\n","protected":false},"excerpt":{"rendered":"\u00ab\u00a0C\u2019est un petit march\u00e9 concernant l\u2019habillement de chauffeurs de RATP-Cap \u00cele-de-France\u00a0: veste, chemise et pantalon\u00a0\u00bb, confirme Jean-Guy Le&hellip;\n","protected":false},"author":2,"featured_media":530853,"comment_status":"","ping_status":"","sticky":false,"template":"","format":"standard","meta":{"footnotes":""},"categories":[1592],"tags":[1111,11,33,257,1777,674,1011,27,662,12,626,3319,25],"class_list":{"0":"post-530852","1":"post","2":"type-post","3":"status-publish","4":"format-standard","5":"has-post-thumbnail","7":"category-ile-de-france","8":"tag-actu","9":"tag-actualites","10":"tag-economie","11":"tag-entreprise","12":"tag-eu","13":"tag-europe","14":"tag-fr","15":"tag-france","16":"tag-ile-de-france","17":"tag-news","18":"tag-paris","19":"tag-quimper","20":"tag-republique-francaise"},"share_on_mastodon":{"url":"https:\/\/pubeurope.com\/@fr\/115541327489361801","error":""},"_links":{"self":[{"href":"https:\/\/www.europesays.com\/fr\/wp-json\/wp\/v2\/posts\/530852","targetHints":{"allow":["GET"]}}],"collection":[{"href":"https:\/\/www.europesays.com\/fr\/wp-json\/wp\/v2\/posts"}],"about":[{"href":"https:\/\/www.europesays.com\/fr\/wp-json\/wp\/v2\/types\/post"}],"author":[{"embeddable":true,"href":"https:\/\/www.europesays.com\/fr\/wp-json\/wp\/v2\/users\/2"}],"replies":[{"embeddable":true,"href":"https:\/\/www.europesays.com\/fr\/wp-json\/wp\/v2\/comments?post=530852"}],"version-history":[{"count":0,"href":"https:\/\/www.europesays.com\/fr\/wp-json\/wp\/v2\/posts\/530852\/revisions"}],"wp:featuredmedia":[{"embeddable":true,"href":"https:\/\/www.europesays.com\/fr\/wp-json\/wp\/v2\/media\/530853"}],"wp:attachment":[{"href":"https:\/\/www.europesays.com\/fr\/wp-json\/wp\/v2\/media?parent=530852"}],"wp:term":[{"taxonomy":"category","embeddable":true,"href":"https:\/\/www.europesays.com\/fr\/wp-json\/wp\/v2\/categories?post=530852"},{"taxonomy":"post_tag","embeddable":true,"href":"https:\/\/www.europesays.com\/fr\/wp-json\/wp\/v2\/tags?post=530852"}],"curies":[{"name":"wp","href":"https:\/\/api.w.org\/{rel}","templated":true}]}}