{"id":530854,"date":"2025-11-13T07:58:14","date_gmt":"2025-11-13T07:58:14","guid":{"rendered":"https:\/\/www.europesays.com\/fr\/530854\/"},"modified":"2025-11-13T07:58:14","modified_gmt":"2025-11-13T07:58:14","slug":"tournage-dun-clip-qui-degenere-pres-de-lyon-quatre-interpellations-dont-le-rappeur","status":"publish","type":"post","link":"https:\/\/www.europesays.com\/fr\/530854\/","title":{"rendered":"Tournage d\u2019un clip qui d\u00e9g\u00e9n\u00e8re pr\u00e8s de Lyon\u00a0: quatre interpellations, dont le rappeur"},"content":{"rendered":"<p class=\"paragraph text_align_left lp-f-body-02\">Quatre personnes ont \u00e9t\u00e9 interpell\u00e9es, dont le rappeur, <a href=\"https:\/\/www.leparisien.fr\/faits-divers\/tirs-de-mortiers-policiers-et-pompiers-cibles-un-immeuble-dhabitation-en-feu-pres-de-lyon-en-marge-du-tournage-dun-clip-de-rap-08-11-2025-CYOC526GMZBM3H6GT7YY633EBQ.php\" target=\"_self\" rel=\"nofollow noopener\">apr\u00e8s le tournage d\u2019un clip de rap samedi \u00e0 Rillieux-la-Pape<\/a> (Rh\u00f4ne), en banlieue de Lyon, selon des sources proches de l\u2019enqu\u00eate \u00e0 l\u2019AFP.<\/p>\n<p class=\"paragraph text_align_left lp-f-body-02\">Samedi, un groupe de 20 \u00e0 30 personnes, certaines v\u00eatues d\u2019une combinaison blanche, d\u2019autres le visage masqu\u00e9, se sont regroup\u00e9es pour tourner, <a href=\"https:\/\/www.leparisien.fr\/faits-divers\/rhone-tirs-de-mortiers-pompiers-et-policiers-vises-ce-que-lon-sait-de-lincendie-dun-immeuble-en-marge-dun-tournage-de-clip-09-11-2025-ZVNMTQMYJVHLZLYZY52AFCCA3I.php\" target=\"_self\" rel=\"nofollow noopener\">sans autorisation, un<b> <\/b>clip avec un rappeur local de 18 ans<\/a>, connu sous le nom de BFK.16, qui a d\u00e9j\u00e0 plusieurs interpellations \u00e0 son actif, a indiqu\u00e9 une source polici\u00e8re.<\/p>\n<p class=\"paragraph text_align_left lp-f-body-02\">Le tournage avait d\u00e9g\u00e9n\u00e9r\u00e9 avec des tirs de mortiers <a href=\"https:\/\/www.leparisien.fr\/faits-divers\/incendie-en-marge-du-tournage-dun-clip-de-rap-a-rillieux-la-pape-les-riverains-denoncent-un-acte-gratuit-09-11-2025-DRP5WDCXTBESHN5RSRI5YNWE4U.php\" target=\"_self\" rel=\"nofollow noopener\">qui avaient d\u00e9clench\u00e9 un incendie dans un immeuble<\/a>. Le feu s\u2019est propag\u00e9 et cinq appartements ont \u00e9t\u00e9 sinistr\u00e9s, d\u2019apr\u00e8s la pr\u00e9fecture. Quelque 70 pompiers ont d\u00fb \u00eatre d\u00e9ploy\u00e9s mais ont \u00e9t\u00e9 vis\u00e9s par des projectiles, comme les policiers, et il a fallu un moment pour que le calme ne revienne.<\/p>\n<p class=\"paragraph text_align_left lp-f-body-02\"><b>&gt;&gt; Plus d\u2019informations \u00e0 suivre sur leparisien.fr<\/b><\/p>\n","protected":false},"excerpt":{"rendered":"Quatre personnes ont \u00e9t\u00e9 interpell\u00e9es, dont le rappeur, apr\u00e8s le tournage d\u2019un clip de rap samedi \u00e0 Rillieux-la-Pape&hellip;\n","protected":false},"author":2,"featured_media":530855,"comment_status":"","ping_status":"","sticky":false,"template":"","format":"standard","meta":{"footnotes":""},"categories":[1888],"tags":[1111,1928,11,1927,459,1777,674,118,1011,27,12,1926,626,1925,25],"class_list":{"0":"post-530854","1":"post","2":"type-post","3":"status-publish","4":"format-standard","5":"has-post-thumbnail","7":"category-paris","8":"tag-actu","9":"tag-actu-paris","10":"tag-actualites","11":"tag-actualites-paris","12":"tag-departements-horsidfo","13":"tag-eu","14":"tag-europe","15":"tag-faits-divers","16":"tag-fr","17":"tag-france","18":"tag-news","19":"tag-news-paris","20":"tag-paris","21":"tag-paris-news","22":"tag-republique-francaise"},"share_on_mastodon":{"url":"https:\/\/pubeurope.com\/@fr\/115541331416090476","error":""},"_links":{"self":[{"href":"https:\/\/www.europesays.com\/fr\/wp-json\/wp\/v2\/posts\/530854","targetHints":{"allow":["GET"]}}],"collection":[{"href":"https:\/\/www.europesays.com\/fr\/wp-json\/wp\/v2\/posts"}],"about":[{"href":"https:\/\/www.europesays.com\/fr\/wp-json\/wp\/v2\/types\/post"}],"author":[{"embeddable":true,"href":"https:\/\/www.europesays.com\/fr\/wp-json\/wp\/v2\/users\/2"}],"replies":[{"embeddable":true,"href":"https:\/\/www.europesays.com\/fr\/wp-json\/wp\/v2\/comments?post=530854"}],"version-history":[{"count":0,"href":"https:\/\/www.europesays.com\/fr\/wp-json\/wp\/v2\/posts\/530854\/revisions"}],"wp:featuredmedia":[{"embeddable":true,"href":"https:\/\/www.europesays.com\/fr\/wp-json\/wp\/v2\/media\/530855"}],"wp:attachment":[{"href":"https:\/\/www.europesays.com\/fr\/wp-json\/wp\/v2\/media?parent=530854"}],"wp:term":[{"taxonomy":"category","embeddable":true,"href":"https:\/\/www.europesays.com\/fr\/wp-json\/wp\/v2\/categories?post=530854"},{"taxonomy":"post_tag","embeddable":true,"href":"https:\/\/www.europesays.com\/fr\/wp-json\/wp\/v2\/tags?post=530854"}],"curies":[{"name":"wp","href":"https:\/\/api.w.org\/{rel}","templated":true}]}}