{"id":530860,"date":"2025-11-13T08:02:20","date_gmt":"2025-11-13T08:02:20","guid":{"rendered":"https:\/\/www.europesays.com\/fr\/530860\/"},"modified":"2025-11-13T08:02:20","modified_gmt":"2025-11-13T08:02:20","slug":"quand-le-monde-entier-rendait-en-2015-hommage-aux-attentats-de-paris","status":"publish","type":"post","link":"https:\/\/www.europesays.com\/fr\/530860\/","title":{"rendered":"quand le monde entier rendait en 2015 hommage aux attentats de Paris"},"content":{"rendered":"<p>\n    <strong>VID\u00c9O<\/strong> &#8211; De Londres en passant par la Croatie et le Maroc jusqu\u2019au Pakistan, le monde entier s\u2019\u00e9tait recueilli il y a 10 ans en solidarit\u00e9 avec la France quelques jours apr\u00e8s les attentats du 13 novembre 2015.<\/p>\n<p class=\"fig-paragraph\">Il y a 10 ans, le monde entier en solidarit\u00e9 avec la France. De nombreux hommages ont \u00e9t\u00e9 r\u00e9alis\u00e9s en Europe mais aussi dans le monde entier quelques jours apr\u00e8s les\u00a0<a href=\"https:\/\/video.lefigaro.fr\/figaro\/actualite-france\/attentats-du-13-novembre-2015-cette-lutte-contre-l-entrisme-et-le-separatisme-c-est-aussi-un-combat-politique-affirme-sebastien-lecornu-20251112\" data-fig-type=\"Video\" data-gtm-custom-categorie=\"navigation\" data-gtm-custom-action=\"crossclick\" data-gtm-custom-label=\"Contextuel\" data-gtm-event=\"customEventSPE\" data-fig-domain=\"LEFIGARO\" target=\"_blank\" rel=\"noopener\">attentats terroristes du 13 novembre 2015<\/a>. La France et l\u2019Europe se sont tues \u00e0 l\u2019unisson quelques jours apr\u00e8s \u00e0 l\u2019occasion d\u2019une minute de silence en hommage aux victimes.<\/p>\n<p class=\"fig-paragraph\">\u00c0\u00a0<a href=\"http:\/\/www.lefigaro.fr\/flash-actu\/le-87e-prix-albert-londres-decerne-a-la-journaliste-judiciaire-de-liberation-julie-brafman-20251025\" data-fig-type=\"NewsFlash\" data-gtm-custom-categorie=\"navigation\" data-gtm-custom-action=\"crossclick\" data-gtm-custom-label=\"Contextuel\" data-gtm-event=\"customEventSPE\" data-fig-domain=\"LEFIGARO\" target=\"_blank\" rel=\"noopener\">Londres<\/a>, les drapeaux \u00e9taient en berne sur les b\u00e2timents publics et la ministre de l\u2019Int\u00e9rieur Theresa May \u00e9tait all\u00e9e se recueillir \u00e0 l\u2019ambassade de France, gard\u00e9e par des policiers en armes. L\u2019\u00e9quipe d\u2019Angleterre de football s\u2019\u00e9tait fig\u00e9e pendant son entra\u00eenement dans le nord de Londres. La Marseillaise \u00e9tait entonn\u00e9e dans les stades \u00e0 Liverpool \u00e0 l\u2019occasion des matchs de la Premier League.<\/p>\n<p>                                    <a class=\"fig-a11y-skip a11y-hidden\" href=\"#fig-a11y-skip-main-inarticle\"><br \/>\n        Passer la publicit\u00e9<br \/>\n    <\/a><\/p>\n<p>\u00abNous sommes Paris\u00bb<\/p>\n<p class=\"fig-paragraph\">\u00c0\u00a0<a href=\"http:\/\/www.lefigaro.fr\/voyages\/un-nouveau-train-de-nuit-paris-berlin-a-partir-de-mars-qui-passera-par-bruxelles-20251113\" data-fig-type=\"NewsFlash\" data-gtm-custom-categorie=\"navigation\" data-gtm-custom-action=\"crossclick\" data-gtm-custom-label=\"Contextuel\" data-gtm-event=\"customEventSPE\" data-fig-domain=\"LEFIGARO\" target=\"_blank\" rel=\"noopener\">Berlin<\/a>, une foule dense de tous \u00e2ges regroupant des centaines de personnes s\u2019\u00e9tait r\u00e9unie pour cinq minutes de silence face \u00e0 l\u2019ambassade de France, \u00e0 c\u00f4t\u00e9 de la porte de Brandebourg. La r\u00e9gie des transports publics berlinois a annonc\u00e9 que les m\u00e9tros, bus et tram qu\u2019elle g\u00e8re s\u2019\u00e9taient arr\u00eat\u00e9s pendant une minute.<\/p>\n<p class=\"fig-paragraph\">Au Pakistan et au Maroc, des personnes \u00e9taient venues d\u00e9filer devant les ambassades fran\u00e7aises. Ils avaient scand\u00e9 des slogans contre Daesh et des \u00abNous sommes Paris\u00bb.<\/p>\n<p>Les monuments du monde entier aux couleurs de la France<\/p>\n<p class=\"fig-paragraph\">Alors que la nuit tombe le samedi 14 novembre 2015, et que les Parisiens sont peu nombreux dans les rues, les monuments du monde entier s\u2019\u00e9taient illumin\u00e9s aux couleurs de la France.<\/p>\n<p class=\"fig-paragraph\">Aux\u00a0<a href=\"http:\/\/www.lefigaro.fr\/international\/nous-ne-cederons-jamais-au-chantage-trump-signe-la-loi-qui-met-fin-au-plus-long-shutdown-des-etats-unis-20251113\" data-fig-type=\"NewsFlash\" data-gtm-custom-categorie=\"navigation\" data-gtm-custom-action=\"crossclick\" data-gtm-custom-label=\"Contextuel\" data-gtm-event=\"customEventSPE\" data-fig-domain=\"LEFIGARO\" target=\"_blank\" rel=\"noopener\">\u00c9tats-Unis<\/a>, au Br\u00e9sil, au Japon, ou encore en Australie, de nombreux pays avaient fait briller le drapeau tricolore. Un front uni contre le terrorisme, c\u2019est ce qu\u2019ont voulu symboliser les plus grandes villes du monde, en affichant le blanc, le bleu et le rouge fran\u00e7ais.<\/p>\n","protected":false},"excerpt":{"rendered":"VID\u00c9O &#8211; De Londres en passant par la Croatie et le Maroc jusqu\u2019au Pakistan, le monde entier s\u2019\u00e9tait&hellip;\n","protected":false},"author":2,"featured_media":530861,"comment_status":"","ping_status":"","sticky":false,"template":"","format":"standard","meta":{"footnotes":""},"categories":[1888],"tags":[64188,11,1777,674,1011,27,14,12,626,25,104],"class_list":{"0":"post-530860","1":"post","2":"type-post","3":"status-publish","4":"format-standard","5":"has-post-thumbnail","7":"category-paris","8":"tag-13-novembre","9":"tag-actualites","10":"tag-eu","11":"tag-europe","12":"tag-fr","13":"tag-france","14":"tag-international","15":"tag-news","16":"tag-paris","17":"tag-republique-francaise","18":"tag-societe"},"share_on_mastodon":{"url":"https:\/\/pubeurope.com\/@fr\/115541347105882750","error":""},"_links":{"self":[{"href":"https:\/\/www.europesays.com\/fr\/wp-json\/wp\/v2\/posts\/530860","targetHints":{"allow":["GET"]}}],"collection":[{"href":"https:\/\/www.europesays.com\/fr\/wp-json\/wp\/v2\/posts"}],"about":[{"href":"https:\/\/www.europesays.com\/fr\/wp-json\/wp\/v2\/types\/post"}],"author":[{"embeddable":true,"href":"https:\/\/www.europesays.com\/fr\/wp-json\/wp\/v2\/users\/2"}],"replies":[{"embeddable":true,"href":"https:\/\/www.europesays.com\/fr\/wp-json\/wp\/v2\/comments?post=530860"}],"version-history":[{"count":0,"href":"https:\/\/www.europesays.com\/fr\/wp-json\/wp\/v2\/posts\/530860\/revisions"}],"wp:featuredmedia":[{"embeddable":true,"href":"https:\/\/www.europesays.com\/fr\/wp-json\/wp\/v2\/media\/530861"}],"wp:attachment":[{"href":"https:\/\/www.europesays.com\/fr\/wp-json\/wp\/v2\/media?parent=530860"}],"wp:term":[{"taxonomy":"category","embeddable":true,"href":"https:\/\/www.europesays.com\/fr\/wp-json\/wp\/v2\/categories?post=530860"},{"taxonomy":"post_tag","embeddable":true,"href":"https:\/\/www.europesays.com\/fr\/wp-json\/wp\/v2\/tags?post=530860"}],"curies":[{"name":"wp","href":"https:\/\/api.w.org\/{rel}","templated":true}]}}