{"id":530862,"date":"2025-11-13T08:04:18","date_gmt":"2025-11-13T08:04:18","guid":{"rendered":"https:\/\/www.europesays.com\/fr\/530862\/"},"modified":"2025-11-13T08:04:18","modified_gmt":"2025-11-13T08:04:18","slug":"la-belgique-craint-de-devenir-une-cible-privilegiee-de-la-russie","status":"publish","type":"post","link":"https:\/\/www.europesays.com\/fr\/530862\/","title":{"rendered":"la Belgique craint de devenir une cible privil\u00e9gi\u00e9e de la Russie"},"content":{"rendered":"<p class=\"fs-5 \">Signal\u00e9s aux abords de bases militaires, d\u2019a\u00e9roports ou m\u00eame d\u2019une centrale nucl\u00e9aire, les vols de drones suspects mettent \u00e0 rude \u00e9preuve les autorit\u00e9s en Belgique, et alimentent les craintes que ce pays de l\u2019UE puisse devenir une cible de la Russie.<\/p>\n<p class=\"fs-5 \">Ces survols non expliqu\u00e9s se sont multipli\u00e9s depuis un premier signalement d\u00e9but octobre au-dessus du camp militaire d\u2019Elsenborn, non loin de la fronti\u00e8re allemande, dans la foul\u00e9e d\u2019incidents similaires en Allemagne et au Danemark notamment.<\/p>\n<p class=\"fs-5 \">L\u2019inqui\u00e9tude en Belgique est mont\u00e9e d\u2019un cran quand des survols nocturnes ont perturb\u00e9 plusieurs soirs d\u2019affil\u00e9e le trafic a\u00e9rien, allant jusqu\u2019\u00e0 causer des annulations de vols par dizaines les 4 et 5 novembre \u00e0 l\u2019a\u00e9roport de Bruxelles-Zaventem, le premier du pays.<\/p>\n<p class=\"fs-5 \">Mercredi, le parquet f\u00e9d\u00e9ral a indiqu\u00e9 enqu\u00eater sur 17 incidents \u00e0 travers la Belgique, possiblement li\u00e9s \u00e0 une volont\u00e9 d\u2019ing\u00e9rence, d\u2019espionnage ou de d\u00e9stabilisation.<\/p>\n<p class=\"fs-5 \">Parmi ces multiples incidents, avec des engins de tailles diverses, \u00ab\u00a0il est encore souvent difficile de distinguer s\u2019il s\u2019agit d\u2019un pilote de drone local qui enfreint les r\u00e8gles ou d\u2019une tentative de d\u00e9stabilisation par un acteur \u00e9tatique\u00a0\u00bb, a fait valoir le parquet.<\/p>\n<p>            <img src=\"https:\/\/www.europesays.com\/fr\/wp-content\/uploads\/2025\/11\/3a836af_upload-from-url-1-ys4irjy7gde0-pour-economiser-ses-couteux-missiles-la-russie-utilise-des-sh.jpeg\"   loading=\"lazy\" decoding=\"async\" alt=\"Le mini-missile Mark 1\u00a0a \u00e9t\u00e9 con\u00e7u par une entreprise estonienne pour abattre les drones russes Shahed.\" class=\"img-fluid position-absolute w-100 object-fit-cover rounded-2\" width=\"600\" height=\"400\"\/><\/p>\n<p class=\"fs-5 \">De son c\u00f4t\u00e9 le gouvernement belge a \u00e9voqu\u00e9 une action coordonn\u00e9e \u00ab\u00a0manifestement de source \u00e9tatique\u00a0\u00bb, en refusant de pointer du doigt officiellement la Russie, vers laquelle tous les esprits s\u2019orientent.<\/p>\n<p class=\"fs-5 \">Depuis l\u2019invasion russe de l\u2019Ukraine en 2022, l\u2019Europe accuse Moscou de se livrer \u00e0 une \u00ab\u00a0guerre hybride\u00a0\u00bb de plus en plus intense, faite de sabotages, de cyberattaques et d\u2019ing\u00e9rence se situant dans une zone grise o\u00f9 tout peut \u00eatre ni\u00e9.<\/p>\n<p class=\"fs-5 \">Outre ceux de nombreuses institutions de l\u2019Union europ\u00e9enne, la Belgique h\u00e9berge le si\u00e8ge de l\u2019Otan, et il existe encore d\u2019autres raisons pour lesquelles le pays pourrait \u00eatre dans le collimateur en ce moment.<\/p>\n<p class=\"fs-5 \">Depuis la rentr\u00e9e de septembre, l\u2019UE d\u00e9bat de l\u2019octroi d\u2019un nouveau pr\u00eat de 140 milliards d\u2019euros \u00e0 l\u2019Ukraine en ayant recours aux avoirs gel\u00e9s de la banque centrale russe, dont une tr\u00e8s grande partie se situe dans l\u2019\u00e9tablissement financier Euroclear \u00e0 Bruxelles.<\/p>\n<p class=\"fs-5 \">M\u00eame avant l\u2019apparition des drones, le Premier ministre belge Bart De Wever avait averti qu\u2019une telle mobilisation des avoirs d\u2019Euroclear pourrait attirer la col\u00e8re de la Russie contre son pays.<\/p>\n<p>                                                                                \u00ab\u00a0Ne touchez pas aux avoirs\u00a0!\u00a0\u00bb<\/p>\n<p class=\"fs-5 \">Apr\u00e8s les survols r\u00e9p\u00e9t\u00e9s de sites belges sensibles, le ministre allemand de la D\u00e9fense Boris Pistorius a \u00e9tabli un lien direct avec cette question des avoirs russes h\u00e9berg\u00e9s en Belgique.<\/p>\n<p class=\"fs-5 \">Le message derri\u00e8re ces activit\u00e9s de drones c\u2019est\u00a0: \u00ab\u00a0ne songez m\u00eame pas \u00e0 toucher aux avoirs\u00a0!\u00a0\u00bb, \u00ab\u00a0il n\u2019y a pas d\u2019autre mani\u00e8re de l\u2019interpr\u00e9ter\u00a0\u00bb, a dit M. Pistorius. \u00ab\u00a0Nous sommes tous conscients de cela et les Belges le sont aussi\u00a0\u00bb, a-t-il ajout\u00e9.<\/p>\n<p class=\"fs-5 \">Selon les experts, utiliser des drones est un moyen peu co\u00fbteux et efficace de d\u00e9stabiliser un ennemi.<\/p>\n<p class=\"fs-5 \">\u00ab\u00a0Ces survols cibl\u00e9s ont presque toujours pour but de d\u00e9stabiliser la population et, par cons\u00e9quent, le pays tout entier. Ils servent \u00e9galement \u00e0 observer le niveau de pr\u00e9paration et d\u2019\u00e9quipement de l\u2019adversaire\u00a0\u00bb, explique Manuel Atug, expert d\u2019un groupe de travail allemand sur les infrastructures strat\u00e9giques.<\/p>\n<p class=\"fs-5 \">\u00ab\u00a0De cette mani\u00e8re, des dommages \u00e9conomiques peuvent effectivement \u00eatre caus\u00e9s, par exemple en perturbant le trafic a\u00e9rien\u00a0\u00bb, poursuit cet analyste ind\u00e9pendant.<\/p>\n<p>            <img src=\"https:\/\/www.europesays.com\/fr\/wp-content\/uploads\/2025\/11\/1763021058_848_0028b41_ftp-import-images-1-a7yd0tovxybs-136768373.jpg\"   loading=\"lazy\" decoding=\"async\" alt=\"Le point sur le trafic au d\u00e9part et \u00e0 destination de la Belgique ce mercredi matin. \" class=\"img-fluid position-absolute w-100 object-fit-cover rounded-2\" width=\"600\" height=\"400\"\/><\/p>\n<p class=\"fs-5 \">Maxime Pr\u00e9vot, ministre belge des Affaires \u00e9trang\u00e8res, a d\u00e9plor\u00e9 le 7 novembre des cons\u00e9quences potentiellement \u00ab\u00a0dramatiques\u00a0\u00bb pour l\u2019\u00e9conomie si les fermetures d\u2019a\u00e9roports par mesure de pr\u00e9caution devaient se r\u00e9p\u00e9ter.<\/p>\n<p class=\"fs-5 \">Pour muscler sa r\u00e9ponse, le gouvernement belge a re\u00e7u un soutien logistique des arm\u00e9es allemande, fran\u00e7aise et britannique depuis une semaine.<\/p>\n<p class=\"fs-5 \">Le ministre de la D\u00e9fense Theo Francken a aussi fait valider le d\u00e9blocage d\u2019urgence de 50 millions d\u2019euros pour des achats d\u2019armes et de divers moyens de d\u00e9fense antia\u00e9rienne, \u00ab\u00a0une premi\u00e8re injection\u00a0\u00bb dans le cadre d\u2019un vaste \u00ab\u00a0plan anti-drones\u00a0\u00bb estim\u00e9 \u00e0 un demi-milliard d\u2019euros, selon son cabinet.<\/p>\n<p class=\"fs-5 \">L\u2019UE de son c\u00f4t\u00e9 veut se doter d\u2019un r\u00e9seau de d\u00e9tection et d\u2019interception de drones, mais qui concernera en priorit\u00e9 les pays du flanc oriental frontaliers de la Russie et prendra des ann\u00e9es \u00e0 \u00eatre mis en place.<\/p>\n","protected":false},"excerpt":{"rendered":"Signal\u00e9s aux abords de bases militaires, d\u2019a\u00e9roports ou m\u00eame d\u2019une centrale nucl\u00e9aire, les vols de drones suspects mettent&hellip;\n","protected":false},"author":2,"featured_media":530863,"comment_status":"","ping_status":"","sticky":false,"template":"","format":"standard","meta":{"footnotes":""},"categories":[1591],"tags":[11,1887,12,1885,1886,132],"class_list":{"0":"post-530862","1":"post","2":"type-post","3":"status-publish","4":"format-standard","5":"has-post-thumbnail","7":"category-russie","8":"tag-actualites","9":"tag-federation-de-russie","10":"tag-news","11":"tag-russia","12":"tag-russian-federation","13":"tag-russie"},"share_on_mastodon":{"url":"https:\/\/pubeurope.com\/@fr\/115541356129114115","error":""},"_links":{"self":[{"href":"https:\/\/www.europesays.com\/fr\/wp-json\/wp\/v2\/posts\/530862","targetHints":{"allow":["GET"]}}],"collection":[{"href":"https:\/\/www.europesays.com\/fr\/wp-json\/wp\/v2\/posts"}],"about":[{"href":"https:\/\/www.europesays.com\/fr\/wp-json\/wp\/v2\/types\/post"}],"author":[{"embeddable":true,"href":"https:\/\/www.europesays.com\/fr\/wp-json\/wp\/v2\/users\/2"}],"replies":[{"embeddable":true,"href":"https:\/\/www.europesays.com\/fr\/wp-json\/wp\/v2\/comments?post=530862"}],"version-history":[{"count":0,"href":"https:\/\/www.europesays.com\/fr\/wp-json\/wp\/v2\/posts\/530862\/revisions"}],"wp:featuredmedia":[{"embeddable":true,"href":"https:\/\/www.europesays.com\/fr\/wp-json\/wp\/v2\/media\/530863"}],"wp:attachment":[{"href":"https:\/\/www.europesays.com\/fr\/wp-json\/wp\/v2\/media?parent=530862"}],"wp:term":[{"taxonomy":"category","embeddable":true,"href":"https:\/\/www.europesays.com\/fr\/wp-json\/wp\/v2\/categories?post=530862"},{"taxonomy":"post_tag","embeddable":true,"href":"https:\/\/www.europesays.com\/fr\/wp-json\/wp\/v2\/tags?post=530862"}],"curies":[{"name":"wp","href":"https:\/\/api.w.org\/{rel}","templated":true}]}}