{"id":530869,"date":"2025-11-13T08:08:18","date_gmt":"2025-11-13T08:08:18","guid":{"rendered":"https:\/\/www.europesays.com\/fr\/530869\/"},"modified":"2025-11-13T08:08:18","modified_gmt":"2025-11-13T08:08:18","slug":"merci-a-lallemagne-mais-quelle-humiliation-pour-la-france-juge-robert-menard","status":"publish","type":"post","link":"https:\/\/www.europesays.com\/fr\/530869\/","title":{"rendered":"\u00abMerci \u00e0 l&rsquo;Allemagne, mais quelle humiliation pour la France\u00bb, juge Robert M\u00e9nard"},"content":{"rendered":"<p class=\"intro \">Le maire divers droite de B\u00e9ziers Robert M\u00e9nard \u00e9tait l&rsquo;invit\u00e9 de La Grande interview Europe 1-CNews ce jeudi. Au micro de Sonia Mabrouk, il salue la lib\u00e9ration de l&rsquo;\u00e9crivain Boualem Sansal, notamment gr\u00e2ce \u00e0 l&rsquo;action de l&rsquo;Allemagne. \u00ab\u00a0Merci \u00e0 l&rsquo;Allemagne, mais quelle humiliation pour la France\u00a0\u00bb, juge-t-il. <\/p>\n<p>Enfin. Apr\u00e8s un an de d\u00e9tention en Alg\u00e9rie, Boualem Sansal retrouve enfin la libert\u00e9. L&rsquo;\u00e9crivain, dont l&rsquo;\u00e9tat de sant\u00e9 s&rsquo;est d\u00e9grad\u00e9 ces derniers mois, est enfin de retour en Europe, gr\u00e2ce notamment \u00e0 l&rsquo;action de l&rsquo;Allemagne. Alger a finalement d\u00e9cid\u00e9 de renvoyer le franco-alg\u00e9rien vers Berlin. Une strat\u00e9gie qui vise \u00e0 humilier la France, juge ce jeudi matin sur le plateau de La Grande interview Europe 1-Cnews, le maire de B\u00e9ziers, Robert M\u00e9nard;\u00a0<\/p>\n<p>    La suite apr\u00e8s cette publicit\u00e9<\/p>\n<p>    La suite apr\u00e8s cette publicit\u00e9<\/p>\n<p>\u00ab\u00a0Je suis content que l&rsquo;Allemagne ait jou\u00e9 ce r\u00f4le-l\u00e0, merci \u00e0 elle, mais quelle humiliation pour la France\u00a0\u00bb, insiste-t-il face \u00e0 Sonia Mabrouk. \u00ab\u00a0Je ne suis pas na\u00eff au point d&rsquo;oublier \u00e0 quel point ils font \u00e7a pour emb\u00eater Paris\u00a0\u00bb poursuit-il.\u00a0<\/p>\n<p>Pour l&rsquo;ancien journaliste, la strat\u00e9gie de l&rsquo;Alg\u00e9rie est une humilitation \u00ab\u00a0avec plusieurs bandes : d&rsquo;abord, tu humilies le pays, deuxi\u00e8ment, tu tapes sur Retailleau qui avait le courage de dire les choses\u00a0\u00bb, et la liste continue, assure-t-il.\u00a0<\/p>\n<p>    La suite apr\u00e8s cette publicit\u00e9<\/p>\n<p>    La suite apr\u00e8s cette publicit\u00e9<\/p>\n<p>Quelques minutes apr\u00e8s la lib\u00e9ration de l&rsquo;\u00e9crivain, le pr\u00e9sident de la R\u00e9publique Emmanuel Macron a remercier le pr\u00e9sident alg\u00e9rien\u00a0Abdelmadjid Tebboune, se disant \u00ab\u00a0disponible\u00a0\u00bb pour poursuivre le dialogue entre les deux pays, dont les relations diplomatiques se sont fortement d\u00e9terior\u00e9es depuis plus d&rsquo;un an.\u00a0<\/p>\n<p>Un changement de position largement point\u00e9 du doigt par Robert M\u00e9nard : \u00ab\u00a0Le probl\u00e8me d&rsquo;Emmanuel Macron, c&rsquo;est qu&rsquo;il dit une chose et son contraire sans aucun \u00e9tat-d&rsquo;\u00e2me.\u00a0\u00bb<\/p>\n<p>    La suite apr\u00e8s cette publicit\u00e9<\/p>\n<p>    La suite apr\u00e8s cette publicit\u00e9<\/p>\n<p>&gt;&gt;Plus d&rsquo;informations \u00e0 venir<\/p>\n","protected":false},"excerpt":{"rendered":"Le maire divers droite de B\u00e9ziers Robert M\u00e9nard \u00e9tait l&rsquo;invit\u00e9 de La Grande interview Europe 1-CNews ce jeudi.&hellip;\n","protected":false},"author":2,"featured_media":530870,"comment_status":"","ping_status":"","sticky":false,"template":"","format":"standard","meta":{"footnotes":""},"categories":[1587],"tags":[11,672,1804,1805,1803,1777,674,1801,12,1802],"class_list":{"0":"post-530869","1":"post","2":"type-post","3":"status-publish","4":"format-standard","5":"has-post-thumbnail","7":"category-allemagne","8":"tag-actualites","9":"tag-allemagne","10":"tag-bundesrepublik-deutschland","11":"tag-de","12":"tag-deutschland","13":"tag-eu","14":"tag-europe","15":"tag-germany","16":"tag-news","17":"tag-republique-federale-dallemagne"},"share_on_mastodon":{"url":"https:\/\/pubeurope.com\/@fr\/115541370785412250","error":""},"_links":{"self":[{"href":"https:\/\/www.europesays.com\/fr\/wp-json\/wp\/v2\/posts\/530869","targetHints":{"allow":["GET"]}}],"collection":[{"href":"https:\/\/www.europesays.com\/fr\/wp-json\/wp\/v2\/posts"}],"about":[{"href":"https:\/\/www.europesays.com\/fr\/wp-json\/wp\/v2\/types\/post"}],"author":[{"embeddable":true,"href":"https:\/\/www.europesays.com\/fr\/wp-json\/wp\/v2\/users\/2"}],"replies":[{"embeddable":true,"href":"https:\/\/www.europesays.com\/fr\/wp-json\/wp\/v2\/comments?post=530869"}],"version-history":[{"count":0,"href":"https:\/\/www.europesays.com\/fr\/wp-json\/wp\/v2\/posts\/530869\/revisions"}],"wp:featuredmedia":[{"embeddable":true,"href":"https:\/\/www.europesays.com\/fr\/wp-json\/wp\/v2\/media\/530870"}],"wp:attachment":[{"href":"https:\/\/www.europesays.com\/fr\/wp-json\/wp\/v2\/media?parent=530869"}],"wp:term":[{"taxonomy":"category","embeddable":true,"href":"https:\/\/www.europesays.com\/fr\/wp-json\/wp\/v2\/categories?post=530869"},{"taxonomy":"post_tag","embeddable":true,"href":"https:\/\/www.europesays.com\/fr\/wp-json\/wp\/v2\/tags?post=530869"}],"curies":[{"name":"wp","href":"https:\/\/api.w.org\/{rel}","templated":true}]}}