{"id":530876,"date":"2025-11-13T08:12:20","date_gmt":"2025-11-13T08:12:20","guid":{"rendered":"https:\/\/www.europesays.com\/fr\/530876\/"},"modified":"2025-11-13T08:12:20","modified_gmt":"2025-11-13T08:12:20","slug":"boualem-sansal-un-an-dans-le-piege-de-la-diplomatie-franco-algerienne","status":"publish","type":"post","link":"https:\/\/www.europesays.com\/fr\/530876\/","title":{"rendered":"Boualem Sansal, un an dans le pi\u00e8ge de la diplomatie franco-alg\u00e9rienne"},"content":{"rendered":"<p data-module=\"standfirst\" data-context=\"@media (min-width:48em)\">\n    <strong>R\u00c9CIT &#8211;<\/strong> Emmanuel Macron a attribu\u00e9 mercredi la lib\u00e9ration de Boualem Sansal aux \u00abefforts constants de la France\u00bb, qualifiant le pr\u00e9sident allemand Frank-Walter Steinmeier, qui a obtenu sa gr\u00e2ce, de \u00abtiers de confiance\u00bb. Un succ\u00e8s diplomatique, alors que le r\u00e9gime alg\u00e9rien est parvenu depuis 2017 \u00e0 dicter sa loi au pr\u00e9sident de la R\u00e9publique, du refus de reprendre ses ressortissants frapp\u00e9s d\u2019OQTF \u00e0 l\u2019arr\u00eat de la coop\u00e9ration s\u00e9curitaire.<\/p>\n<p class=\"fig-paragraph fig-paragraph--dropped\">Bien malgr\u00e9 lui, en \u00e9tant arr\u00eat\u00e9, emprisonn\u00e9 puis condamn\u00e9 de fa\u00e7on arbitraire par la justice alg\u00e9rienne, sans jamais pouvoir obtenir le respect de ses droits \u00e0 une d\u00e9fense,\u00a0<a href=\"http:\/\/www.lefigaro.fr\/actualite-france\/dossier\/detention-de-boualem-sansal-en-algerie-notre-dossier-pour-tout-comprendre\" data-fig-type=\"Topic\" data-gtm-custom-categorie=\"navigation\" data-gtm-custom-action=\"crossclick\" data-gtm-custom-label=\"Contextuel\" data-gtm-event=\"customEventSPE\" data-fig-domain=\"LEFIGARO\" target=\"_blank\" rel=\"noopener\">Boualem Sansal<\/a>\u00a0sera devenu le symbole du courage et du combat pour la libert\u00e9 d\u2019expression face \u00e0 la v\u00e9rit\u00e9 immanente que pr\u00e9tend d\u00e9tenir l\u2019islam. L\u2019auteur de 2084. La fin du monde (Gallimard) s\u2019imaginait un destin \u00e0 la George Orwell, ce visionnaire d\u00e9non\u00e7ant tous les totalitarismes, plut\u00f4t qu\u2019\u00e0 la Alexandre Soljenitsyne, qui fut envoy\u00e9 au goulag par le r\u00e9gime sovi\u00e9tique. Il aura pourtant pay\u00e9 tr\u00e8s cher le prix de la libert\u00e9 en \u00e9tant incarc\u00e9r\u00e9 dans des conditions indignes, alors qu\u2019il souffrait d\u2019un cancer, dans les sinistres ge\u00f4les alg\u00e9riennes.<\/p>\n<p class=\"fig-paragraph fig-paragraph--dropped\">Depuis qu\u2019<a href=\"http:\/\/www.lefigaro.fr\/international\/emprisonne-en-algerie-l-ecrivain-boualem-sansal-n-a-pas-recu-la-grace-presidentielle-d-abdelmadjid-tebboune-20250704\" data-fig-type=\"NewsFlash\" data-gtm-custom-categorie=\"navigation\" data-gtm-custom-action=\"crossclick\" data-gtm-custom-label=\"Contextuel\" data-gtm-event=\"customEventSPE\" data-fig-domain=\"LEFIGARO\" target=\"_blank\" rel=\"noopener\">Abdelmadjid Tebboune<\/a>\u00a0a accept\u00e9 de reprendre Emmanuel Macron au t\u00e9l\u00e9phone le 31\u00a0mars dernier, apr\u00e8s huit mois et demi de refus total du pr\u00e9sident alg\u00e9rien de s\u2019entretenir avec son homologue fran\u00e7ais, l\u2019espoir de la lib\u00e9ration de Boualem Sansal aura \u00e9t\u00e9 maintes fois d\u00e9\u00e7u\u2026<\/p>\n<p class=\"fig-premium-paywall__infos\">\n        Cet article est r\u00e9serv\u00e9 aux abonn\u00e9s.        Il vous reste 93% \u00e0 d\u00e9couvrir.\n    <\/p>\n<p>                <img  data- alt=\"Le Figaro\" class=\"fig-img--complete fig-img\"\/><\/p>\n<p class=\"fig-premium-paywall__title\">Black Friday<\/p>\n<p class=\"fig-premium-paywall__subtitle\">-70% sur l&rsquo;abonnement num\u00e9rique<\/p>\n<p class=\"fig-premium-paywall__connect\">\n                D\u00e9j\u00e0 abonn\u00e9\u00a0?                <a class=\"fig-premium-paywall__connect-link\" href=\"https:\/\/connect.lefigaro.fr\/login?client=horizon_web&amp;type=main&amp;redirect_uri=https%3A%2F%2Fwww.lefigaro.fr%2Finternational%2Fboualem-sansal-un-an-dans-le-piege-de-la-diplomatie-franco-algerienne-20251113\" data-js-gtm=\"{&quot;customCategorie&quot;: &quot;conversion&quot;, &quot;customAction&quot;: &quot;before_Landing_Connexion_paywall_auto&quot;, &quot;customLabel&quot;: &quot;bGVmaWdhcm8uZnJfXzFmMGJlNWU3LTI2MmUtNjExMi04M2FiLWNmZDA1OThhZDVjNF9fQXJ0aWNsZQ==_Boualem Sansal, un an dans le pi\u00e8ge de la diplomatie franco-alg\u00e9rienne_275&quot;, &quot;customIDSPE&quot;: &quot;bGVmaWdhcm8uZnJfXzFmMGJlNWU3LTI2MmUtNjExMi04M2FiLWNmZDA1OThhZDVjNF9fQXJ0aWNsZQ==&quot;, &quot;event&quot;: &quot;customEventSPE&quot;}\" target=\"_blank\" rel=\"noopener\"><br \/>\n                    Connectez-vous<br \/>\n                <\/a>\n            <\/p>\n","protected":false},"excerpt":{"rendered":"R\u00c9CIT &#8211; Emmanuel Macron a attribu\u00e9 mercredi la lib\u00e9ration de Boualem Sansal aux \u00abefforts constants de la France\u00bb,&hellip;\n","protected":false},"author":2,"featured_media":530877,"comment_status":"","ping_status":"","sticky":false,"template":"","format":"standard","meta":{"footnotes":""},"categories":[2],"tags":[11,15,4142,1011,27,12,25],"class_list":{"0":"post-530876","1":"post","2":"type-post","3":"status-publish","4":"format-standard","5":"has-post-thumbnail","7":"category-actualites","8":"tag-actualites","9":"tag-algerie","10":"tag-boualem-sansal","11":"tag-fr","12":"tag-france","13":"tag-news","14":"tag-republique-francaise"},"share_on_mastodon":{"url":"https:\/\/pubeurope.com\/@fr\/115541386504930260","error":""},"_links":{"self":[{"href":"https:\/\/www.europesays.com\/fr\/wp-json\/wp\/v2\/posts\/530876","targetHints":{"allow":["GET"]}}],"collection":[{"href":"https:\/\/www.europesays.com\/fr\/wp-json\/wp\/v2\/posts"}],"about":[{"href":"https:\/\/www.europesays.com\/fr\/wp-json\/wp\/v2\/types\/post"}],"author":[{"embeddable":true,"href":"https:\/\/www.europesays.com\/fr\/wp-json\/wp\/v2\/users\/2"}],"replies":[{"embeddable":true,"href":"https:\/\/www.europesays.com\/fr\/wp-json\/wp\/v2\/comments?post=530876"}],"version-history":[{"count":0,"href":"https:\/\/www.europesays.com\/fr\/wp-json\/wp\/v2\/posts\/530876\/revisions"}],"wp:featuredmedia":[{"embeddable":true,"href":"https:\/\/www.europesays.com\/fr\/wp-json\/wp\/v2\/media\/530877"}],"wp:attachment":[{"href":"https:\/\/www.europesays.com\/fr\/wp-json\/wp\/v2\/media?parent=530876"}],"wp:term":[{"taxonomy":"category","embeddable":true,"href":"https:\/\/www.europesays.com\/fr\/wp-json\/wp\/v2\/categories?post=530876"},{"taxonomy":"post_tag","embeddable":true,"href":"https:\/\/www.europesays.com\/fr\/wp-json\/wp\/v2\/tags?post=530876"}],"curies":[{"name":"wp","href":"https:\/\/api.w.org\/{rel}","templated":true}]}}