{"id":530880,"date":"2025-11-13T08:15:13","date_gmt":"2025-11-13T08:15:13","guid":{"rendered":"https:\/\/www.europesays.com\/fr\/530880\/"},"modified":"2025-11-13T08:15:13","modified_gmt":"2025-11-13T08:15:13","slug":"volley-ball-spikeligue-avec-un-pointu-on-pourrait-terminer-entre-la-troisieme-et-la-cinquieme-place-le-president-bastien-anglade-se-rejouit-du-debut-de-saison-des-centurions-narbo","status":"publish","type":"post","link":"https:\/\/www.europesays.com\/fr\/530880\/","title":{"rendered":"Volley-ball \u2013 SpikeLigue\u00a0: \u00ab\u00a0Avec un pointu, on pourrait terminer entre la troisi\u00e8me et la cinqui\u00e8me place\u00a0\u00bb, le pr\u00e9sident Bastien Anglade se r\u00e9jouit du d\u00e9but de saison des Centurions Narbonne"},"content":{"rendered":"<p>\n                                                                Le pr\u00e9sident des Centurions Narbonne Bastien Anglade dresse un bilan positif du d\u00e9but de saison de son club, invaincu \u00e0 l\u2019Arena et cinqui\u00e8me au classement. Il d\u00e9plore naturellement la blessure de son pointu\u00a0Michael Czerwin\u0301ski et esp\u00e8re qu\u2019il pourra revenir d\u2019ici trois semaines.\n                            <\/p>\n<p class=\"txt-question\">Votre sentiment quant au d\u00e9but de saison de vos Centurions\u00a0?<\/p>\n<p>Je suis satisfait. Trois victoires en cinq matchs, dont deux \u00e0 domicile et une \u00e0 S\u00e8te (1-3), huit points, cinqui\u00e8me ex \u00e6quo au classement en se payant le luxe d\u2019un succ\u00e8s dans le derby, c\u2019est tr\u00e8s bien. Il y a bien longtemps qu\u2019on n\u2019avait pas obtenu deux victoires d\u2019affil\u00e9e \u00e0 l\u2019Arena (contre Toulouse, 3-1, et Nice 3-2). En plus il y a du monde, on atteint une moyenne de plus de 2\u00a0500 spectateurs, il y a de l\u2019ambiance, commercialement, la situation tourne bien\u2026 Bilan positif. On est dans le bon wagon pour l\u2019instant*. Les voyants sont au vert.<\/p>\n<p>\u00ab\u00a0L\u2019\u00e9limination en coupe de France n\u2019est pas un point noir\u00a0\u00bb<\/p>\n<p class=\"txt-question\">Le point noir, c\u2019est la d\u00e9faite \u00e0 Saint-Quentin (3-2) en 16es de finale de coupe de France contre une Ligue B\u2026<\/p>\n<p>Non. Ce n\u2019est pas un point noir Je n\u2019avais pas pos\u00e9 cette comp\u00e9tition comme un objectif devant le groupe. Je pr\u00e9f\u00e8re me qualifier en play-offs en \u00e9tant \u00e9limin\u00e9 de la coupe de France que le contraire.<\/p>\n<p class=\"txt-question\">Les joueurs ont quasiment jou\u00e9 tous les trois jours depuis la reprise le 21\u00a0octobre. On sent que physiquement, \u00e7a devenait de plus en plus dur au fil des matchs\u2026<\/p>\n<p>On a un bon effectif. Un effectif vraiment de\u00a0qualit\u00e9, mais l\u00e9ger en quantit\u00e9. De plus, on joue depuis le d\u00e9but de la saison, sans notre\u00a0pointu titulaire autrichien (22 ans, 2\u00a0m 07) Michael Czerwin\u0301ski qui s\u2019\u00e9tait bless\u00e9 (\u00e0 la hanche, enfoncement de la t\u00eate de l\u2019os) \u00e0 Toulouse en amical dix jours avant le premier match de championnat. C\u2019est tr\u00e8s \u00e9nergivore pour nos trois r\u00e9ceptionneurs-attaquants, Willner Rivas, Thibaut Thoral et Liam Patte de jouer sans pointu. Il n\u2019y a pas de rotation, pas le temps de souffler pour personne. C\u2019est compliqu\u00e9 avec ce calendrier. Sans compter qu\u2019on s\u2019est d\u00e9plac\u00e9 \u00e0 trois reprises en SpikeLigue, \u00e0 S\u00e8te, Tours (d\u00e9faite 3-0) et Paris (d\u00e9faite 3-0)\u2026 Et Saint-Quentin\u2026 Et pourtant, \u00e7a fonctionne, alors imaginez avec notre pointu\u2026 Et avec tous ces d\u00e9placements, non seulement les joueurs fatiguent mais ils ne s\u2019entra\u00eenent pas non plus.<\/p>\n<p>\u00ab\u00a0Un effectif vraiment de qualit\u00e9, mais l\u00e9ger en quantit\u00e9\u00a0\u00bb<\/p>\n<p class=\"txt-question\">Quelle est la marque de cette \u00e9quipe\u00a0?<\/p>\n<p>Le caract\u00e8re. Cette saison, les joueurs sont tr\u00e8s souvent ensemble hors volley, il y a un vrai ciment. Pensez que notre premier match de championnat, on l\u2019attaque avec plusieurs absences et pas des moindres\u00a0: le pointu\u00a0Michael Czerwin\u0301ski donc, notre capitaine, le central\u00a0Miguel Angel Forn\u00e9s, notre r\u00e9ceptionneur-attaquant Tom Colomb\u2026 Et on s\u2019en sort. Ces gars-l\u00e0 sont des guerriers. Notre jeune central Axel Michel (21 ans, 2\u00a0m 04) en est l\u2019embl\u00e8me. Il rentre au service, ne l\u00e2che jamais rien\u2026 C\u2019est l\u2019esprit de combat. Et on constate une alchimie dans le vestiaire. Avec un socle de joueurs fran\u00e7ais et un socle de joueurs qui connaissent tr\u00e8s bien le club. Tout \u00e7a fait que les nouveaux ont pu s\u2019int\u00e9grer plus vite.<\/p>\n<p class=\"txt-question\">O\u00f9 en est la convalescence de\u00a0Michael Czerwin\u0301ski\u00a0? Allez-vous finalement recruter un joker m\u00e9dical\u00a0?<\/p>\n<p>La priorit\u00e9, c\u2019est qu\u2019il se r\u00e9tablisse. Les m\u00e9decins devraient se prononcer ce jeudi 13\u00a0novembre. Si on nous dit qu\u2019il faut qu\u2019il se repose trois semaines de plus, on patientera parce qu\u2019on croit en lui. En tout cas, il nous faudra un pointu parce que si pour l\u2019instant Liam Patte performe incontestablement, ce n\u2019est pas un pointu. Et Thibaut Thoral et Willner Rivas ont besoin de rotations.<\/p>\n<p>\u00ab\u00a0Les play-offs\u00a0m\u00eame si on doit passer par les barrages\u00a0\u00bb<\/p>\n<p class=\"txt-question\">L\u2019ambiance \u00e0 l\u2019Arena est incroyable depuis le d\u00e9but de la saison\u2026<\/p>\n<p>Cette salle joue parfaitement son r\u00f4le. Notre strat\u00e9gie des invitations des \u00e9coles de volley et d\u2019autres fonctionne. Les gens reviennent. Parce qu\u2019il y a de l\u2019ambiance. Et maintenant des victoires.<\/p>\n<p class=\"txt-question\">Quel classement peut envisager Narbonne cette saison\u00a0?<\/p>\n<p>Avec un pointu, on pourrait terminer entre la troisi\u00e8me et la cinqui\u00e8me place. Mais on ne va pas s\u2019emballer. On affiche en\u00a0tout cas de belles ambitions. On travaille aussi pour le futur car une grande partie de l\u2019effectif va rester la saison prochaine. L\u2019objectif cette ann\u00e9e, ce sont les play-offs et m\u00eame si on doit passer par les barrages. Il y a deux \u00e9quipes au-dessus de tout le monde, Tours et Montpellier, et une troisi\u00e8me qui s\u2019en approche, Tourcoing. Apr\u00e8s chaque \u00e9quipe est susceptible de battre n\u2019importe qui. \u00c0 commencer par Ajaccio chez qui on se d\u00e9place ce samedi 15\u00a0novembre (20\u00a0h). \u00c7a va \u00eatre tr\u00e8s chaud\u00a0!<\/p>\n<p>*Cette saison, les six premiers se qualifieront directement en play-offs, du 7e au 10e rang, on se battra en barrages pour acc\u00e9der aux fameux quarts de finale. Le 7e oppos\u00e9 au 10e, le 8e au 9e, avec le mieux class\u00e9 qui re\u00e7oit en deuxi\u00e8me, en match aller-retour et golden set. Comme au basket. Le 14e, lui, prendra le chemin de la Ligue B.<\/p>\n","protected":false},"excerpt":{"rendered":"Le pr\u00e9sident des Centurions Narbonne Bastien Anglade dresse un bilan positif du d\u00e9but de saison de son club,&hellip;\n","protected":false},"author":2,"featured_media":530881,"comment_status":"","ping_status":"","sticky":false,"template":"","format":"standard","meta":{"footnotes":""},"categories":[1417],"tags":[1011,27,60,1470,1469],"class_list":{"0":"post-530880","1":"post","2":"type-post","3":"status-publish","4":"format-standard","5":"has-post-thumbnail","7":"category-volley","8":"tag-fr","9":"tag-france","10":"tag-sports","11":"tag-volley","12":"tag-volleyball"},"share_on_mastodon":{"url":"https:\/\/pubeurope.com\/@fr\/115541398293277533","error":""},"_links":{"self":[{"href":"https:\/\/www.europesays.com\/fr\/wp-json\/wp\/v2\/posts\/530880","targetHints":{"allow":["GET"]}}],"collection":[{"href":"https:\/\/www.europesays.com\/fr\/wp-json\/wp\/v2\/posts"}],"about":[{"href":"https:\/\/www.europesays.com\/fr\/wp-json\/wp\/v2\/types\/post"}],"author":[{"embeddable":true,"href":"https:\/\/www.europesays.com\/fr\/wp-json\/wp\/v2\/users\/2"}],"replies":[{"embeddable":true,"href":"https:\/\/www.europesays.com\/fr\/wp-json\/wp\/v2\/comments?post=530880"}],"version-history":[{"count":0,"href":"https:\/\/www.europesays.com\/fr\/wp-json\/wp\/v2\/posts\/530880\/revisions"}],"wp:featuredmedia":[{"embeddable":true,"href":"https:\/\/www.europesays.com\/fr\/wp-json\/wp\/v2\/media\/530881"}],"wp:attachment":[{"href":"https:\/\/www.europesays.com\/fr\/wp-json\/wp\/v2\/media?parent=530880"}],"wp:term":[{"taxonomy":"category","embeddable":true,"href":"https:\/\/www.europesays.com\/fr\/wp-json\/wp\/v2\/categories?post=530880"},{"taxonomy":"post_tag","embeddable":true,"href":"https:\/\/www.europesays.com\/fr\/wp-json\/wp\/v2\/tags?post=530880"}],"curies":[{"name":"wp","href":"https:\/\/api.w.org\/{rel}","templated":true}]}}