{"id":530882,"date":"2025-11-13T08:16:21","date_gmt":"2025-11-13T08:16:21","guid":{"rendered":"https:\/\/www.europesays.com\/fr\/530882\/"},"modified":"2025-11-13T08:16:21","modified_gmt":"2025-11-13T08:16:21","slug":"rugby-a-xiii-le-xiii-de-france-deja-en-mode-coupe-du-monde-2026","status":"publish","type":"post","link":"https:\/\/www.europesays.com\/fr\/530882\/","title":{"rendered":"Rugby \u00e0 XIII\u00a0: Le XIII de France d\u00e9j\u00e0 en mode Coupe du monde 2026"},"content":{"rendered":"<p>\n                                                                Il y a trois semaines \u00e0 peine, le XIII de France validait avec autorit\u00e9 son billet pour la Coupe du monde 2026 (15\u00a0octobre \u2013 15\u00a0novembre) en \u00e9trillant la Jama\u00efque 36-0. Un succ\u00e8s net et sans bavure qui ouvre une nouvelle page pour les Bleus. D\u00e9sormais, place \u00e0 la pr\u00e9paration et le temps est compt\u00e9e\u00a0: moins d\u2019un an avant le grand rendez-vous.\n                            <\/p>\n<p>En attente du tirage et du calendrier<\/p>\n<p>Organis\u00e9e en Australie, avec quelques affiches d\u00e9localis\u00e9es en Papouasie-Nouvelle-Guin\u00e9e, la prochaine Coupe du monde de rugby \u00e0 XIII commence \u00e0 prendre forme. Le tirage au sort des poules pourrait intervenir d\u00e8s le d\u00e9but de la semaine prochaine.<\/p>\n<p>Le format envisag\u00e9\u00a0? Une poule de quatre nations (trois matches chacune) et deux autres de trois \u00e9quipes. Les poules B et C se croiseront, histoire d\u2019offrir trois rencontres \u00e0 tout le monde. \u00ab\u00a0Nous attendons justement le calendrier et les oppositions pour planifier notre pr\u00e9paration\u00a0\u00bb, confie le s\u00e9lectionneur Laurent Frayssinous, dans l\u2019expectative \u00e9galement concernant la Super League 2026. \u00ab\u00a0Nous ne savons pas encore s\u2019il y aura une fen\u00eatre internationale, explique-t-il. Les Ashes viennent tout juste de se terminer en Angleterre, et des discussions sont en cours\u00a0: l\u2019Angleterre souhaite organiser un match et un stage.\u00a0\u00bb<\/p>\n<p>France B, laboratoire et vivier<\/p>\n<p>Samedi prochain \u00e0 Carcassonne, Frayssinous observera attentivement le match entre France B et les Koalas.\u00a0Une s\u00e9lection des meilleurs \u00e9trangers de Super XIII. L\u2019occasion de jauger la rel\u00e8ve. Maxime Gr\u00e9s\u00e8que et son adjoint Florent Tost pr\u00e9parent ce rendez-vous avec d\u00e9termination. \u00ab\u00a0Je veux que ces joueurs de France B bousculent la hi\u00e9rarchie, c\u2019est l\u00e0 qu\u2019on les attend\u00a0\u00bb, insiste Frayssinous. Avant d\u2019ajouter\u00a0: \u00ab\u00a0Le lien s\u2019est vraiment renforc\u00e9 entre les U17, U19, France B et France A, mais aussi avec les f\u00e9minines et le XIII Fauteuil. Le club France existe vraiment, ce n\u2019est pas juste un mot.\u00a0\u00bb<\/p>\n<p>Une vision \u00e0 360\u00b0 pour Frayssinous<\/p>\n<p>Le s\u00e9lectionneur veut s\u2019appuyer sur une approche globale et moderne. \u00ab\u00a0J\u2019ai cette ambition de rencontrer r\u00e9guli\u00e8rement Joel Tomkins (Dragons Catalans) et Sylvain Houles (TO), mais aussi les entra\u00eeneurs de Super XIII. Et je veux aller voir ce qui se fait ailleurs, en Super League ou m\u00eame en rugby \u00e0 XV, pour s\u2019inspirer des meilleures pratiques\u00a0\u00bb, explique-t-il.<\/p>\n<p>Conscient des contraintes des clubs, Frayssinous a veill\u00e9 \u00e0 ne pas perturber la saison 2025 des Dragons Catalans et du TO. \u00ab\u00a0Nous avons organis\u00e9 des journ\u00e9es de coh\u00e9sion, des \u00e9changes vid\u00e9o, des r\u00e9unions en pr\u00e9sentiel ou \u00e0 distance, mais sans s\u00e9ances terrain\u00a0\u00bb, pr\u00e9cise-t-il.<\/p>\n<p>Nouvelle-Cal\u00e9donie en ligne de mire\u00a0?<\/p>\n<p>Dernier chantier\u00a0: un stage de pr\u00e9paration d\u00e9but octobre\u00a02026. La piste la plus s\u00e9rieuse m\u00e8ne\u2026 \u00e0 la Nouvelle-Cal\u00e9donie. \u00ab\u00a0Nous discutons pour y organiser un camp et un match avant la Coupe du monde\u00a0\u00bb, confirme le s\u00e9lectionneur.<\/p>\n<p>Tout d\u00e9pendra du budget et de la disponibilit\u00e9 des adversaires. La F\u00e9d\u00e9ration, de son c\u00f4t\u00e9, s\u2019appr\u00eate \u00e0 engager trois s\u00e9lections en Australie en 2026\u00a0: le XIII Fauteuil, les f\u00e9minines et les gar\u00e7ons. Trois \u00e9quipes, un seul objectif\u00a0: faire rayonner le rugby \u00e0 XIII fran\u00e7ais sur la sc\u00e8ne mondiale. Un enjeu de taille et un rendez-vous \u00e0 ne pas manquer au pays de la Rugby League.<\/p>\n","protected":false},"excerpt":{"rendered":"Il y a trois semaines \u00e0 peine, le XIII de France validait avec autorit\u00e9 son billet pour la&hellip;\n","protected":false},"author":2,"featured_media":530883,"comment_status":"","ping_status":"","sticky":false,"template":"","format":"standard","meta":{"footnotes":""},"categories":[1416],"tags":[1011,27,479,1468,60],"class_list":{"0":"post-530882","1":"post","2":"type-post","3":"status-publish","4":"format-standard","5":"has-post-thumbnail","7":"category-rugby","8":"tag-fr","9":"tag-france","10":"tag-rugby","11":"tag-rugby-football","12":"tag-sports"},"share_on_mastodon":{"url":"https:\/\/pubeurope.com\/@fr\/115541402402380567","error":""},"_links":{"self":[{"href":"https:\/\/www.europesays.com\/fr\/wp-json\/wp\/v2\/posts\/530882","targetHints":{"allow":["GET"]}}],"collection":[{"href":"https:\/\/www.europesays.com\/fr\/wp-json\/wp\/v2\/posts"}],"about":[{"href":"https:\/\/www.europesays.com\/fr\/wp-json\/wp\/v2\/types\/post"}],"author":[{"embeddable":true,"href":"https:\/\/www.europesays.com\/fr\/wp-json\/wp\/v2\/users\/2"}],"replies":[{"embeddable":true,"href":"https:\/\/www.europesays.com\/fr\/wp-json\/wp\/v2\/comments?post=530882"}],"version-history":[{"count":0,"href":"https:\/\/www.europesays.com\/fr\/wp-json\/wp\/v2\/posts\/530882\/revisions"}],"wp:featuredmedia":[{"embeddable":true,"href":"https:\/\/www.europesays.com\/fr\/wp-json\/wp\/v2\/media\/530883"}],"wp:attachment":[{"href":"https:\/\/www.europesays.com\/fr\/wp-json\/wp\/v2\/media?parent=530882"}],"wp:term":[{"taxonomy":"category","embeddable":true,"href":"https:\/\/www.europesays.com\/fr\/wp-json\/wp\/v2\/categories?post=530882"},{"taxonomy":"post_tag","embeddable":true,"href":"https:\/\/www.europesays.com\/fr\/wp-json\/wp\/v2\/tags?post=530882"}],"curies":[{"name":"wp","href":"https:\/\/api.w.org\/{rel}","templated":true}]}}