{"id":530884,"date":"2025-11-13T08:17:12","date_gmt":"2025-11-13T08:17:12","guid":{"rendered":"https:\/\/www.europesays.com\/fr\/530884\/"},"modified":"2025-11-13T08:17:12","modified_gmt":"2025-11-13T08:17:12","slug":"classement-du-jour-horaires-et-chaines-des-matchs-du-jeudi-13-novembre","status":"publish","type":"post","link":"https:\/\/www.europesays.com\/fr\/530884\/","title":{"rendered":"Classement du jour, horaires et cha\u00eenes des matchs du jeudi 13\u00a0novembre"},"content":{"rendered":"<p>Les ATP Finals 2025 de <a href=\"https:\/\/www.20minutes.fr\/dossier\/turin\" class=\"c-link c-link--is-underlined\" target=\"_blank\" rel=\"noopener\">Turin<\/a> prennent un nouveau tournant jeudi, avec les derniers matches du groupe Jimmy Connors. Pour l\u2019heure, aucun joueur n\u2019est encore qualifi\u00e9 pour les demi-finales. Avec deux victoires en deux matchs, <a href=\"https:\/\/www.20minutes.fr\/sport\/carlos-alcaraz\/\" class=\"c-link c-link--is-underlined\" target=\"_blank\" rel=\"noopener\">Carlos Alcaraz<\/a> a une longueur d\u2019avance d\u2019avance avant son duel contre Lorenzo Musetti, qui compte un seul succ\u00e8s. L\u2019Espagnol sera assur\u00e9 de la place de n\u00b01 mondial s\u2019il remporte son match.<\/p>\n<p>Plus t\u00f4t dans la journ\u00e9e, l\u2019Am\u00e9ricain Taylor Fritz sera oppos\u00e9 \u00e0 Alex de Minaur. L\u2019Australien a perdu ses cinq premiers matchs en <a href=\"https:\/\/www.20minutes.fr\/sport\/atp\/\" class=\"c-link c-link--is-underlined\" target=\"_blank\" rel=\"noopener\">ATP<\/a> Finals Masters (2 lors de cette \u00e9dition).<\/p>\n<p class=\"mb-xxl@xs color-ultramarine font-weight-semi-bold@xs font-source-serif-pro heading-s@xs\">L\u2019acc\u00e8s \u00e0 ce contenu a \u00e9t\u00e9 bloqu\u00e9 afin de respecter votre choix de consentement<\/p>\n<p class=\"mb-m@xs text-l@xs\">En cliquant sur\u00ab J\u2019accepte \u00bb, vous acceptez le d\u00e9p\u00f4t de cookies par des services externes et aurez ainsi acc\u00e8s aux contenus de nos partenaires.<\/p>\n<p class=\"mb-xl@xs text-s@xs\">Plus d\u2019informations sur la page<a href=\"https:\/\/www.20minutes.fr\/gestion-cookies\" class=\"mx-xxs@xs color-ultramarine\" target=\"_blank\" rel=\"noopener\">Politique de gestion des cookies<\/a><\/p>\n<p>J\u2019accepte\u00c0 quelle heure et sur quelle cha\u00eene voir les matches du tournoi ATP Finals ce jeudi 13\u00a0novembre<\/p>\n<p>Les matchs de l\u2019ATP Finals seront diffus\u00e9s sur Eurosport 360 et la plateforme Max, jeudi 13\u00a0novembre, \u00e0 14h00 et \u00e0 20h30\u00a0:<\/p>\n<ul>\n<li>Fritz (6) &#8211; De Minaur (7)\u00a0: 14.00<\/li>\n<li>Alcaraz (1) &#8211; Musetti (9)\u00a0: 20.30<\/li>\n<\/ul>\n<p>Le classement du Groupe Jimmy Connors<\/p>\n<ol>\n<li>Carlos Alcaraz 2 victoires &#8211; 0 d\u00e9faite +\u00a03 (sets) +\u00a09 (jeux)<\/li>\n<li>Taylor Fritz 1 victoire &#8211; 1 d\u00e9faite +\u00a01 +\u00a01<\/li>\n<li>Lorenzo Musetti 1 victoire &#8211; 1 d\u00e9faite -1 -4<\/li>\n<li>Alex De Minaur 0 victoire &#8211; 0 d\u00e9faite -3 -6<\/li>\n<\/ol>\n","protected":false},"excerpt":{"rendered":"Les ATP Finals 2025 de Turin prennent un nouveau tournant jeudi, avec les derniers matches du groupe Jimmy&hellip;\n","protected":false},"author":2,"featured_media":530885,"comment_status":"","ping_status":"","sticky":false,"template":"","format":"standard","meta":{"footnotes":""},"categories":[1415],"tags":[4169,7779,1011,27,6672,517,60,1467],"class_list":{"0":"post-530884","1":"post","2":"type-post","3":"status-publish","4":"format-standard","5":"has-post-thumbnail","7":"category-tennis","8":"tag-atp","9":"tag-carlos-alcaraz","10":"tag-fr","11":"tag-france","12":"tag-masters","13":"tag-sport","14":"tag-sports","15":"tag-tennis"},"share_on_mastodon":{"url":"https:\/\/pubeurope.com\/@fr\/115541406020291948","error":""},"_links":{"self":[{"href":"https:\/\/www.europesays.com\/fr\/wp-json\/wp\/v2\/posts\/530884","targetHints":{"allow":["GET"]}}],"collection":[{"href":"https:\/\/www.europesays.com\/fr\/wp-json\/wp\/v2\/posts"}],"about":[{"href":"https:\/\/www.europesays.com\/fr\/wp-json\/wp\/v2\/types\/post"}],"author":[{"embeddable":true,"href":"https:\/\/www.europesays.com\/fr\/wp-json\/wp\/v2\/users\/2"}],"replies":[{"embeddable":true,"href":"https:\/\/www.europesays.com\/fr\/wp-json\/wp\/v2\/comments?post=530884"}],"version-history":[{"count":0,"href":"https:\/\/www.europesays.com\/fr\/wp-json\/wp\/v2\/posts\/530884\/revisions"}],"wp:featuredmedia":[{"embeddable":true,"href":"https:\/\/www.europesays.com\/fr\/wp-json\/wp\/v2\/media\/530885"}],"wp:attachment":[{"href":"https:\/\/www.europesays.com\/fr\/wp-json\/wp\/v2\/media?parent=530884"}],"wp:term":[{"taxonomy":"category","embeddable":true,"href":"https:\/\/www.europesays.com\/fr\/wp-json\/wp\/v2\/categories?post=530884"},{"taxonomy":"post_tag","embeddable":true,"href":"https:\/\/www.europesays.com\/fr\/wp-json\/wp\/v2\/tags?post=530884"}],"curies":[{"name":"wp","href":"https:\/\/api.w.org\/{rel}","templated":true}]}}