{"id":530890,"date":"2025-11-13T08:23:18","date_gmt":"2025-11-13T08:23:18","guid":{"rendered":"https:\/\/www.europesays.com\/fr\/530890\/"},"modified":"2025-11-13T08:23:18","modified_gmt":"2025-11-13T08:23:18","slug":"qui-est-cet-acteur-mondialement-connu-qui-a-ete-vu-dernierement-dans-le-metro","status":"publish","type":"post","link":"https:\/\/www.europesays.com\/fr\/530890\/","title":{"rendered":"Qui est cet acteur mondialement connu qui a \u00e9t\u00e9 vu derni\u00e8rement dans le m\u00e9tro ?"},"content":{"rendered":"<p>Des passagers ont rep\u00e9r\u00e9 Tom Hanks, double laur\u00e9at de l\u2019Oscar,<br \/>\nlors d\u2019une sortie tr\u00e8s discr\u00e8te dans le m\u00e9tro new-yorkais. La star<br \/>\nde <a href=\"https:\/\/www.closermag.fr\/people\/forrest-gump-que-devient-mykelti-williamson-bubba-1124787\" target=\"_blank\" rel=\"noopener\"><br \/>\nForrest Gump<\/a>, 69 ans, s\u2019est fait photographier assise<br \/>\ncalmement dans un wagon de la ligne 6. Il cachait son visage<br \/>\nderri\u00e8re un masque m\u00e9dical.<\/p>\n<p>Pour passer <strong>inaper\u00e7u<\/strong>, l\u2019acteur portait un<br \/>\nbonnet et une veste noirs assortis, un pull noir, un jean bleu et<br \/>\ndes chaussures sobres, tout en tenant un sac vert. D\u2019autres clich\u00e9s<br \/>\nle montrent debout, accroch\u00e9 aux barres du m\u00e9tro, le regard tourn\u00e9<br \/>\nvers l\u2019objectif.<\/p>\n<p>L&rsquo;acteur Tom Hanks se fait<br \/>\ndiscret dans le m\u00e9tro new-yorkais<\/p>\n<p data-start=\"719\" data-end=\"1449\">Le p\u00e8re de quatre enfants<br \/>\n<strong>se fait rep\u00e9rer r\u00e9guli\u00e8rement dans les transports en<br \/>\ncommun<\/strong>. D\u00e9but octobre, des photographes ont surpris Hanks<br \/>\nsur la ligne Pelham. Il portait une chemise noire, un pantalon<br \/>\nassorti, une veste en jean beige et des bottes noires. Il<br \/>\ncompl\u00e9tait sa tenue avec un masque et un grand casque audio.<\/p>\n<p>Apr\u00e8s ce trajet, le p\u00e8re d&rsquo;<a href=\"https:\/\/www.closermag.fr\/people\/tom-hanks-sa-fille-elizabeth-issue-dun-mariage-meconnu-raconte-son-enfance-remplie-de-violence-et-de-privation-3534615\" target=\"_blank\" rel=\"noopener\">Elizabeth<\/a><br \/>\na pris un caf\u00e9 sur un banc de parc. Quelques dollars ont \u00e9t\u00e9<br \/>\nlaiss\u00e9s \u00e0 un musicien de rue. Puis, direction les r\u00e9p\u00e9titions de sa<br \/>\nprochaine pi\u00e8ce off-Broadway, This World of Tomorrow,<br \/>\nadapt\u00e9e de son livre Uncommon Type. Dans cette cr\u00e9ation,<br \/>\nl\u2019acteur incarne le scientifique <strong>Bert Allenberry<\/strong>,<br \/>\nqui voyage dans le temps jusqu\u2019\u00e0 la Foire mondiale de 1939 \u00e0 New<br \/>\nYork \u00e0 la recherche de l\u2019amour v\u00e9ritable.<\/p>\n<p>Les<br \/>\nstars aussi empruntent le m\u00e9tro<\/p>\n<p data-start=\"1498\" data-end=\"2140\">Tom Hanks n\u2019est pas le seul<br \/>\nacteur hollywoodien \u00e0 opter pour le m\u00e9tro. <strong><a href=\"https:\/\/www.closermag.fr\/people\/harrison-ford-a-quoi-ressemblait-lacteur-a-ses-debuts-3519742\" target=\"_blank\" rel=\"noopener\"><br \/>\nHarrison Ford<\/a> et sa femme Calista Flockhart<\/strong> avaient<br \/>\n\u00e9galement fait sensation en avril dernier en empruntant la ligne 2<br \/>\npour se rendre \u00e0 un spectacle off-Broadway.<\/p>\n<p>Le couple, mari\u00e9 depuis 2010, partage un tendre baiser avant que<br \/>\nl\u2019actrice ne prenne son train express pour Curse of the<br \/>\nStarving Class. Harisson Ford, fid\u00e8le aux instructions de sa<br \/>\nfemme, a ensuite emprunt\u00e9 la ligne 1 jusqu\u2019\u00e0 la station 59th<br \/>\nStreet. Ces anecdotes montrent que m\u00eame les l\u00e9gendes<br \/>\nhollywoodiennes savent appr\u00e9cier le m\u00e9tro new-yorkais.<\/p>\n<p>Diaporama<br \/>\n<img decoding=\"async\" class=\"diapo_img img-responsive lazy-load\" loading=\"lazy\" src=\"https:\/\/www.europesays.com\/fr\/wp-content\/uploads\/2025\/11\/bestimage_00732218_000006.jpg\"\/><\/p>\n<p>\u00a9 Backgrid USA \/ Bestimage<\/p>\n<p>1\/5 Une apparition surprise dans le<br \/>\nm\u00e9tro.<\/p>\n<p>La star hollywoodienne a \u00e9t\u00e9 rep\u00e9r\u00e9e dans le m\u00e9tro new-yorkais,<br \/>\nadoptant un look tr\u00e8s discret pour passer inaper\u00e7ue.<\/p>\n<p><img decoding=\"async\" class=\"diapo_img img-responsive lazy-load\" loading=\"lazy\" src=\"https:\/\/www.europesays.com\/fr\/wp-content\/uploads\/2025\/11\/bestimage_00732218_000002.jpg\"\/><\/p>\n<p>\u00a9 Backgrid USA \/ Bestimage<\/p>\n<p>2\/5 Style camouflage.<\/p>\n<p>Pour rester incognito, il portait un bonnet et une veste noire<br \/>\nassortis, un pull noir, un jean bleu et des chaussures sobres, tout<br \/>\nen cachant son visage derri\u00e8re un masque m\u00e9dical.<\/p>\n<p><img decoding=\"async\" class=\"diapo_img img-responsive lazy-load\" loading=\"lazy\" src=\"https:\/\/www.europesays.com\/fr\/wp-content\/uploads\/2025\/11\/bestimage_00732218_000001.jpg\"\/><\/p>\n<p>\u00a9 Backgrid USA \/ Bestimage<\/p>\n<p>3\/5 Un moment tranquille.<\/p>\n<p>Assis calmement dans un wagon de la ligne 6, l\u2019acteur semblait<br \/>\nprofiter d\u2019un trajet ordinaire loin des projecteurs.<\/p>\n<p><img decoding=\"async\" class=\"diapo_img img-responsive lazy-load\" loading=\"lazy\" src=\"https:\/\/www.europesays.com\/fr\/wp-content\/uploads\/2025\/11\/bestimage_00732218_000007.jpg\"\/><\/p>\n<p>\u00a9 Backgrid USA \/ Bestimage<\/p>\n<p>4\/5 En pleine observation.<\/p>\n<p>Sur d\u2019autres clich\u00e9s, il est debout, accroch\u00e9 aux barres du<br \/>\nm\u00e9tro, jetant un regard direct vers l\u2019objectif, r\u00e9v\u00e9lant une<br \/>\npr\u00e9sence discr\u00e8te mais reconnaissable pour les observateurs<br \/>\nattentifs.<\/p>\n<p><img decoding=\"async\" class=\"diapo_img img-responsive lazy-load\" loading=\"lazy\" src=\"https:\/\/www.europesays.com\/fr\/wp-content\/uploads\/2025\/11\/bestimage_00730373_000019.jpg\"\/><\/p>\n<p>\u00a9 Backgrid USA \/ Bestimage<\/p>\n<p>5\/5 Une routine bien rod\u00e9e.<\/p>\n<p>Ce n\u2019est pas la premi\u00e8re fois que l\u2019acteur est surpris dans les<br \/>\ntransports en commun. D\u00e9but octobre, il avait \u00e9t\u00e9 vu sur une autre<br \/>\nligne, toujours masqu\u00e9, avant de profiter d\u2019un caf\u00e9 dans un parc et<br \/>\nde se rendre \u00e0 ses r\u00e9p\u00e9titions th\u00e9\u00e2trales.<\/p>\n","protected":false},"excerpt":{"rendered":"Des passagers ont rep\u00e9r\u00e9 Tom Hanks, double laur\u00e9at de l\u2019Oscar, lors d\u2019une sortie tr\u00e8s discr\u00e8te dans le m\u00e9tro&hellip;\n","protected":false},"author":2,"featured_media":530891,"comment_status":"","ping_status":"","sticky":false,"template":"","format":"standard","meta":{"footnotes":""},"categories":[1359],"tags":[58,59,1011,27,1638,973,2592],"class_list":{"0":"post-530890","1":"post","2":"type-post","3":"status-publish","4":"format-standard","5":"has-post-thumbnail","7":"category-people","8":"tag-divertissement","9":"tag-entertainment","10":"tag-fr","11":"tag-france","12":"tag-has_diapo","13":"tag-people","14":"tag-tom-hanks"},"share_on_mastodon":{"url":"https:\/\/pubeurope.com\/@fr\/115541430901333282","error":""},"_links":{"self":[{"href":"https:\/\/www.europesays.com\/fr\/wp-json\/wp\/v2\/posts\/530890","targetHints":{"allow":["GET"]}}],"collection":[{"href":"https:\/\/www.europesays.com\/fr\/wp-json\/wp\/v2\/posts"}],"about":[{"href":"https:\/\/www.europesays.com\/fr\/wp-json\/wp\/v2\/types\/post"}],"author":[{"embeddable":true,"href":"https:\/\/www.europesays.com\/fr\/wp-json\/wp\/v2\/users\/2"}],"replies":[{"embeddable":true,"href":"https:\/\/www.europesays.com\/fr\/wp-json\/wp\/v2\/comments?post=530890"}],"version-history":[{"count":0,"href":"https:\/\/www.europesays.com\/fr\/wp-json\/wp\/v2\/posts\/530890\/revisions"}],"wp:featuredmedia":[{"embeddable":true,"href":"https:\/\/www.europesays.com\/fr\/wp-json\/wp\/v2\/media\/530891"}],"wp:attachment":[{"href":"https:\/\/www.europesays.com\/fr\/wp-json\/wp\/v2\/media?parent=530890"}],"wp:term":[{"taxonomy":"category","embeddable":true,"href":"https:\/\/www.europesays.com\/fr\/wp-json\/wp\/v2\/categories?post=530890"},{"taxonomy":"post_tag","embeddable":true,"href":"https:\/\/www.europesays.com\/fr\/wp-json\/wp\/v2\/tags?post=530890"}],"curies":[{"name":"wp","href":"https:\/\/api.w.org\/{rel}","templated":true}]}}