{"id":530898,"date":"2025-11-13T08:28:15","date_gmt":"2025-11-13T08:28:15","guid":{"rendered":"https:\/\/www.europesays.com\/fr\/530898\/"},"modified":"2025-11-13T08:28:15","modified_gmt":"2025-11-13T08:28:15","slug":"cest-inedit-deux-films-evenements-tournes-en-vaucluse-sortent-coup-sur-coup-au-cinema-le-gang-des-amazones-et-jean-valjean","status":"publish","type":"post","link":"https:\/\/www.europesays.com\/fr\/530898\/","title":{"rendered":"C\u2019est in\u00e9dit\u00a0\u00bb\u00a0: deux films \u00e9v\u00e9nements tourn\u00e9s en Vaucluse sortent coup sur coup au cin\u00e9ma, \u00ab\u00a0Le gang des amazones\u00a0\u00bb et \u00ab\u00a0Jean Valjean"},"content":{"rendered":"<p>Tourn\u00e9 notamment \u00e0 <a href=\"https:\/\/www.laprovence.com\/article\/culture-loisirs\/102291440564915\/le-festival-de-rue-fontarts-lance-sa-27e-edition-a-pernes-les-fontaines-un-evenement-populaire-et-gratuit\" target=\"_blank\" rel=\"noopener\">Pernes-les-Fontaine<\/a>s, le t\u00e9l\u00e9film R\u00e9sistantes, avec <a href=\"https:\/\/www.laprovence.com\/article\/culture-loisirs\/82727657518925\/line-renaud-interprete-sur-france-2-une-resistante-vauclusienne-durant-la-seconde-guerre-mondiale\" target=\"_blank\" rel=\"noopener\">Line Renaud<\/a>, a \u00e9t\u00e9 vu en\u00a02025 par 3,6\u00a0millions de t\u00e9l\u00e9spectateurs sur France 2. L\u2019\u00e9t\u00e9 dernier, <a href=\"https:\/\/www.laprovence.com\/article\/culture-loisirs\/5456064644838\/avignon-entre-bijou-et-hommage-maladroit-que-dit-la-presse-du-film-avec-baptiste-lecaplain\" target=\"_blank\" rel=\"noopener\">Baptiste Lecaplain<\/a> attirait 300\u00a0000 spectateurs dans les salles obscures pour la com\u00e9die romantique <a href=\"https:\/\/www.laprovence.com\/article\/culture-loisirs\/2749521203189114\/baptiste-lecaplain-tres-convainquant-dans-le-role-dun-comedien-du-festival-off-davignon-arrive-au-pontet\" target=\"_blank\" rel=\"noopener\">Avignon<\/a>, une v\u00e9ritable d\u00e9claration d\u2019amour \u00e0 la cit\u00e9 des papes et au <a href=\"https:\/\/www.laprovence.com\/article\/culture-loisirs\/3281896295501414\/festival-off-davignon-notre-selection-des-10-spectacles-a-ne-pas-rater\" target=\"_blank\" rel=\"noopener\">Festival Off<\/a>.<\/p>\n<p>Bas\u00e9e \u00e0 Carpentras, la Commission du film Luberon-Vaucluse encadre les tournages, propose des d\u00e9cors aux <a href=\"https:\/\/www.laprovence.com\/article\/culture-loisirs\/42426902526019\/robert-guediguian-il-n-y-a-pas-d-histoire-sans-histoire-d-amour-notre-interview-du-cineaste-marseillais\" target=\"_blank\" rel=\"noopener\">r\u00e9alisateurs<\/a>, et met en relations com\u00e9diens et techniciens locaux avec les soci\u00e9t\u00e9s de production. Mots choisis avec Anne-C\u00e9cile Celimon-Paul, responsable cin\u00e9ma pour la Commission du film.<\/p>\n<p><strong>Que deux films aussi attendus sortent coup sur coup au cin\u00e9ma apr\u00e8s avoir \u00e9t\u00e9 tourn\u00e9s en Vaucluse, c\u2019est totalement nouveau non\u00a0?<\/strong>&#13;\n<\/p>\n<p>C\u2019est in\u00e9dit \u00e0 mon sens, en tout cas depuis\u00a02018 et mon arriv\u00e9e \u00e0 la Commission du film. C\u2019est un travail sur l\u2019attractivit\u00e9 qui paie. Surtout ce qui est important, c\u2019est que ces tournages dans le d\u00e9partement permettent de faire travailler des com\u00e9diens (seconds r\u00f4les, Ndlr) et des techniciens d\u2019ici. \u00c0 la Commission du film, j\u2019ai un fichier de plus de 300 artistes interpr\u00e8tes et de 150 techniciens. Il n\u2019y a pas un seul tour&#8230;<\/p>\n","protected":false},"excerpt":{"rendered":"Tourn\u00e9 notamment \u00e0 Pernes-les-Fontaines, le t\u00e9l\u00e9film R\u00e9sistantes, avec Line Renaud, a \u00e9t\u00e9 vu en\u00a02025 par 3,6\u00a0millions de t\u00e9l\u00e9spectateurs&hellip;\n","protected":false},"author":2,"featured_media":530899,"comment_status":"","ping_status":"","sticky":false,"template":"","format":"standard","meta":{"footnotes":""},"categories":[1354],"tags":[17,2511,4070,58,59,3696,1346,1011,27,17677,1360,16,16032,4520],"class_list":{"0":"post-530898","1":"post","2":"type-post","3":"status-publish","4":"format-standard","5":"has-post-thumbnail","7":"category-films","8":"tag-17","9":"tag-cest","10":"tag-deux","11":"tag-divertissement","12":"tag-entertainment","13":"tag-evenements","14":"tag-films","15":"tag-fr","16":"tag-france","17":"tag-inedit","18":"tag-movies","19":"tag-region","20":"tag-tournes","21":"tag-vaucluse"},"share_on_mastodon":{"url":"https:\/\/pubeurope.com\/@fr\/115541449479439623","error":""},"_links":{"self":[{"href":"https:\/\/www.europesays.com\/fr\/wp-json\/wp\/v2\/posts\/530898","targetHints":{"allow":["GET"]}}],"collection":[{"href":"https:\/\/www.europesays.com\/fr\/wp-json\/wp\/v2\/posts"}],"about":[{"href":"https:\/\/www.europesays.com\/fr\/wp-json\/wp\/v2\/types\/post"}],"author":[{"embeddable":true,"href":"https:\/\/www.europesays.com\/fr\/wp-json\/wp\/v2\/users\/2"}],"replies":[{"embeddable":true,"href":"https:\/\/www.europesays.com\/fr\/wp-json\/wp\/v2\/comments?post=530898"}],"version-history":[{"count":0,"href":"https:\/\/www.europesays.com\/fr\/wp-json\/wp\/v2\/posts\/530898\/revisions"}],"wp:featuredmedia":[{"embeddable":true,"href":"https:\/\/www.europesays.com\/fr\/wp-json\/wp\/v2\/media\/530899"}],"wp:attachment":[{"href":"https:\/\/www.europesays.com\/fr\/wp-json\/wp\/v2\/media?parent=530898"}],"wp:term":[{"taxonomy":"category","embeddable":true,"href":"https:\/\/www.europesays.com\/fr\/wp-json\/wp\/v2\/categories?post=530898"},{"taxonomy":"post_tag","embeddable":true,"href":"https:\/\/www.europesays.com\/fr\/wp-json\/wp\/v2\/tags?post=530898"}],"curies":[{"name":"wp","href":"https:\/\/api.w.org\/{rel}","templated":true}]}}