{"id":530911,"date":"2025-11-13T08:35:10","date_gmt":"2025-11-13T08:35:10","guid":{"rendered":"https:\/\/www.europesays.com\/fr\/530911\/"},"modified":"2025-11-13T08:35:10","modified_gmt":"2025-11-13T08:35:10","slug":"veuve-de-fred-dewilde-marianne-mazas-vit-pour-perpetuer-la-memoire-du-dessinateur-qui-sest-donne-la-mort-apres-avoir-rechappe-au-bataclan-liberation","status":"publish","type":"post","link":"https:\/\/www.europesays.com\/fr\/530911\/","title":{"rendered":"veuve de Fred Dewilde, Marianne Mazas vit \u00abpour perp\u00e9tuer la m\u00e9moire\u00bb du dessinateur qui s\u2019est donn\u00e9 la mort apr\u00e8s avoir r\u00e9chapp\u00e9 au Bataclan \u2013 Lib\u00e9ration"},"content":{"rendered":"<p class=\"sc-cPiKLX AiZTS text-element\">Elle arrive d\u2019un pas d\u00e9cid\u00e9, son bouvier en laisse, balaie la salle du bar de son regard bleu acier un peu inquiet. D\u00e8s la premi\u00e8re prise de contact, Marianne Mazas avait pr\u00e9venu : \u00abJe ne tiens pas vraiment \u00e0 sortir les violons sur moi-m\u00eame, mais plut\u00f4t \u00e0 passer des messages pour perp\u00e9tuer la m\u00e9moire de Fred.\u00bb Le 5 mai 2024, l\u2019homme qu\u2019elle aimait, <a href=\"https:\/\/www.liberation.fr\/societe\/police-justice\/mort-de-fred-dewilde-survivant-du-bataclan-20240507_RXDPGVMNVZAZBKQ2H7HVE3ESTM\/\" target=\"_blank\" rel=\"noreferrer nofollow noopener\" title=\"https:\/\/www.liberation.fr\/societe\/police-justice\/mort-de-fred-dewilde-survivant-du-bataclan-20240507_RXDPGVMNVZAZBKQ2H7HVE3ESTM\/\">Fred Dewilde, 58 ans, s\u2019est donn\u00e9 la mort<\/a>. Le dessinateur avait surv\u00e9cu aux attentats du 13 novembre 2015. Il n\u2019a pas surv\u00e9cu aux blessures invisibles, qui le poursuivaient depuis ces deux heures pass\u00e9es dans l\u2019enfer de la fosse du Bataclan. \u00abUne submersion du trauma\u00bb, regrette celle qui l\u2019avait rencontr\u00e9 en 2019.<\/p>\n","protected":false},"excerpt":{"rendered":"Elle arrive d\u2019un pas d\u00e9cid\u00e9, son bouvier en laisse, balaie la salle du bar de son regard bleu&hellip;\n","protected":false},"author":2,"featured_media":530912,"comment_status":"","ping_status":"","sticky":false,"template":"","format":"standard","meta":{"footnotes":""},"categories":[4],"tags":[11,65016,1011,27,12,25],"class_list":{"0":"post-530911","1":"post","2":"type-post","3":"status-publish","4":"format-standard","5":"has-post-thumbnail","7":"category-france","8":"tag-actualites","9":"tag-attentats-paris-13-novembre","10":"tag-fr","11":"tag-france","12":"tag-news","13":"tag-republique-francaise"},"share_on_mastodon":{"url":"https:\/\/pubeurope.com\/@fr\/115541477094973173","error":""},"_links":{"self":[{"href":"https:\/\/www.europesays.com\/fr\/wp-json\/wp\/v2\/posts\/530911","targetHints":{"allow":["GET"]}}],"collection":[{"href":"https:\/\/www.europesays.com\/fr\/wp-json\/wp\/v2\/posts"}],"about":[{"href":"https:\/\/www.europesays.com\/fr\/wp-json\/wp\/v2\/types\/post"}],"author":[{"embeddable":true,"href":"https:\/\/www.europesays.com\/fr\/wp-json\/wp\/v2\/users\/2"}],"replies":[{"embeddable":true,"href":"https:\/\/www.europesays.com\/fr\/wp-json\/wp\/v2\/comments?post=530911"}],"version-history":[{"count":0,"href":"https:\/\/www.europesays.com\/fr\/wp-json\/wp\/v2\/posts\/530911\/revisions"}],"wp:featuredmedia":[{"embeddable":true,"href":"https:\/\/www.europesays.com\/fr\/wp-json\/wp\/v2\/media\/530912"}],"wp:attachment":[{"href":"https:\/\/www.europesays.com\/fr\/wp-json\/wp\/v2\/media?parent=530911"}],"wp:term":[{"taxonomy":"category","embeddable":true,"href":"https:\/\/www.europesays.com\/fr\/wp-json\/wp\/v2\/categories?post=530911"},{"taxonomy":"post_tag","embeddable":true,"href":"https:\/\/www.europesays.com\/fr\/wp-json\/wp\/v2\/tags?post=530911"}],"curies":[{"name":"wp","href":"https:\/\/api.w.org\/{rel}","templated":true}]}}