{"id":530931,"date":"2025-11-13T08:45:35","date_gmt":"2025-11-13T08:45:35","guid":{"rendered":"https:\/\/www.europesays.com\/fr\/530931\/"},"modified":"2025-11-13T08:45:35","modified_gmt":"2025-11-13T08:45:35","slug":"deux-conducteurs-desincarceres-un-en-urgence-absolue","status":"publish","type":"post","link":"https:\/\/www.europesays.com\/fr\/530931\/","title":{"rendered":"deux conducteurs d\u00e9sincarc\u00e9r\u00e9s, un en urgence absolue"},"content":{"rendered":"<p melodystyle=\"texte\">Les sapeurs-pompiers ont \u00e9t\u00e9 mobilis\u00e9s dans la nuit du jeudi\u00a06 au vendredi 7\u00a0novembre, \u00e0 4h06, pour un grave accident de la circulation survenu sur l&rsquo;autoroute A13, au point kilom\u00e9trique 114, sur le territoire de la commune d&rsquo;Oissel, dans le sens Paris-Caen.<\/p>\n<p melodystyle=\"texte\">\u2022 <b>A lire aussi.<\/b>\u00a0<a href=\"https:\/\/www.lecourriercauchois.fr\/actualite-391734-actualise-lac-de-jumieges-la-personne-disparue-retrouvee-decedee\" target=\"_blank\" rel=\"nofollow noopener\">[Actualis\u00e9]. Lac de Jumi\u00e8ges\u00a0: la personne disparue retrouv\u00e9e d\u00e9c\u00e9d\u00e9e<\/a><\/p>\n<p>Deux conducteurs d\u00e9sincarc\u00e9r\u00e9s<\/p>\n<p melodystyle=\"texte\">L&rsquo;accident a impliqu\u00e9 une voiture l\u00e9g\u00e8re et un poids lourd. A leur arriv\u00e9e, les secours ont constat\u00e9 que les deux conducteurs \u00e9taient incarc\u00e9r\u00e9s dans leurs v\u00e9hicules. Les pompiers ont d\u00fb proc\u00e9der \u00e0 leur d\u00e9sincarc\u00e9ration.<\/p>\n<p melodystyle=\"texte\">Le conducteur du poids lourd, un homme de 70 ans, bless\u00e9 (urgence relative), a \u00e9t\u00e9 transport\u00e9 vers le CHU de Rouen. Le conducteur de la voiture, un homme de 27 ans en urgence absolue, a lui aussi \u00e9t\u00e9 m\u00e9dicalis\u00e9 sur place avant d&rsquo;\u00eatre \u00e9vacu\u00e9 vers le m\u00eame \u00e9tablissement hospitalier.<\/p>\n<p melodystyle=\"texte\">Vingt-quatre sapeurs-pompiers et dix engins ont \u00e9t\u00e9 engag\u00e9s sur cette intervention.<\/p>\n","protected":false},"excerpt":{"rendered":"Les sapeurs-pompiers ont \u00e9t\u00e9 mobilis\u00e9s dans la nuit du jeudi\u00a06 au vendredi 7\u00a0novembre, \u00e0 4h06, pour un grave&hellip;\n","protected":false},"author":2,"featured_media":530932,"comment_status":"","ping_status":"","sticky":false,"template":"","format":"standard","meta":{"footnotes":""},"categories":[9587],"tags":[1111,11,1777,674,1011,27,12,5161,25,9590],"class_list":{"0":"post-530931","1":"post","2":"type-post","3":"status-publish","4":"format-standard","5":"has-post-thumbnail","7":"category-rouen","8":"tag-actu","9":"tag-actualites","10":"tag-eu","11":"tag-europe","12":"tag-fr","13":"tag-france","14":"tag-news","15":"tag-normandie","16":"tag-republique-francaise","17":"tag-rouen"},"share_on_mastodon":{"url":"https:\/\/pubeurope.com\/@fr\/115541516343604240","error":""},"_links":{"self":[{"href":"https:\/\/www.europesays.com\/fr\/wp-json\/wp\/v2\/posts\/530931","targetHints":{"allow":["GET"]}}],"collection":[{"href":"https:\/\/www.europesays.com\/fr\/wp-json\/wp\/v2\/posts"}],"about":[{"href":"https:\/\/www.europesays.com\/fr\/wp-json\/wp\/v2\/types\/post"}],"author":[{"embeddable":true,"href":"https:\/\/www.europesays.com\/fr\/wp-json\/wp\/v2\/users\/2"}],"replies":[{"embeddable":true,"href":"https:\/\/www.europesays.com\/fr\/wp-json\/wp\/v2\/comments?post=530931"}],"version-history":[{"count":0,"href":"https:\/\/www.europesays.com\/fr\/wp-json\/wp\/v2\/posts\/530931\/revisions"}],"wp:featuredmedia":[{"embeddable":true,"href":"https:\/\/www.europesays.com\/fr\/wp-json\/wp\/v2\/media\/530932"}],"wp:attachment":[{"href":"https:\/\/www.europesays.com\/fr\/wp-json\/wp\/v2\/media?parent=530931"}],"wp:term":[{"taxonomy":"category","embeddable":true,"href":"https:\/\/www.europesays.com\/fr\/wp-json\/wp\/v2\/categories?post=530931"},{"taxonomy":"post_tag","embeddable":true,"href":"https:\/\/www.europesays.com\/fr\/wp-json\/wp\/v2\/tags?post=530931"}],"curies":[{"name":"wp","href":"https:\/\/api.w.org\/{rel}","templated":true}]}}