{"id":530933,"date":"2025-11-13T08:46:38","date_gmt":"2025-11-13T08:46:38","guid":{"rendered":"https:\/\/www.europesays.com\/fr\/530933\/"},"modified":"2025-11-13T08:46:38","modified_gmt":"2025-11-13T08:46:38","slug":"le-rouen-normandie-athletique-remporte-le-87e-challenge-carrington-a-louviers","status":"publish","type":"post","link":"https:\/\/www.europesays.com\/fr\/530933\/","title":{"rendered":"le Rouen Normandie Athl\u00e9tique remporte le 87e challenge Carrington \u00e0 Louviers"},"content":{"rendered":"<p>                    Par<br \/>\n        <strong><br \/>\n            <a href=\"https:\/\/actu.fr\/auteur\/journaliste-louviers\" title=\"Consulter tous les articles de R\u00e9daction Louviers\" rel=\"nofollow noopener\" target=\"_blank\">R\u00e9daction Louviers<\/a><br \/>\n                    <\/strong><\/p>\n<p>        Publi\u00e9 le<\/p>\n<p>            12 nov. 2025 \u00e0 11h00        <\/p>\n<p>Le<b> Rouen Normandie Athl\u00e9tique (RNA)<\/b> prend go\u00fbt au <b>challenge Carrington<\/b>. Pour <a href=\"https:\/\/actu.fr\/normandie\/louviers_27375\/le-challenge-carrington-evenement-emblematique-a-louviers-revient-pour-une-86e-edition_61848545.html\" rel=\"nofollow noopener\" target=\"_blank\">la deuxi\u00e8me ann\u00e9e cons\u00e9cutive<\/a>, le club de la capitale haut-normande s\u2019est adjug\u00e9 le plus vieux troph\u00e9e de cross-country de France dont la 87e \u00e9dition s\u2019est d\u00e9roul\u00e9e ce mardi 11 novembre 2025 \u00e0 <a href=\"https:\/\/actu.fr\/normandie\/louviers_27375\" rel=\"nofollow noopener\" target=\"_blank\">Louviers (Eure)<\/a>. De nombreux autres challenges \u00e9taient \u00e9galement en comp\u00e9tition. Le challenge Pierre Qu\u00e9m\u00e9ner (Minimes H) a \u00e9t\u00e9 remport\u00e9 par le club des Pirhanas ; le challenge Alexandre Le Targa (Cadets) par le RNA ; le challenge Foul\u00e9es (Elites femmes) par le SPN Vernon ; le challenge de l\u2019OMS (Elites hommes) par le SPN Vernon et le challenge Jean Pierre Boucher (Master hommes) par le Stade Sottevillais 76.<\/p>\n<p>\u00a0Des courses \u00e9lites de haut niveau<\/p>\n<p class=\" wall-content\">La course femmes \u00e9lites a \u00e9t\u00e9 magnifique, une belle empoignade entre <b>Dounia Afalah (Pierrefitte-Villetaneuse) et Clara Jobbin (Caen Athl\u00e9tic Club) <\/b>a permis \u00e0 cette derni\u00e8re de remporter une \u00e9preuve de haut niveau avec seulement deux secondes d\u2019avance sur la deuxi\u00e8me. SClara Jobbin : \u00ab\u00a0J\u2019aime particuli\u00e8rement bien venir \u00e0 Louviers, l\u2019an dernier j\u2019ai termin\u00e9 deuxi\u00e8me et cette ann\u00e9e premi\u00e8re.\u00a0\u00bb<\/p>\n<p class=\" wall-content\">Sur le plan local, Oph\u00e9lie Lemieux et <a href=\"https:\/\/actu.fr\/normandie\/val-de-reuil_27701\/val-de-reuil-vanessa-denisselle-quadruple-medaillee-dor-aux-championnats-deurope-de-marche_63360081.html\" rel=\"nofollow noopener\" target=\"_blank\">Vanessa Denisselle <\/a>du VRAC (Val-de-Reuil Athl\u00e9tique Club) ont r\u00e9alis\u00e9 une belle course en terminant \u00e0 d\u2019honorables places respectivement 20e et 25e. Albane Gambu du club d\u2019Alizay a fini quant \u00e0 elle 41e. A l\u2019arriv\u00e9e, on comptait 129 femmes. Du c\u00f4t\u00e9 des hommes \u00e9lites, le K\u00e9nyan du club de l\u2019Entente Athl\u00e9tique de l\u2019Eure (Le Neubourg et le Roumois), le jeune Aron Kiplangat Ruto, encore junior la saison derni\u00e8re s\u2019est adjug\u00e9 la premi\u00e8re place avec une substantielle avance de 21 secondes sur son dauphin Laurent Thomas (Racing Multiathlon) et 35 secondes sur le troisi\u00e8me Florian Gu\u00e9rin (Stade Sottevillais 76).<\/p>\n<p class=\" wall-content\">Deux coureurs de Louviers \u2013 Val de Reuil courant sous les couleurs du SPN Vernon, Romain Chaudin et Guillaume Suze ont fini aux excellentes places de 8e et 10e. Le pr\u00e9sident St\u00e9phane Liaudet un des dirigeants historiques du club du Roumois est tr\u00e8s satisfait de son poulain : \u00a0\u00bb Nous avons pass\u00e9 un deal avec Aron. Nous lui avons pay\u00e9 le billet d\u2019avion et il nous rembourse sur ses r\u00e9sultats en comp\u00e9titions. Il habite chez moi et nous communiquons en anglais. Agriculteur chez lui, il court pour nourrir sa famille. \u00a0\u00bb L\u2019an dernier, il a fini premier aux interr\u00e9gionaux et a termin\u00e9 7e aux championnats de France juniors. Assez loin derri\u00e8re dans une course assez relev\u00e9e, on peut noter la 43e place du coureur d\u2019Alizay Fran\u00e7ois Hauchard. Juste dans sa foul\u00e9e, \u00e0 la 44e place, on peut remarquer la bonne course de Saby Chevalme du VRAC. <b>151 athl\u00e8tes ont fini l\u2019\u00e9preuve.<\/b><\/p>\n<p>Vid\u00e9os : en ce moment sur Actu1900 athl\u00e8tes engag\u00e9s<\/p>\n<p class=\" wall-content\">Une nouvelle fois le club de l\u2019Etoile Athl\u00e9tique Lov\u00e9rienne a largement atteint ses objectifs. Pour Bruno Marais vice pr\u00e9sident de l\u2019EAL en charge du Carrington\u00a0: \u00ab\u00a0<b>\u00a0Nous avons eu 1900 athl\u00e8tes engag\u00e9s et 1759 qui ont termin\u00e9s. <\/b>En 2024, ce sont 1698 qui avaient fini les \u00e9preuves du Carrington.\u00a0C\u2019est donc un peu mieux. \u00ab\u00a0<\/p>\n<p class=\" wall-content\">Du c\u00f4t\u00e9 des clubs, la fr\u00e9quentation \u00e9tait en l\u00e9g\u00e8re baisse<b> 78 inscrits cette ann\u00e9e contre 75 en 2024.<\/b><\/p>\n<p>Votre r\u00e9gion, votre actu !<\/p>\n<p>Recevez chaque jour les infos qui comptent pour vous.<\/p>\n<p>\t<a href=\"https:\/\/actu.fr\/newsletter\" class=\"ac-btn ac-btn--corner ac-btn--medium ac-btn--blue800\" rel=\"nofollow noopener\" target=\"_blank\">S&rsquo;incrire<\/a><\/p>\n<p class=\" wall-content\"><b>\u00a0<\/b><\/p>\n<p>De bons r\u00e9sultats pour l\u2019EAL<\/p>\n<p class=\" wall-content\">Les jeunes pousses de l\u2019EAL ont montr\u00e9 tous leurs talents au cours de cette 87e \u00e9dition du Carrington. Ainsi, en benjamines Victoire Berlaud a franchi la ligne en premi\u00e8re position. Sa camarade de club M\u00e9line Millet en a fait de m\u00eame en minimes filles. Ces deux excellents r\u00e9sultats ont de quoi satisfaire le pr\u00e9sident du club, Didier Deneux.<\/p>\n<blockquote class=\"ac-article-quote wall-content\">\n<p>C\u2019est une tr\u00e8s grande satisfaction de voir deux jeunes athl\u00e8tes de l\u2019EAL remporter leurs \u00e9preuves. Le travail de formation paye.<\/p>\n<p>Didier Deneux, pr\u00e9sident de l\u2019EAL<\/p><\/blockquote>\n<p class=\" wall-content\">Le plaisir \u00e9tait aussi au rendez-vous pour les enfants. Au cours des \u00e9preuves \u00e9veil, poussins, benjamins et minimes, les jeunes \u00e9taient le plus souvent accompagn\u00e9s par leurs parents, des parents heureux de suivre leurs prog\u00e9nitures sur le parcours du stade de la championne du Monde Annette Sergent. Le beau temps aidant, on a pu d\u00e9nombrer non loin de 2000 spectateurs venus encourager les participants. Pour la premi\u00e8re ann\u00e9e, l\u2019ensemble des troph\u00e9es offerts aux participants \u00e9taient en bois local Pour la premi\u00e8re ann\u00e9e, l\u2019ensemble des troph\u00e9es offerts aux participants \u00e9taient en bois local fourni par le magasin lov\u00e9rien Foul\u00e9es. \u00a0\u00bb Nous faisons travailler une entreprise de Heudebouville qui nous fait des troph\u00e9es en h\u00eatre. L\u2019empreinte carbone est ainsi proche de z\u00e9ro\u00a0\u00bb, indique C\u00e9dric Lecerf, le responsable du magasin.<\/p>\n<p>Des nouveaut\u00e9s au diapason<\/p>\n<p class=\" wall-content\">Le club de l\u2019EA Louviers investit beaucoup en termes de politique de formation des jeunes. Cette ann\u00e9e, les responsables du club Didier Deneux, Bruno Marais et Amaya Carrey Gault sont all\u00e9s dans les \u00e9coles Anatole France, Pr\u00e9vert et du Hamlet de Louviers pour sensibiliser les jeunes aux pratiques de l\u2019athl\u00e9tisme.<\/p>\n<p class=\" wall-content\">Une quinzaine de ceux-ci ont ainsi particip\u00e9 \u00e0 leur premier Carrington en cat\u00e9gorie Poussins. \u00ab\u00a0<\/p>\n<blockquote class=\"ac-article-quote wall-content\">\n<p>C\u2019est un investissement pour l\u2019avenir du club et un moyen d\u2019attirer de nouveaux jeunes \u00e0 l\u2019EA Louviers.<\/p>\n<p>Didier Deneux, pr\u00e9sident de l\u2019EAL<\/p><\/blockquote>\n<p class=\" wall-content\">Autre motif de satisfaction pour le club, l\u2019ouverture des \u00e9preuves du Carrington \u00e0 des non licenci\u00e9s FFA : \u00a0\u00bb Nous avons eu une centaine de coureurs non licenci\u00e9s FFA, c\u2019est plut\u00f4t bien pour une premi\u00e8re. \u00a0\u00bb a soulign\u00e9 Bruno Marais.<\/p>\n<p class=\" wall-content\"><b>De notre correspondant,<\/b><br \/><b>Jean-Claude Courteille<\/b><\/p>\n<p class=\" wall-content\">Personnalisez votre actualit\u00e9 en ajoutant vos villes et m\u00e9dias en favori avec <a href=\"https:\/\/moncompte.actu.fr\" title=\"D\u00e9couvez Mon Actu\" rel=\"nofollow noopener\" data-trk=\"{&quot;cta&quot;:{&quot;action&quot;:&quot;https:\\\/\\\/moncompte.actu.fr&quot;,&quot;category&quot;:&quot;mon compte&quot;,&quot;from&quot;:&quot;article footer&quot;,&quot;name&quot;:&quot;Mon actu&quot;,&quot;type&quot;:&quot;cta&quot;}}\" target=\"_blank\">Mon Actu<\/a>.<\/p>\n","protected":false},"excerpt":{"rendered":"Par R\u00e9daction Louviers Publi\u00e9 le 12 nov. 2025 \u00e0 11h00 Le Rouen Normandie Athl\u00e9tique (RNA) prend go\u00fbt au&hellip;\n","protected":false},"author":2,"featured_media":530934,"comment_status":"","ping_status":"","sticky":false,"template":"","format":"standard","meta":{"footnotes":""},"categories":[9587],"tags":[1111,11,1777,674,1011,27,12,5161,25,9590,60],"class_list":{"0":"post-530933","1":"post","2":"type-post","3":"status-publish","4":"format-standard","5":"has-post-thumbnail","7":"category-rouen","8":"tag-actu","9":"tag-actualites","10":"tag-eu","11":"tag-europe","12":"tag-fr","13":"tag-france","14":"tag-news","15":"tag-normandie","16":"tag-republique-francaise","17":"tag-rouen","18":"tag-sports"},"share_on_mastodon":{"url":"https:\/\/pubeurope.com\/@fr\/115541520045304169","error":""},"_links":{"self":[{"href":"https:\/\/www.europesays.com\/fr\/wp-json\/wp\/v2\/posts\/530933","targetHints":{"allow":["GET"]}}],"collection":[{"href":"https:\/\/www.europesays.com\/fr\/wp-json\/wp\/v2\/posts"}],"about":[{"href":"https:\/\/www.europesays.com\/fr\/wp-json\/wp\/v2\/types\/post"}],"author":[{"embeddable":true,"href":"https:\/\/www.europesays.com\/fr\/wp-json\/wp\/v2\/users\/2"}],"replies":[{"embeddable":true,"href":"https:\/\/www.europesays.com\/fr\/wp-json\/wp\/v2\/comments?post=530933"}],"version-history":[{"count":0,"href":"https:\/\/www.europesays.com\/fr\/wp-json\/wp\/v2\/posts\/530933\/revisions"}],"wp:featuredmedia":[{"embeddable":true,"href":"https:\/\/www.europesays.com\/fr\/wp-json\/wp\/v2\/media\/530934"}],"wp:attachment":[{"href":"https:\/\/www.europesays.com\/fr\/wp-json\/wp\/v2\/media?parent=530933"}],"wp:term":[{"taxonomy":"category","embeddable":true,"href":"https:\/\/www.europesays.com\/fr\/wp-json\/wp\/v2\/categories?post=530933"},{"taxonomy":"post_tag","embeddable":true,"href":"https:\/\/www.europesays.com\/fr\/wp-json\/wp\/v2\/tags?post=530933"}],"curies":[{"name":"wp","href":"https:\/\/api.w.org\/{rel}","templated":true}]}}