{"id":530939,"date":"2025-11-13T08:50:18","date_gmt":"2025-11-13T08:50:18","guid":{"rendered":"https:\/\/www.europesays.com\/fr\/530939\/"},"modified":"2025-11-13T08:50:18","modified_gmt":"2025-11-13T08:50:18","slug":"incendie-a-la-prison-de-rennes-vezin-un-detenu-de-28-ans-retrouve-mort-maville-com-saint-brieuc","status":"publish","type":"post","link":"https:\/\/www.europesays.com\/fr\/530939\/","title":{"rendered":"Incendie \u00e0 la prison de Rennes-Vezin : un d\u00e9tenu de 28 ans retrouv\u00e9 mort &#8211; Maville.com Saint Brieuc"},"content":{"rendered":"<ol>\n<li><a href=\"https:\/\/news.google.com\/rss\/articles\/CBMi2AFBVV95cUxNbkdLcXR6TXJiN2p0dndMM3V6dGwtVWlrOWdSbkJEUWhzaDZyOVY3VW9uOHVhYWVEUXI3WExpaVlFTEJ2cTVZQkpjUk5QYk8yVDFJQ1JXVy0yR2J2X3RTTFZCcDc4djJVM0NPUElLaGhDWVY3QzRZUGFKTXpyZzlhTS1Va1JRaVgwa0pheHl4ZkRXU2JjdWRCczY5YkhSRmFDLXpENFlpd2tvV0RIUVZkVExDS0F5RnJfaW9qZDJSUEljUTZBX21rRUJwbjE4LWMwWTV5TjRmN1E?oc=5\" target=\"_blank\" rel=\"noopener\">Incendie \u00e0 la prison de Rennes-Vezin : un d\u00e9tenu de 28 ans retrouv\u00e9 mort<\/a>&nbsp;&nbsp;Maville.com Saint Brieuc<\/li>\n<li><a href=\"https:\/\/news.google.com\/rss\/articles\/CBMiugFBVV95cUxPQmsxMUJKNWRYaHRCRDNxTElQX0tvdjVxVUp6YVJHRUlLNXE4aEhTaVVYUjVIOXgyUFVzQm5zbFRLWXZaMVFwT2hTTHozS0Zld2drNUFIQlNubmhkWnowV0JfbS0xczBXLTA3ZTNVVlFJclk3UXJIWW5CNmpOa3NWenltS0VSZ0t3VVNBT3FMaVBLSkI0UFpYZzFpc3JoWFNiczhpaHV2eExtS25PNlBGNTd6UUh5WWR0YWc?oc=5\" target=\"_blank\" rel=\"noopener\">Un d\u00e9tenu de 28 ans meurt dans l\u2019incendie de sa cellule \u00e0 la prison de Rennes<\/a>&nbsp;&nbsp;20 Minutes<\/li>\n<li><a href=\"https:\/\/news.google.com\/rss\/articles\/CBMi7gFBVV95cUxPV0hfOExUSXVsanh3anNUQ0FKQ3hPaGhSOEJnVm90SlNQWi1jMTg3QXJaelo2MmpkRjZSM2VIaVdzRzJUU0xsWDFSTzY3MVNpQmxtR0tjLWQ2VmVkbV9JS2pmOF9kRXdWSV8xNkxaTjVwMUVYM2ZKWmp4YVR1VVFjWkxrb0J3Y2x3cExVRWFIZVhHRDN6OWg4TExmdS1waWhFcTRiM0lUX0lWaE84YWppLXpQWnZ1a0RfN0NhRjNsYXZicXZLVlVBckxEdkc5c0lfcWFsSW15ZTMyd2FfaFdtSU9kU2ZaUWVtQ0dENEJB?oc=5\" target=\"_blank\" rel=\"noopener\">Incendie \u00e0 la prison de Rennes Vezin : un d\u00e9tenu de 28 ans retrouv\u00e9 mort<\/a>&nbsp;&nbsp;Ouest-France<\/li>\n<li><a href=\"https:\/\/news.google.com\/rss\/articles\/CBMi-AFBVV95cUxQV0xVbFI1TnNsQmJ1V3pNbTBlZ05sXzJuZ0xuanl6cTVxQm1rQ21FRnltVjVMN0gxUzlEaEItS1hFR09tc0UzUGJVMFVmLWxEblpldkdycHdBcTBnOFYwMTRNZlVCMzBpeVB6WE55S1RkSW9Yb2pJRjFHWXRPVlBibHZybTg4M3BpQW1hX0tZT0NfR09XM1lmV215cXgyTFRXTnhQTjJzZzN5clBscGZzNlc0cG1tYl80UE9hbDd0amhvWXllTFh1N3plZHZWX3dyeGwzVWJkYjFJZlgtbGFPT2dBandPcU8yWFNfS09sQndWY0lFMzRFVg?oc=5\" target=\"_blank\" rel=\"noopener\">Un homme de 28 ans d\u00e9c\u00e8de suite \u00e0 un feu de cellule \u00e0 la prison de Vezin-le-Coquet<\/a>&nbsp;&nbsp;France 3 R\u00e9gions<\/li>\n<li><a href=\"https:\/\/news.google.com\/rss\/articles\/CBMi9wFBVV95cUxQTXdnUk5CLS1pN202bkxubTBPNkF5YjU3ZG1taWk4UlQ5MHVMSTFyaE1lLU5Lc1Y2TDk4S19ORHpCaV9LWXRWSlU3VUcydzFoQmNybGdNOW1OYTJnTElYOVNrc0c0TGtSMkFmUXFzYzFXR2FyZnFQd0gxNk56aWViNDRDZG55bzAyR1Y2SUZFcG9MaHRGN1lVQ2tPTXN0U2FfVzFhcm1lck9GcFdPRnVidHExVm81NDZfNXBIZ3drS2d3U0lZQmZLTkJrLVg4UGRIREF3em9ka0R3S1p0dGFTdVNhZ2NXbUNMZVBUazJteUc3WFNsbnJJ?oc=5\" target=\"_blank\" rel=\"noopener\">Dans le centre p\u00e9nitentiaire de Rennes-V\u00e9zin, un jeune d\u00e9tenu meurt dans l\u2019incendie de sa cellule<\/a>&nbsp;&nbsp;Le T\u00e9l\u00e9gramme<\/li>\n<\/ol>\n","protected":false},"excerpt":{"rendered":"Incendie \u00e0 la prison de Rennes-Vezin : un d\u00e9tenu de 28 ans retrouv\u00e9 mort&nbsp;&nbsp;Maville.com Saint Brieuc Un d\u00e9tenu&hellip;\n","protected":false},"author":2,"featured_media":530940,"comment_status":"","ping_status":"","sticky":false,"template":"","format":"standard","meta":{"footnotes":""},"categories":[2821],"tags":[8129,1111,11,1764,829,9625,1777,674,1011,27,1310,18,12,806,584,43755,25,4256,4937],"class_list":{"0":"post-530939","1":"post","2":"type-post","3":"status-publish","4":"format-standard","5":"has-post-thumbnail","7":"category-rennes","8":"tag-8129","9":"tag-actu","10":"tag-actualites","11":"tag-ans","12":"tag-bretagne","13":"tag-detenu","14":"tag-eu","15":"tag-europe","16":"tag-fr","17":"tag-france","18":"tag-incendie","19":"tag-mort","20":"tag-news","21":"tag-prison","22":"tag-rennes","23":"tag-rennes-vezin","24":"tag-republique-francaise","25":"tag-retrouve","26":"tag-saint-brieuc"},"share_on_mastodon":{"url":"https:\/\/pubeurope.com\/@fr\/115541536038362303","error":""},"_links":{"self":[{"href":"https:\/\/www.europesays.com\/fr\/wp-json\/wp\/v2\/posts\/530939","targetHints":{"allow":["GET"]}}],"collection":[{"href":"https:\/\/www.europesays.com\/fr\/wp-json\/wp\/v2\/posts"}],"about":[{"href":"https:\/\/www.europesays.com\/fr\/wp-json\/wp\/v2\/types\/post"}],"author":[{"embeddable":true,"href":"https:\/\/www.europesays.com\/fr\/wp-json\/wp\/v2\/users\/2"}],"replies":[{"embeddable":true,"href":"https:\/\/www.europesays.com\/fr\/wp-json\/wp\/v2\/comments?post=530939"}],"version-history":[{"count":0,"href":"https:\/\/www.europesays.com\/fr\/wp-json\/wp\/v2\/posts\/530939\/revisions"}],"wp:featuredmedia":[{"embeddable":true,"href":"https:\/\/www.europesays.com\/fr\/wp-json\/wp\/v2\/media\/530940"}],"wp:attachment":[{"href":"https:\/\/www.europesays.com\/fr\/wp-json\/wp\/v2\/media?parent=530939"}],"wp:term":[{"taxonomy":"category","embeddable":true,"href":"https:\/\/www.europesays.com\/fr\/wp-json\/wp\/v2\/categories?post=530939"},{"taxonomy":"post_tag","embeddable":true,"href":"https:\/\/www.europesays.com\/fr\/wp-json\/wp\/v2\/tags?post=530939"}],"curies":[{"name":"wp","href":"https:\/\/api.w.org\/{rel}","templated":true}]}}