{"id":530941,"date":"2025-11-13T08:51:13","date_gmt":"2025-11-13T08:51:13","guid":{"rendered":"https:\/\/www.europesays.com\/fr\/530941\/"},"modified":"2025-11-13T08:51:13","modified_gmt":"2025-11-13T08:51:13","slug":"un-detenu-de-28-ans-meurt-dans-lincendie-de-sa-cellule","status":"publish","type":"post","link":"https:\/\/www.europesays.com\/fr\/530941\/","title":{"rendered":"Un d\u00e9tenu de 28 ans meurt dans l\u2019incendie de sa cellule"},"content":{"rendered":"<p>Les pompiers ont \u00e9t\u00e9 d\u00e9clench\u00e9s un peu avant 3h30 du matin dans la nuit de mercredi \u00e0 jeudi pour <a href=\"https:\/\/www.20minutes.fr\/dossier\/feu\" class=\"c-link c-link--is-underlined\" target=\"_blank\" rel=\"noopener\">un feu<\/a> de cellule au centre p\u00e9nitentiaire de Rennes-Vezin. A leur arriv\u00e9e sur place, l\u2019incendie avait d\u00e9j\u00e0 \u00e9t\u00e9 ma\u00eetris\u00e9 par le personnel p\u00e9nitentiaire. Malgr\u00e9 les tentatives de r\u00e9animation, un d\u00e9tenu de 28 ans qui se trouvait \u00e0 l\u2019int\u00e9rieur de la cellule est d\u00e9c\u00e9d\u00e9. Contact\u00e9e par 20 Minutes, <a href=\"https:\/\/www.20minutes.fr\/dossier\/prison\" class=\"c-link c-link--is-underlined\" target=\"_blank\" rel=\"noopener\">l\u2019administration p\u00e9nitentiaire<\/a> a confirm\u00e9 le d\u00e9c\u00e8s du jeune homme des suites de l\u2019incendie \u00ab\u00a0qu\u2019il a volontairement provoqu\u00e9 dans la cellule qu\u2019il occupait seule.\u00a0\u00bb<\/p>\n<\/p>\n<p>D\u00e9but septembre, un d\u00e9tenu \u00e2g\u00e9 de 21 ans avait \u00e9t\u00e9 <a href=\"https:\/\/www.20minutes.fr\/faits_divers\/faits-divers-rennes\/4171131-20250904-rennes-detenu-gravement-brule-incendie-cellule\" class=\"c-link c-link--is-underlined\" target=\"_blank\" rel=\"noopener\">gravement br\u00fbl\u00e9 dans l\u2019incendie sa cellule<\/a> qu\u2019il avait \u00ab\u00a0volontairement allum\u00e9\u00a0\u00bb, selon la direction du centre p\u00e9nitentiaire de Rennes-Vezin. Il avait \u00e9t\u00e9 transf\u00e9r\u00e9 vers le centre des grands br\u00fbl\u00e9s \u00e0 Nantes avec un pronostic vital engag\u00e9.<\/p>\n","protected":false},"excerpt":{"rendered":"Les pompiers ont \u00e9t\u00e9 d\u00e9clench\u00e9s un peu avant 3h30 du matin dans la nuit de mercredi \u00e0 jeudi&hellip;\n","protected":false},"author":2,"featured_media":530942,"comment_status":"","ping_status":"","sticky":false,"template":"","format":"standard","meta":{"footnotes":""},"categories":[2821],"tags":[1111,47,11,829,9625,1777,674,118,7641,1312,1011,27,848,1310,12,1311,806,584,25],"class_list":{"0":"post-530941","1":"post","2":"type-post","3":"status-publish","4":"format-standard","5":"has-post-thumbnail","7":"category-rennes","8":"tag-actu","9":"tag-actualite","10":"tag-actualites","11":"tag-bretagne","12":"tag-detenu","13":"tag-eu","14":"tag-europe","15":"tag-faits-divers","16":"tag-faits-divers-rennes","17":"tag-feu","18":"tag-fr","19":"tag-france","20":"tag-ille-et-vilaine","21":"tag-incendie","22":"tag-news","23":"tag-pompiers","24":"tag-prison","25":"tag-rennes","26":"tag-republique-francaise"},"share_on_mastodon":{"url":"https:\/\/pubeurope.com\/@fr\/115541539913328561","error":""},"_links":{"self":[{"href":"https:\/\/www.europesays.com\/fr\/wp-json\/wp\/v2\/posts\/530941","targetHints":{"allow":["GET"]}}],"collection":[{"href":"https:\/\/www.europesays.com\/fr\/wp-json\/wp\/v2\/posts"}],"about":[{"href":"https:\/\/www.europesays.com\/fr\/wp-json\/wp\/v2\/types\/post"}],"author":[{"embeddable":true,"href":"https:\/\/www.europesays.com\/fr\/wp-json\/wp\/v2\/users\/2"}],"replies":[{"embeddable":true,"href":"https:\/\/www.europesays.com\/fr\/wp-json\/wp\/v2\/comments?post=530941"}],"version-history":[{"count":0,"href":"https:\/\/www.europesays.com\/fr\/wp-json\/wp\/v2\/posts\/530941\/revisions"}],"wp:featuredmedia":[{"embeddable":true,"href":"https:\/\/www.europesays.com\/fr\/wp-json\/wp\/v2\/media\/530942"}],"wp:attachment":[{"href":"https:\/\/www.europesays.com\/fr\/wp-json\/wp\/v2\/media?parent=530941"}],"wp:term":[{"taxonomy":"category","embeddable":true,"href":"https:\/\/www.europesays.com\/fr\/wp-json\/wp\/v2\/categories?post=530941"},{"taxonomy":"post_tag","embeddable":true,"href":"https:\/\/www.europesays.com\/fr\/wp-json\/wp\/v2\/tags?post=530941"}],"curies":[{"name":"wp","href":"https:\/\/api.w.org\/{rel}","templated":true}]}}