{"id":530943,"date":"2025-11-13T08:52:16","date_gmt":"2025-11-13T08:52:16","guid":{"rendered":"https:\/\/www.europesays.com\/fr\/530943\/"},"modified":"2025-11-13T08:52:16","modified_gmt":"2025-11-13T08:52:16","slug":"mobilisations-a-strasbourg-et-schiltigheim-pour-des-eleves-sans-abris","status":"publish","type":"post","link":"https:\/\/www.europesays.com\/fr\/530943\/","title":{"rendered":"Mobilisations \u00e0 Strasbourg et Schiltigheim pour des \u00e9l\u00e8ves sans-abris"},"content":{"rendered":"<p class=\"wp-block-post-excerpt__excerpt\">Deux collectifs de parents d\u2019\u00e9l\u00e8ves et d\u2019enseignants appellent \u00e0 des mobilisations en soutien \u00e0 des familles d\u2019\u00e9l\u00e8ves sans-abris \u00e0 Strasbourg et Schiltigheim. L\u2019objectif est d\u2019alerter les pouvoirs publics afin d\u2019obtenir des logements d\u2019urgence pour ces familles. <\/p>\n<p class=\"font-sans\">\n\t\t\tCet article est en acc\u00e8s libre. Pour soutenir Rue89 Strasbourg,<br \/>\n\t\t\t<a class=\"underline\" href=\"https:\/\/www.rue89strasbourg.com\/abonnement\" target=\"_blank\" rel=\"noopener\">abonnez-vous<\/a>.\n\t\t<\/p>\n<p>Sophia Boudjelida<\/p>\n<p>Publi\u00e9 le 13 novembre 2025\u00a0\u00a0\u00b7\u00a0\u00a0<\/p>\n<p>Imprim\u00e9 le 13 novembre 2025 \u00e0 09h21\u00a0\u00a0\u00b7\u00a0\u00a0<\/p>\n<p>\t\t\t\t\t2\u00a0minutes\n<\/p>\n<p>En janvier 2025, <a href=\"https:\/\/www.rue89strasbourg.com\/pas-denfant-a-la-rue-demande-a-leducation-nationale-une-solution-pour-les-eleves-sdf-331107\" target=\"_blank\" rel=\"noopener\">le collectif \u00ab\u00a0Pas d\u2019enfants \u00e0 la rue\u00a0\u00bb<\/a> avait comptabilis\u00e9 une centaine d\u2019\u00e9l\u00e8ves sans abri au creux de l\u2019hiver. Alors que le froid s\u2019installe, deux collectifs d\u2019enseignants et de parents d\u2019\u00e9l\u00e8ves alertent \u00e0 nouveau. Un rassemblement de soutien \u00e0 huit familles est organis\u00e9 par le collectif Schluthfeld solidaire devant cette \u00e9cole du Neudorf vendredi 14 novembre \u00e0 17h. \u00c0 Schiltigheim, cinq familles dorment dehors selon le collectif Jos\u00e9phine Baker, qui appelle \u00e0 un rassemblement \u00e0 devant l\u2019\u00e9cole du m\u00eame nom jeudi 13 novembre \u00e0 17h15.<\/p>\n<p>Des parents d\u2019\u00e9l\u00e8ves, des personnels de l\u2019\u00c9ducation nationale seront pr\u00e9sents lors de ces deux rendez-vous pour soutenir ces familles et tenter de trouver des solutions. Un enseignant de l\u2019\u00e9cole du Schluthfeld explique :<\/p>\n<blockquote class=\"wp-block-quote is-layout-flow wp-block-quote-is-layout-flow\">\n<p>\u00ab\u00a0Nous essayons de nous montrer solidaires face \u00e0 la situation de nos \u00e9l\u00e8ves. Nous mettons en place une cagnotte qui sera mise en ligne vendredi ainsi qu\u2019une collecte de v\u00eatements. On invite aussi les \u00e9lus \u00e0 venir \u00e0 ce moment convivial parce que c\u2019est aux pouvoirs publics de mettre en place des solutions durables.\u00a0\u00bb<\/p>\n<\/blockquote>\n<p>\u00ab\u00a0Personne n\u2019en parle mais ils sont dehors\u00a0\u00bb<\/p>\n<p>Le collectif a d\u00e9nombr\u00e9 huit enfants scolaris\u00e9s et deux petits de moins d\u2019un an sans solution d\u2019h\u00e9bergement, selon Fatima Ouldji. Cette m\u00e8re d\u2019\u00e9l\u00e8ve explique que \u00ab\u00a0ces familles demandent de l\u2019aide et ne connaissent pas leurs droits\u00a0\u00bb tout en ajoutant que \u00ab\u00a0la Ville s\u2019est manifest\u00e9e pour les aider \u00e0 \u00eatre soign\u00e9es mais a assur\u00e9 ne rien pouvoir faire sur le logement\u00a0\u00bb. <\/p>\n<blockquote class=\"wp-block-quote is-layout-flow wp-block-quote-is-layout-flow\"\/>\n<p>Samira Talbi, t\u00eate de liste des parents \u00e9lus du collectif Jos\u00e9phine Baker, \u00ab\u00a0ce probl\u00e8me s\u2019\u00e9tend \u00e0 tout le territoire strasbourgeois\u00a0\u00bb. La mobilisation schilikoise est soutenue par la ville, qui d\u00e9plore que \u00ab\u00a0rien ne bouge. Nos appels aupr\u00e8s de la Collectivit\u00e9 europ\u00e9enne d\u2019Alsace et de l\u2019\u00c9tat sont rest\u00e9s sans r\u00e9ponse\u00a0\u00bb, selon Zo\u00e9 Benali, directrice du cabinet de la maire de Schiltigheim, Danielle Dambach (Les \u00c9cologistes). \u00ab\u00a0Personne n\u2019en parle mais ces enfants sont dehors. Il est intol\u00e9rable que le pr\u00e9fet ferme les yeux\u00a0\u00bb, d\u00e9nonce Samira Talbi qui rappelle que l\u2019h\u00e9bergement d\u2019urgence est un droit garanti par l\u2019\u00c9tat. <\/p>\n<p>L\u2019hiver pr\u00e9c\u00e9dent, <a href=\"https:\/\/www.rue89strasbourg.com\/pas-denfant-a-la-rue-demande-a-leducation-nationale-une-solution-pour-les-eleves-sdf-331107\" target=\"_blank\" rel=\"noopener\">au moins 25 \u00e9coles strasbourgeoises ont \u00e9t\u00e9 concern\u00e9es par des \u00e9l\u00e8ves sans-abris selon un recensement du collectif \u00ab\u00a0Pas d\u2019enfant \u00e0 la rue\u00a0\u00bb<\/a>. <\/p>\n<p>Y <strong>aller<\/strong><\/p>\n<p><strong>Mobilisation en soutien aux \u00e9l\u00e8ves sans-abris de l\u2019\u00e9cole du Schluthfeld<\/strong>, vendredi 14 novembre 2025 \u00e0 17h devant l\u2019\u00e9cole, 62 rue Saint-Di\u00e9 \u00e0 Strasbourg \u2013 Neudorf.<\/p>\n<p><strong>Mobilisation en soutien aux \u00e9l\u00e8ves sans-abris de l\u2019\u00e9cole Jos\u00e9phine Baker<\/strong>, jeudi 13 novembre 2025 \u00e0 17h15 devant l\u2019\u00e9cole, rue Kl\u00e9ber \u00e0 Schiltigheim.<\/p>\n","protected":false},"excerpt":{"rendered":"Deux collectifs de parents d\u2019\u00e9l\u00e8ves et d\u2019enseignants appellent \u00e0 des mobilisations en soutien \u00e0 des familles d\u2019\u00e9l\u00e8ves sans-abris&hellip;\n","protected":false},"author":2,"featured_media":530944,"comment_status":"","ping_status":"","sticky":false,"template":"","format":"standard","meta":{"footnotes":""},"categories":[2820],"tags":[1111,11,1777,674,1011,27,775,3909,12,25,640],"class_list":{"0":"post-530943","1":"post","2":"type-post","3":"status-publish","4":"format-standard","5":"has-post-thumbnail","7":"category-strasbourg","8":"tag-actu","9":"tag-actualites","10":"tag-eu","11":"tag-europe","12":"tag-fr","13":"tag-france","14":"tag-grand-est","15":"tag-hebergement-durgence","16":"tag-news","17":"tag-republique-francaise","18":"tag-strasbourg"},"share_on_mastodon":{"url":"https:\/\/pubeurope.com\/@fr\/115541543751975110","error":""},"_links":{"self":[{"href":"https:\/\/www.europesays.com\/fr\/wp-json\/wp\/v2\/posts\/530943","targetHints":{"allow":["GET"]}}],"collection":[{"href":"https:\/\/www.europesays.com\/fr\/wp-json\/wp\/v2\/posts"}],"about":[{"href":"https:\/\/www.europesays.com\/fr\/wp-json\/wp\/v2\/types\/post"}],"author":[{"embeddable":true,"href":"https:\/\/www.europesays.com\/fr\/wp-json\/wp\/v2\/users\/2"}],"replies":[{"embeddable":true,"href":"https:\/\/www.europesays.com\/fr\/wp-json\/wp\/v2\/comments?post=530943"}],"version-history":[{"count":0,"href":"https:\/\/www.europesays.com\/fr\/wp-json\/wp\/v2\/posts\/530943\/revisions"}],"wp:featuredmedia":[{"embeddable":true,"href":"https:\/\/www.europesays.com\/fr\/wp-json\/wp\/v2\/media\/530944"}],"wp:attachment":[{"href":"https:\/\/www.europesays.com\/fr\/wp-json\/wp\/v2\/media?parent=530943"}],"wp:term":[{"taxonomy":"category","embeddable":true,"href":"https:\/\/www.europesays.com\/fr\/wp-json\/wp\/v2\/categories?post=530943"},{"taxonomy":"post_tag","embeddable":true,"href":"https:\/\/www.europesays.com\/fr\/wp-json\/wp\/v2\/tags?post=530943"}],"curies":[{"name":"wp","href":"https:\/\/api.w.org\/{rel}","templated":true}]}}