{"id":530945,"date":"2025-11-13T08:53:12","date_gmt":"2025-11-13T08:53:12","guid":{"rendered":"https:\/\/www.europesays.com\/fr\/530945\/"},"modified":"2025-11-13T08:53:12","modified_gmt":"2025-11-13T08:53:12","slug":"proche-de-strasbourg-le-fabricant-de-matelas-diroy-va-doubler-sa-capacite-de-production","status":"publish","type":"post","link":"https:\/\/www.europesays.com\/fr\/530945\/","title":{"rendered":"Proche de Strasbourg, le fabricant de matelas Diroy va doubler sa capacit\u00e9 de production"},"content":{"rendered":"<p>&#13;<br \/>\n\tDiroy, fabricant de literie et de mousses industrielles \u00e0 Bouxwiller (Bas-Rhin), va faire construire un deuxi\u00e8me b\u00e2timent de production sur son terrain.<\/p>\n<p>&#13;<br \/>\n\tL\u2019investissement de 8 millions d\u2019euros va permettre de doubler les capacit\u00e9s de production dans les deux sp\u00e9cialit\u00e9s du fabricant. Chaque ann\u00e9e, 30000 matelas, 15000 sommiers et 800 tonnes de mousse transform\u00e9e sortent de l\u2019usine. Dans un march\u00e9 de la literie en baisse de 5%, l\u2019entreprise a r\u00e9ussi \u00e0 maintenir une croissance de 15%. Elle vend ses produits \u00e0 des magasins de meubles en France, Belgique, Suisse, Allemagne, Luxembourg, et \u00e9quipe les \u00e9tablissements dans le secteur de l\u2019h\u00f4tellerie. Diroy a r\u00e9cemment d\u00e9croch\u00e9 l\u2019\u00e9quipement d\u2019un nouvel h\u00f4tel de 100 chambres dans le Bas-Rhin et \u00e9quipe aussi les bateaux du croisi\u00e9riste alsacien CroisiEurope.<\/p>\n<p>&#13;<br \/>\n\tAm\u00e9lioration des conditions de travail<\/p>\n<p>&#13;<br \/>\n\tPour son activit\u00e9 de transformation de produits alv\u00e9olaires souples, Diroy fournit des industriels dans diff\u00e9rents secteurs, m\u00e9dical, ameublement, BTP, packaging\u2026\u00a0 \u00abDans nos deux domaines, nous avons la capacit\u00e9 de produire des pi\u00e8ces uniques, dans des d\u00e9lais et des co\u00fbts raisonnables, ainsi que de la grande s\u00e9rie\u00bb, met en avant Guillaume Joly, directeur g\u00e9n\u00e9ral associ\u00e9 de l\u2019entreprise, pour expliquer la croissance de l\u2019activit\u00e9. Le chiffre d\u2019affaires va d\u00e9passer les 8 millions d\u2019euros en 2025, il \u00e9tait de 3 millions d\u2019euros, il y a dix ans.<\/p>\n<p>&#13;<br \/>\n\tLes travaux du nouveau b\u00e2timent, qui sera construit \u00e0 c\u00f4t\u00e9 de l\u2019existant, d\u00e9marreront \u00e0 l\u2019\u00e9t\u00e9 2026, pour une dur\u00e9e d\u2019un an. La surface de production passera de pr\u00e8s de 6000 m\u00e8tres carr\u00e9s \u00e0 12000 m\u00e8tres carr\u00e9s. Le nouvel \u00e9difice abritera des bureaux et un showroom en plus de l\u2019outil de production et de stockage. Il permettra aussi d\u2019am\u00e9liorer les conditions de travail des op\u00e9rateurs. \u00abNous aurons plus d\u2019espace pour rajouter des convoyages ou des encollages automatiques sur les lignes de production des matelas\u00bb, illustre Guillaume Joly. Dans la perspective de cette extension, l\u2019entreprise de 55 salari\u00e9s va \u00e9galement embaucher une dizaine de nouveaux salari\u00e9s, op\u00e9rateurs de production dans la menuiserie, la couture et la d\u00e9coupe num\u00e9rique.<\/p>\n","protected":false},"excerpt":{"rendered":"&#13; Diroy, fabricant de literie et de mousses industrielles \u00e0 Bouxwiller (Bas-Rhin), va faire construire un deuxi\u00e8me b\u00e2timent&hellip;\n","protected":false},"author":2,"featured_media":530946,"comment_status":"","ping_status":"","sticky":false,"template":"","format":"standard","meta":{"footnotes":""},"categories":[2820],"tags":[1111,11,7023,2649,49430,65018,1777,674,65017,1011,27,775,14883,6848,12,18854,25,640],"class_list":{"0":"post-530945","1":"post","2":"type-post","3":"status-publish","4":"format-standard","5":"has-post-thumbnail","7":"category-strasbourg","8":"tag-actu","9":"tag-actualites","10":"tag-ameublement","11":"tag-bas-rhin","12":"tag-biens-de-consommation","13":"tag-bois-ameublement","14":"tag-eu","15":"tag-europe","16":"tag-extension-d-usine","17":"tag-fr","18":"tag-france","19":"tag-grand-est","20":"tag-made-in-france","21":"tag-matieres-premieres","22":"tag-news","23":"tag-quotidien-des-usines","24":"tag-republique-francaise","25":"tag-strasbourg"},"share_on_mastodon":{"url":"https:\/\/pubeurope.com\/@fr\/115541547766833021","error":""},"_links":{"self":[{"href":"https:\/\/www.europesays.com\/fr\/wp-json\/wp\/v2\/posts\/530945","targetHints":{"allow":["GET"]}}],"collection":[{"href":"https:\/\/www.europesays.com\/fr\/wp-json\/wp\/v2\/posts"}],"about":[{"href":"https:\/\/www.europesays.com\/fr\/wp-json\/wp\/v2\/types\/post"}],"author":[{"embeddable":true,"href":"https:\/\/www.europesays.com\/fr\/wp-json\/wp\/v2\/users\/2"}],"replies":[{"embeddable":true,"href":"https:\/\/www.europesays.com\/fr\/wp-json\/wp\/v2\/comments?post=530945"}],"version-history":[{"count":0,"href":"https:\/\/www.europesays.com\/fr\/wp-json\/wp\/v2\/posts\/530945\/revisions"}],"wp:featuredmedia":[{"embeddable":true,"href":"https:\/\/www.europesays.com\/fr\/wp-json\/wp\/v2\/media\/530946"}],"wp:attachment":[{"href":"https:\/\/www.europesays.com\/fr\/wp-json\/wp\/v2\/media?parent=530945"}],"wp:term":[{"taxonomy":"category","embeddable":true,"href":"https:\/\/www.europesays.com\/fr\/wp-json\/wp\/v2\/categories?post=530945"},{"taxonomy":"post_tag","embeddable":true,"href":"https:\/\/www.europesays.com\/fr\/wp-json\/wp\/v2\/tags?post=530945"}],"curies":[{"name":"wp","href":"https:\/\/api.w.org\/{rel}","templated":true}]}}