{"id":53095,"date":"2025-04-26T00:46:10","date_gmt":"2025-04-26T00:46:10","guid":{"rendered":"https:\/\/www.europesays.com\/fr\/53095\/"},"modified":"2025-04-26T00:46:10","modified_gmt":"2025-04-26T00:46:10","slug":"the-second-life-deploie-son-systeme-de-collecte-de-vetements-a-letranger","status":"publish","type":"post","link":"https:\/\/www.europesays.com\/fr\/53095\/","title":{"rendered":"The Second Life d\u00e9ploie son syst\u00e8me de collecte de v\u00eatements \u00e0 l&rsquo;\u00e9tranger"},"content":{"rendered":"<p class=\"article-content col-md-8 offset-md-1\">\n                                <a class=\"fnwAddLinks\" href=\"https:\/\/tn.fashionnetwork.com\/tags-active\" title=\"Active\" rel=\"nofollow noopener\" target=\"_blank\">Active<\/a> depuis 2021 dans le secteur de la collecte de v\u00eatements que les consommateurs ne portent plus, pour alimenter les r\u00e9seaux de revente d&rsquo;occasion, The Second Life passe \u00e0 la vitesse sup\u00e9rieure. La start-up fran\u00e7aise n\u00e9e sous l\u2019impulsion d\u2019<a class=\"fnwAddLinks\" href=\"https:\/\/tn.fashionnetwork.com\/tags-arthur\" title=\"Arthur\" rel=\"nofollow noopener\" target=\"_blank\">Arthur<\/a> de Soultrait \u00e9tend son spectre g\u00e9ographique, noue des liens avec diff\u00e9rents types d&rsquo;acteurs -comme les municipalit\u00e9s-, et s&rsquo;ouvre \u00e0 de nouveaux produits de seconde main.<\/p>\n<p><img decoding=\"async\" class=\"news-image\" style=\"width:100%;\" src=\"https:\/\/www.europesays.com\/fr\/wp-content\/uploads\/2025\/04\/5f2c.png\" alt=\"Collecte \u00e9v\u00e9nementielle r\u00e9alis\u00e9e \u00e0 la Corte Lombarda en Italie cette ann\u00e9e\" loading=\"lazy\"\/>Collecte \u00e9v\u00e9nementielle r\u00e9alis\u00e9e \u00e0 la Corte Lombarda en Italie cette ann\u00e9e &#8211; DR<\/p>\n<p class=\"col-md-8 offset-md-1 article-content--texte\">Ne d\u00e9voilant pas son chiffre d&rsquo;affaires, The Second Life affirme \u00eatre rentable et proposer un programme de reprise des articles mode qui le soit aussi pour les griffes ou les centres commerciaux partenaires. \u00ab\u00a0Notre point fort est de proposer une collecte multimarque, non pas centr\u00e9e uniquement sur les v\u00eatements de la marque avec qui on noue un partenariat, cela ne fonctionne pas. Nous rachetons les articles de 1.500 labels, du haut de gamme jusqu&rsquo;\u00e0 <a class=\"fnwAddLinks\" href=\"https:\/\/tn.fashionnetwork.com\/tags-h-m\" title=\"H&amp;M\" rel=\"nofollow noopener\" target=\"_blank\">H&amp;M<\/a>, donc en excluant <a class=\"fnwAddLinks\" href=\"https:\/\/tn.fashionnetwork.com\/tags-shein\" title=\"Shein\" rel=\"nofollow noopener\" target=\"_blank\">Shein<\/a> et <a class=\"fnwAddLinks\" href=\"https:\/\/tn.fashionnetwork.com\/tags-temu\" title=\"Temu\" rel=\"nofollow noopener\" target=\"_blank\">Temu<\/a>\u00ab\u00a0, expose Arthur de Soultrait, qui par le pass\u00e9 a \u00e9t\u00e9 \u00e0 la t\u00eate de la marque de pr\u00eat-\u00e0-porter <a class=\"fnwAddLinks\" href=\"https:\/\/tn.fashionnetwork.com\/tags-vicomte-a\" title=\"Vicomte A\" rel=\"nofollow noopener\" target=\"_blank\">Vicomte A<\/a>. \u00ab\u00a0Il n&rsquo;y a pas \u00e0 n\u00e9gocier ni de photo \u00e0 fournir, le but est de faciliter la vie et d&rsquo;offrir une alternative \u00e0 <a class=\"fnwAddLinks\" href=\"https:\/\/tn.fashionnetwork.com\/tags-vinted\" title=\"Vinted\" rel=\"nofollow noopener\" target=\"_blank\">Vinted<\/a>\u00ab\u00a0, ajoute-t-il.<\/p>\n<p>La solution est bas\u00e9e sur un argus qui fixe le prix de reprise des v\u00eatements. Les clients les d\u00e9posent \u00e0 un comptoir ou les exp\u00e9dient gratuitement via colis, et sont r\u00e9tribu\u00e9s ensuite par un bon d&rsquo;achat, seulement si les pi\u00e8ces sont en tr\u00e8s bon \u00e9tat. Depuis le 18 avril, c&rsquo;est avec la griffe fran\u00e7aise <a class=\"fnwAddLinks\" href=\"https:\/\/tn.fashionnetwork.com\/tags-rodier\" title=\"Rodier\" rel=\"nofollow noopener\" target=\"_blank\">Rodier<\/a>, sp\u00e9cialiste de la maille, que la start-up lance une collecte aupr\u00e8s de ses clients, via le web.<\/p>\n<p class=\"col-md-8 offset-md-1 article-content--texte\">C&rsquo;est la quatri\u00e8me op\u00e9ration de ce type r\u00e9alis\u00e9e de concert avec un label mode. L&rsquo;an dernier, avec le Temps des Cerises, la solution revendique avoir r\u00e9tribu\u00e9 32.000 euros en carte cadeau <a class=\"fnwAddLinks\" href=\"https:\/\/tn.fashionnetwork.com\/tags-le-temps-des-cerises\" title=\"Le Temps des Cerises\" rel=\"nofollow noopener\" target=\"_blank\">Le Temps des Cerises<\/a> aux clients qui ont transmis des v\u00eatements, et qui ont eux-m\u00eames d\u00e9pens\u00e9 ensuite pr\u00e8s de 100.000 euros aupr\u00e8s du Temps des Cerises en utilisant cet argent.<\/p>\n<p>En centre commercial, The Second Life noue des contrats de deux ans avec les sites, incluant des collectes \u00e9v\u00e9nementielles -et non des corners permanents- ou la mise en place de la collecte \u00e0 l&rsquo;accueil du centre, sur rendez-vous. \u00ab\u00a0Les fonci\u00e8res appr\u00e9cient notre outil car il am\u00e8ne du trafic dans les centres, et elles n&rsquo;ont pas \u00e0 s&rsquo;occuper du SAV (installation, transport\u2026)\u00a0\u00bb.<\/p>\n<p><img decoding=\"async\" class=\"news-image\" style=\"width:100%;\" src=\"https:\/\/www.europesays.com\/fr\/wp-content\/uploads\/2025\/04\/2ac9.png\" alt=\"L'interface pour r\u00e9f\u00e9rencer les produits que l'on va exp\u00e9dier\" loading=\"lazy\"\/>L&rsquo;interface pour r\u00e9f\u00e9rencer les produits que l&rsquo;on va exp\u00e9dier &#8211; DR<\/p>\n<p class=\"col-md-8 offset-md-1 article-content--texte\">The Second Life affiche aujourd&rsquo;hui une centaine de points de collecte en France et \u00e0 l&rsquo;\u00e9tranger (online et physique), notamment dans les sites de <a class=\"fnwAddLinks\" href=\"https:\/\/tn.fashionnetwork.com\/tags-klepierre\" title=\"Kl\u00e9pierre\" rel=\"nofollow noopener\" target=\"_blank\">Kl\u00e9pierre<\/a>, SCC ou <a class=\"fnwAddLinks\" href=\"https:\/\/tn.fashionnetwork.com\/tags-frey\" title=\"Frey\" rel=\"nofollow noopener\" target=\"_blank\">Frey<\/a>. Sa pr\u00e9sence \u00e0 l&rsquo;international s&rsquo;est renforc\u00e9e ces derniers mois, avec une arriv\u00e9e en Italie en f\u00e9vrier. La solution a \u00e9t\u00e9 d\u00e9ploy\u00e9e dans 7 centres commerciaux du pays et vise les 30 unit\u00e9s d&rsquo;ici fin 2025. En ce mois d&rsquo;avril, cap sur l&rsquo;Espagne. \u00ab\u00a0Nous sommes d\u00e9sormais partenaires des centres commerciaux de Gran Plaza et Plaza Norte \u00e0 Madrid\u00a0\u00bb, pr\u00e9cise-t-il. La Scandinavie est aussi une r\u00e9gion que vise l&rsquo;entreprise \u00e0 l&rsquo;avenir, de m\u00eame que les Etats-Unis, o\u00f9 des discussions commencent.<\/p>\n<p>Au-del\u00e0 des marques et des centres commerciaux, la soci\u00e9t\u00e9 -qui n&rsquo;a pas op\u00e9r\u00e9 de lev\u00e9e de fonds- se lie \u00e0 de nouveaux types de partenaires, \u00e0 commencer par les municipalit\u00e9s. <a class=\"fnwAddLinks\" href=\"https:\/\/tn.fashionnetwork.com\/tags-antibes\" title=\"Antibes\" rel=\"nofollow noopener\" target=\"_blank\">Antibes<\/a> sera sous peu la premi\u00e8re ville \u00e0 exp\u00e9rimenter l&rsquo;outil. Les habitants qui transmettront des v\u00eatements -via une collecte \u00e9v\u00e9nementielle ou par le site de la ville- seront r\u00e9mun\u00e9r\u00e9s par une carte cadeau The Second Life qui pourra \u00eatre d\u00e9pens\u00e9e dans les boutiques adh\u00e9rentes \u00e0 l&rsquo;association locale des commer\u00e7ants. La start-up cible aussi les conciergeries, notamment dans les entreprises.<\/p>\n<p>Les 850.000 articles collect\u00e9s par The Second Life depuis quatre ans (dont 75% via le web), sont envoy\u00e9s \u00e0 des ateliers de tri et de revente partenaires, dont l&rsquo;identit\u00e9 n&rsquo;est pas d\u00e9voil\u00e9e. Depuis l&rsquo;an dernier, l&rsquo;\u00e9ventail des produits collect\u00e9s a d\u00e9pass\u00e9 le monde du pr\u00eat-\u00e0-porter, avec la reprise de livres et de jouets. Et bient\u00f4t, la maroquinerie et les t\u00e9l\u00e9phones, ambitionne le dirigeant.\n                            <\/p>\n<p>\n                                Tous droits de reproduction et de repr\u00e9sentation r\u00e9serv\u00e9s.<br \/>\u00a9 2025 FashionNetwork.com\n                            <\/p>\n","protected":false},"excerpt":{"rendered":"Active depuis 2021 dans le secteur de la collecte de v\u00eatements que les consommateurs ne portent plus, pour&hellip;\n","protected":false},"author":2,"featured_media":53096,"comment_status":"","ping_status":"","sticky":false,"template":"","format":"standard","meta":{"footnotes":""},"categories":[1888],"tags":[14683,11,6029,14684,2424,537,2423,1777,674,1011,27,14682,14679,14681,14678,2425,985,12,2298,626,2426,2427,25,2421,14677,1104,1105,2422,14680,14685],"class_list":{"0":"post-53095","1":"post","2":"type-post","3":"status-publish","4":"format-standard","5":"has-post-thumbnail","7":"category-paris","8":"tag-active","9":"tag-actualites","10":"tag-antibes","11":"tag-arthur","12":"tag-beaute","13":"tag-contact","14":"tag-cosmetiques","15":"tag-eu","16":"tag-europe","17":"tag-fr","18":"tag-france","19":"tag-frey","20":"tag-hm","21":"tag-klepierre","22":"tag-le-temps-des-cerises","23":"tag-luxe","24":"tag-mode","25":"tag-news","26":"tag-parfum","27":"tag-paris","28":"tag-professionnel","29":"tag-professionnels","30":"tag-republique-francaise","31":"tag-reseau","32":"tag-rodier","33":"tag-shein","34":"tag-temu","35":"tag-textile","36":"tag-vicomte-a","37":"tag-vinted"},"share_on_mastodon":{"url":"https:\/\/pubeurope.com\/@fr\/114401508905735455","error":""},"_links":{"self":[{"href":"https:\/\/www.europesays.com\/fr\/wp-json\/wp\/v2\/posts\/53095","targetHints":{"allow":["GET"]}}],"collection":[{"href":"https:\/\/www.europesays.com\/fr\/wp-json\/wp\/v2\/posts"}],"about":[{"href":"https:\/\/www.europesays.com\/fr\/wp-json\/wp\/v2\/types\/post"}],"author":[{"embeddable":true,"href":"https:\/\/www.europesays.com\/fr\/wp-json\/wp\/v2\/users\/2"}],"replies":[{"embeddable":true,"href":"https:\/\/www.europesays.com\/fr\/wp-json\/wp\/v2\/comments?post=53095"}],"version-history":[{"count":0,"href":"https:\/\/www.europesays.com\/fr\/wp-json\/wp\/v2\/posts\/53095\/revisions"}],"wp:featuredmedia":[{"embeddable":true,"href":"https:\/\/www.europesays.com\/fr\/wp-json\/wp\/v2\/media\/53096"}],"wp:attachment":[{"href":"https:\/\/www.europesays.com\/fr\/wp-json\/wp\/v2\/media?parent=53095"}],"wp:term":[{"taxonomy":"category","embeddable":true,"href":"https:\/\/www.europesays.com\/fr\/wp-json\/wp\/v2\/categories?post=53095"},{"taxonomy":"post_tag","embeddable":true,"href":"https:\/\/www.europesays.com\/fr\/wp-json\/wp\/v2\/tags?post=53095"}],"curies":[{"name":"wp","href":"https:\/\/api.w.org\/{rel}","templated":true}]}}