{"id":530951,"date":"2025-11-13T08:56:39","date_gmt":"2025-11-13T08:56:39","guid":{"rendered":"https:\/\/www.europesays.com\/fr\/530951\/"},"modified":"2025-11-13T08:56:39","modified_gmt":"2025-11-13T08:56:39","slug":"un-magasin-et-une-societe-de-production-de-loire-atlantique-menaces-par-un-individu","status":"publish","type":"post","link":"https:\/\/www.europesays.com\/fr\/530951\/","title":{"rendered":"un magasin et une soci\u00e9t\u00e9 de production de Loire-Atlantique menac\u00e9s par un individu"},"content":{"rendered":"<p>                    Par<br \/>\n        <strong><br \/>\n            <a href=\"https:\/\/actu.fr\/auteur\/laurent-fortin\" title=\"Consulter tous les articles de Laurent Fortin\" target=\"_blank\" rel=\"noopener\">Laurent Fortin<\/a><br \/>\n                    <\/strong><\/p>\n<p>        Publi\u00e9 le<\/p>\n<p>            12 nov. 2025 \u00e0 17h23        <\/p>\n<p>Le pr\u00e9venu a d\u00e9sormais emm\u00e9nag\u00e9 chez sa m\u00e8re \u00e0 Bouguenais. Car son logement pr\u00e9c\u00e9dent \u00e9tait \u00ab\u2009trop cher\u2009\u00bb et qu\u2019il a \u00ab\u2009un peu plus de sous\u2009\u00bb depuis qu\u2019il est \u00ab\u2009chez sa maman\u2009\u00bb. <b>Convoqu\u00e9 au palais de justice de Nantes<\/b>, il a toutefois \u00e9t\u00e9 d\u00e9clar\u00e9<b> \u00ab\u2009p\u00e9nalement irresponsable\u2009\u00bb de ses actes\u2009<\/b>: un expert a conclu \u00e0<b> \u00ab\u2009l\u2019abolition\u2009\u00bb de son \u00ab\u2009discernement\u2009\u00bb <\/b>au moment des faits au vu du \u00ab\u2009certain nombre de troubles\u2009\u00bb qu\u2019il avait.<\/p>\n<p class=\" wall-content\">Le jeune homme avait en fait appel\u00e9 \u00ab\u2009six fois\u2009\u00bb le magasin <a href=\"https:\/\/www.grandfrais.com\/magasins\/haute-goulaine\" target=\"_blank\" rel=\"noopener\">Grand frais <\/a>de <a href=\"https:\/\/actu.fr\/pays-de-la-loire\/haute-goulaine_44071\" target=\"_blank\" rel=\"noopener\"><b>Haute-Goulaine<\/b><\/a> le <b>17\u00a0septembre 2023<\/b> pour \u00ab\u2009insulter une employ\u00e9e\u2009\u00bb qui<b> \u00e9tait finalement \u00ab\u2009en vacances \u00e0 ce moment-l\u00e0\u2009\u00bb<\/b>, a retrac\u00e9 la<b> pr\u00e9sidente du tribunal correctionnel de Nantes <\/b>\u00e0 la lecture des pi\u00e8ces du dossier. Il avait aussi prof\u00e9r\u00e9 des insultes similaires \u00e0 l\u2019encontre de <a href=\"https:\/\/www.polaris-spectaclesimmersifs.com\/\" target=\"_blank\" rel=\"noopener\">Polaris Production<\/a>, la bo\u00eete de production qui devait monter<b> \u00ab\u2009la repr\u00e9sentation th\u00e9\u00e2trale de la Belle et la B\u00eate\u2009\u00bb, <\/b>un \u00ab\u2009spectacle immersif f\u00e9erique\u2009\u00bb qui a rassembl\u00e9<b> \u00ab\u200960\u2009000\u00a0spectateurs\u2009\u00bb au ch\u00e2teau de Goulaine, sur deux \u00e9ditions.<\/b><\/p>\n<p class=\" wall-content\">La pr\u00e9sidente ne s\u2019est donc pas attard\u00e9e sur le fond du dossier, s\u2019int\u00e9ressant plut\u00f4t \u00e0<b> la personnalit\u00e9 de ce pr\u00e9venu sans avocat\u2009<\/b>: il \u00ab\u2009<b>travaille en insertion<\/b>\u2009\u00bb mais n\u2019a \u00ab\u2009pas de piste\u2009\u00bb pour le \u00ab\u2009service civique\u2009\u00bb qu\u2019il aimerait faire. Par ailleurs, cet accus\u00e9 lui avait fait savoir <b>qu\u2019il n\u2019avait \u00ab\u2009plus de vie sexuelle\u2009\u00bb <\/b>depuis qu\u2019il suivait un traitement \u00ab\u2009tr\u00e8s fort\u2009\u00bb.<\/p>\n<p>Il voulait \u00ab\u2009r\u00e9cup\u00e9rer son argent\u2009\u00bb<\/p>\n<p class=\" wall-content\"><b>Aucune des victimes ne s\u2019\u00e9tait constitu\u00e9e partie civile<\/b> dans ce dossier qui devait initialement <b>faire l\u2019objet d\u2019une composition p\u00e9nale<\/b>, c\u2019est-\u00e0-dire <b>une alternative au proc\u00e8s public<\/b>, mais qui s\u2019\u00e9tait sold\u00e9e par un \u00ab\u2009\u00e9chec\u2009\u00bb. Le pr\u00e9venu a par ailleurs \u00e9t\u00e9 <b>\u00ab\u2009hospitalis\u00e9 deux fois d\u2019office\u2009\u00bb<\/b> depuis les faits, ce qui l\u2019a \u00ab\u2009emp\u00each\u00e9 d\u2019\u00eatre jug\u00e9\u2009\u00bb plus t\u00f4t a not\u00e9 la pr\u00e9sidente du tribunal.<\/p>\n<p class=\" wall-content\">Le <b>procureur de la R\u00e9publique<\/b> avait estim\u00e9 qu\u2019il n\u2019y avait <b>\u00ab\u2009aucune discussion\u2009\u00bb \u00e0 avoir sur les faits.<\/b><\/p>\n<blockquote class=\"ac-article-quote wall-content\">\n<p>L\u2019ensemble du personnel du magasin a \u00e9t\u00e9 inquiet\u2009: ses menaces pouvaient avoir des cons\u00e9quences collectives pour les autres salari\u00e9s.<\/p>\n<p>Le repr\u00e9sentant du parquet.<\/p><\/blockquote>\n<p>Votre r\u00e9gion, votre actu !<\/p>\n<p>Recevez chaque jour les infos qui comptent pour vous.<\/p>\n<p>\t<a href=\"https:\/\/actu.fr\/newsletter\" class=\"ac-btn ac-btn--corner ac-btn--medium ac-btn--blue800\" target=\"_blank\" rel=\"noopener\">S&rsquo;incrire<\/a><\/p>\n<p class=\" wall-content\">Il a aussi rappel\u00e9 que<b> le gar\u00e7on de 25\u00a0ans avait <\/b>\u00ab\u2009<b>menac\u00e9 de tout br\u00fbler<\/b>\u2009\u00bb et assur\u00e9 qu\u2019il \u00e9tait \u00ab\u2009<b>arm\u00e9 jusqu\u2019aux dents<\/b>\u2009\u00bb.<b> Sa m\u00e8re est d\u2019ailleurs \u00ab\u2009inqui\u00e8te\u2009\u00bb de la situation<\/b>, a-t-il relev\u00e9. Il avait donc requis des \u00ab\u2009mesures de s\u00fbret\u00e9\u2009\u00bb \u00e0 l\u2019encontre du jeune homme, <b>soit une interdiction de para\u00eetre<\/b> au Grand Frais de Haute-Goulaine et au ch\u00e2teau de Goulaine, <b>de recontacter ses victimes et de d\u00e9tenir une arme pendant dix ans.<\/b><\/p>\n<p class=\" wall-content\">Il a finalement r\u00e9v\u00e9l\u00e9, \u00e0 la fin de son proc\u00e8s, le motif de son courroux\u2009: il \u00e9tait<b> \u00ab\u2009sorti avec\u2009\u00bb une employ\u00e9e<\/b> de Grand Frais, \u00ab\u2009lors d\u2019une soir\u00e9e au Macadam\u2009\u00bb, une discoth\u00e8que du quartier Chantenay, \u00e0 Nantes, <b>sp\u00e9cialis\u00e9e dans les musiques \u00e9lectroniques<\/b>. Une histoire qui a mal fini puisque <b>cette jeune fille lui aurait \u00ab\u2009vol\u00e9\u2009\u00bb 3\u2009000\u00a0\u20ac et l\u2019aurait \u00ab\u2009tabass\u00e9\u2009\u00bb <\/b>selon lui, estimant qu\u2019elle \u00ab\u2009prend de la drogue\u2009\u00bb.<\/p>\n<p class=\" wall-content\"><b>Il l\u2019avait donc \u00ab\u2009appel\u00e9e plusieurs fois\u2009\u00bb sur son lieu de travail \u00ab\u2009pour r\u00e9cup\u00e9rer son argent\u2009\u00bb<\/b>.<\/p>\n<blockquote class=\"ac-article-quote wall-content\">\n<p>J\u2019ai des screenshots (ndlr. des captures d\u2019\u00e9cran). Elle m\u2019a d\u2019ailleurs mis la pression pour que j\u2019efface les messages et que je m\u2019excuse aupr\u00e8s de son copain. J\u2019ai voulu porter plainte, mais personne n\u2019a voulu la prendre, car on m\u2019a dit que c\u2019\u00e9tait trop tard.<\/p>\n<\/blockquote>\n<p class=\" wall-content\">La juge l\u2019a donc<b> d\u00e9clar\u00e9 \u00ab\u2009p\u00e9nalement irresponsable\u2009\u00bb en raison de \u00ab\u2009l\u2019abolition de son discernement\u2009\u00bb,<\/b> mais lui a <b>interdit de recontacter l\u2019employ\u00e9e du magasin pendant trois ans <\/b>et de porter une arme \u2013 comme \u00ab\u2009un couteau\u2009\u00bb \u2013 pendant dix ans.<\/p>\n<p class=\" wall-content\">Personnalisez votre actualit\u00e9 en ajoutant vos villes et m\u00e9dias en favori avec <a href=\"https:\/\/moncompte.actu.fr\" title=\"D\u00e9couvez Mon Actu\" rel=\"nofollow noopener\" data-trk=\"{&quot;cta&quot;:{&quot;action&quot;:&quot;https:\\\/\\\/moncompte.actu.fr&quot;,&quot;category&quot;:&quot;mon compte&quot;,&quot;from&quot;:&quot;article footer&quot;,&quot;name&quot;:&quot;Mon actu&quot;,&quot;type&quot;:&quot;cta&quot;}}\" target=\"_blank\">Mon Actu<\/a>.<\/p>\n","protected":false},"excerpt":{"rendered":"Par Laurent Fortin Publi\u00e9 le 12 nov. 2025 \u00e0 17h23 Le pr\u00e9venu a d\u00e9sormais emm\u00e9nag\u00e9 chez sa m\u00e8re&hellip;\n","protected":false},"author":2,"featured_media":530952,"comment_status":"","ping_status":"","sticky":false,"template":"","format":"standard","meta":{"footnotes":""},"categories":[2818],"tags":[1111,11,215,1777,674,118,1011,27,303,766,12,2636,25,2900],"class_list":{"0":"post-530951","1":"post","2":"type-post","3":"status-publish","4":"format-standard","5":"has-post-thumbnail","7":"category-nantes","8":"tag-actu","9":"tag-actualites","10":"tag-commerce","11":"tag-eu","12":"tag-europe","13":"tag-faits-divers","14":"tag-fr","15":"tag-france","16":"tag-justice","17":"tag-nantes","18":"tag-news","19":"tag-pays-de-la-loire","20":"tag-republique-francaise","21":"tag-vignoble-nantais"},"share_on_mastodon":{"url":"https:\/\/pubeurope.com\/@fr\/115541559628610599","error":""},"_links":{"self":[{"href":"https:\/\/www.europesays.com\/fr\/wp-json\/wp\/v2\/posts\/530951","targetHints":{"allow":["GET"]}}],"collection":[{"href":"https:\/\/www.europesays.com\/fr\/wp-json\/wp\/v2\/posts"}],"about":[{"href":"https:\/\/www.europesays.com\/fr\/wp-json\/wp\/v2\/types\/post"}],"author":[{"embeddable":true,"href":"https:\/\/www.europesays.com\/fr\/wp-json\/wp\/v2\/users\/2"}],"replies":[{"embeddable":true,"href":"https:\/\/www.europesays.com\/fr\/wp-json\/wp\/v2\/comments?post=530951"}],"version-history":[{"count":0,"href":"https:\/\/www.europesays.com\/fr\/wp-json\/wp\/v2\/posts\/530951\/revisions"}],"wp:featuredmedia":[{"embeddable":true,"href":"https:\/\/www.europesays.com\/fr\/wp-json\/wp\/v2\/media\/530952"}],"wp:attachment":[{"href":"https:\/\/www.europesays.com\/fr\/wp-json\/wp\/v2\/media?parent=530951"}],"wp:term":[{"taxonomy":"category","embeddable":true,"href":"https:\/\/www.europesays.com\/fr\/wp-json\/wp\/v2\/categories?post=530951"},{"taxonomy":"post_tag","embeddable":true,"href":"https:\/\/www.europesays.com\/fr\/wp-json\/wp\/v2\/tags?post=530951"}],"curies":[{"name":"wp","href":"https:\/\/api.w.org\/{rel}","templated":true}]}}