{"id":530953,"date":"2025-11-13T08:57:12","date_gmt":"2025-11-13T08:57:12","guid":{"rendered":"https:\/\/www.europesays.com\/fr\/530953\/"},"modified":"2025-11-13T08:57:12","modified_gmt":"2025-11-13T08:57:12","slug":"lequipe-feminine-de-retour-a-la-beaujoire-pour-une-affiche-de-gala","status":"publish","type":"post","link":"https:\/\/www.europesays.com\/fr\/530953\/","title":{"rendered":"l\u2019\u00e9quipe f\u00e9minine de retour \u00e0 la Beaujoire pour une affiche de gala"},"content":{"rendered":"<p>                    Par<br \/>\n        <strong><br \/>\n            <a href=\"https:\/\/actu.fr\/auteur\/thomas-bernard\" title=\"Consulter tous les articles de Thomas Bernard\" rel=\"nofollow noopener\" target=\"_blank\">Thomas Bernard<\/a><br \/>\n                    <\/strong><\/p>\n<p>        Publi\u00e9 le<\/p>\n<p>            13 nov. 2025 \u00e0 9h45        <\/p>\n<p>Le 3\u00a0octobre dernier, devant 13\u2009454\u00a0spectateurs, r\u00e9unis au stade de la Beaujoire,<a href=\"https:\/\/actu.fr\/pays-de-la-loire\/nantes_44109\/on-est-excites-plus-de-10-000-spectateurs-attendus-a-la-beaujoire-pour-l-equipe-feminine-du-fc-nantes_63249647.html\" rel=\"nofollow noopener\" target=\"_blank\"> les joueuses du FC Nantes<\/a> s\u2019\u00e9taient impos\u00e9es sur le score de 3-1 face au Paris FC. Les co\u00e9quipi\u00e8res de Juliette Mossard fouleront de nouveau la pelouse du stade de la Beaujoire, <b>le dimanche 14\u00a0d\u00e9cembre \u00e0 13\u2009h<\/b>.<br \/>Lors de la 10e journ\u00e9e d\u2019Arkema Premi\u00e8re Ligue, les Jaune et Verte affronteront <a href=\"https:\/\/actu.fr\/tag\/olympique-de-marseille-om\" rel=\"nofollow noopener\" target=\"_blank\">l\u2019Olympique de Marseille<\/a>, entra\u00een\u00e9 par <a href=\"https:\/\/actu.fr\/tag\/corinne-diacre\" rel=\"nofollow noopener\" target=\"_blank\">Corinne Diacre<\/a>, ancienne s\u00e9lectionneuse de l\u2019\u00e9quipe de France.<\/p>\n<p>    <a href=\"https:\/\/www.youtube.com\/embed\/1MbMC8kAtlw\" title=\"Ouvrie le lien\" rel=\"nofollow noopener\" target=\"_blank\">Cliquez ici pour visualiser le contenu<\/a><\/p>\n<p>Places \u00e0 partir de cinq euros<\/p>\n<p class=\" wall-content\">\u00ab\u2009Apr\u00e8s avoir d\u00e9j\u00e0 fait vibrer la Beaujoire \u00e0 deux reprises (16\u2009847\u00a0spectateurs face au PSG, 13\u2009554 face au Paris FC), les Nantaises vous donnent \u00e0 nouveau rendez-vous pour un moment de f\u00eate, de passion et de lumi\u00e8re, \u00e0 quelques jours de No\u00ebl\u2009\u00bb, \u00e9crit le FC Nantes sur son <a href=\"https:\/\/www.fcnantes.com\/articles\/article2809.php?num=48118\" rel=\"nofollow noopener\" target=\"_blank\">site internet<\/a>.<br \/>La rencontre avait \u00e9t\u00e9 initialement programm\u00e9e au stade Marcel Saupin. Le club contactera, par courriel, les personnes qui ont d\u00e9j\u00e0 achet\u00e9 leur billet pour proc\u00e9der au remboursement des places achet\u00e9es. \u00ab\u2009Les supporters pourront ensuite acheter leurs nouvelles places pour la Beaujoire sur la billetterie en ligne\u2009\u00bb, ajoute le club.<br \/>Le tarif des places a \u00e9t\u00e9 fix\u00e9<b> \u00e0 5\u00a0\u20ac en tribune Oc\u00e9ane et 10\u00a0\u20ac en bloc central Oc\u00e9ane<\/b>.<br \/>Sur le plan sportif, l\u2019\u00e9quipe dirig\u00e9e par Nicolas Chabot est actuellement class\u00e9e \u00e0 la 5e place du championnat de France.<\/p>\n<p class=\" wall-content\">Personnalisez votre actualit\u00e9 en ajoutant vos villes et m\u00e9dias en favori avec <a href=\"https:\/\/moncompte.actu.fr\" title=\"D\u00e9couvez Mon Actu\" rel=\"nofollow noopener\" data-trk=\"{&quot;cta&quot;:{&quot;action&quot;:&quot;https:\\\/\\\/moncompte.actu.fr&quot;,&quot;category&quot;:&quot;mon compte&quot;,&quot;from&quot;:&quot;article footer&quot;,&quot;name&quot;:&quot;Mon actu&quot;,&quot;type&quot;:&quot;cta&quot;}}\" target=\"_blank\">Mon Actu<\/a>.<\/p>\n","protected":false},"excerpt":{"rendered":"Par Thomas Bernard Publi\u00e9 le 13 nov. 2025 \u00e0 9h45 Le 3\u00a0octobre dernier, devant 13\u2009454\u00a0spectateurs, r\u00e9unis au stade&hellip;\n","protected":false},"author":2,"featured_media":530954,"comment_status":"","ping_status":"","sticky":false,"template":"","format":"standard","meta":{"footnotes":""},"categories":[2818],"tags":[1111,11,10999,1777,674,462,1011,27,766,12,2636,25,60],"class_list":{"0":"post-530953","1":"post","2":"type-post","3":"status-publish","4":"format-standard","5":"has-post-thumbnail","7":"category-nantes","8":"tag-actu","9":"tag-actualites","10":"tag-beaujoire","11":"tag-eu","12":"tag-europe","13":"tag-fc-nantes","14":"tag-fr","15":"tag-france","16":"tag-nantes","17":"tag-news","18":"tag-pays-de-la-loire","19":"tag-republique-francaise","20":"tag-sports"},"share_on_mastodon":{"url":"https:\/\/pubeurope.com\/@fr\/115541563533078780","error":""},"_links":{"self":[{"href":"https:\/\/www.europesays.com\/fr\/wp-json\/wp\/v2\/posts\/530953","targetHints":{"allow":["GET"]}}],"collection":[{"href":"https:\/\/www.europesays.com\/fr\/wp-json\/wp\/v2\/posts"}],"about":[{"href":"https:\/\/www.europesays.com\/fr\/wp-json\/wp\/v2\/types\/post"}],"author":[{"embeddable":true,"href":"https:\/\/www.europesays.com\/fr\/wp-json\/wp\/v2\/users\/2"}],"replies":[{"embeddable":true,"href":"https:\/\/www.europesays.com\/fr\/wp-json\/wp\/v2\/comments?post=530953"}],"version-history":[{"count":0,"href":"https:\/\/www.europesays.com\/fr\/wp-json\/wp\/v2\/posts\/530953\/revisions"}],"wp:featuredmedia":[{"embeddable":true,"href":"https:\/\/www.europesays.com\/fr\/wp-json\/wp\/v2\/media\/530954"}],"wp:attachment":[{"href":"https:\/\/www.europesays.com\/fr\/wp-json\/wp\/v2\/media?parent=530953"}],"wp:term":[{"taxonomy":"category","embeddable":true,"href":"https:\/\/www.europesays.com\/fr\/wp-json\/wp\/v2\/categories?post=530953"},{"taxonomy":"post_tag","embeddable":true,"href":"https:\/\/www.europesays.com\/fr\/wp-json\/wp\/v2\/tags?post=530953"}],"curies":[{"name":"wp","href":"https:\/\/api.w.org\/{rel}","templated":true}]}}