{"id":530967,"date":"2025-11-13T09:05:12","date_gmt":"2025-11-13T09:05:12","guid":{"rendered":"https:\/\/www.europesays.com\/fr\/530967\/"},"modified":"2025-11-13T09:05:12","modified_gmt":"2025-11-13T09:05:12","slug":"des-tags-antisemites-decouverts-dans-ce-jardin-denfants","status":"publish","type":"post","link":"https:\/\/www.europesays.com\/fr\/530967\/","title":{"rendered":"des tags antis\u00e9mites d\u00e9couverts dans ce jardin d&rsquo;enfants"},"content":{"rendered":"<p>                    Par<br \/>\n        <strong><br \/>\n            <a href=\"https:\/\/actu.fr\/auteur\/fabien-binacchi\" title=\"Consulter tous les articles de Fabien Binacchi\" target=\"_blank\" rel=\"noopener\">Fabien Binacchi<\/a><br \/>\n                    <\/strong><\/p>\n<p>        Publi\u00e9 le<\/p>\n<p>            13 nov. 2025 \u00e0 9h51        <\/p>\n<p><strong>INFO ACTU MARSEILLE.<\/strong> Ce sont des parents d\u2019\u00e9l\u00e8ves qui ont lanc\u00e9 l\u2019alerte. Ce jeudi 13\u00a0novembre 2025 au matin, des tags \u00e0 caract\u00e8re antis\u00e9mite ont \u00e9t\u00e9 d\u00e9couverts dans un jardin d\u2019enfants situ\u00e9 <strong>\u00e0 proximit\u00e9 directe d\u2019une \u00e9cole<\/strong> du 11e arrondissement de <a href=\"https:\/\/actu.fr\/marseille\/\" target=\"_blank\" rel=\"noopener\">Marseille.<\/a><\/p>\n<p>\u00ab\u2009On ne laissera jamais rien passer\u2009\u00bb<\/p>\n<p class=\" wall-content\">\u00ab\u2009Nique les juif et les sioniste [Sic]\u2009\u00bb\u2009: l\u2019inscription, trac\u00e9e au feutre noir sur un muret, est sans \u00e9quivoque. <strong>\u00ab\u2009Free Palestine\u2009\u00bb est \u00e9galement visible.<\/strong> Des \u00ab\u2009tags antis\u00e9mites\u2009\u00bb ont \u00e9t\u00e9 retrouv\u00e9s ce jeudi 13\u00a0novembre dans un petit parc de jeux pour enfants situ\u00e9 juste \u00e0 c\u00f4t\u00e9 du groupe scolaire des Accates, dans le quartier de la Valentine.<\/p>\n<p class=\" wall-content\">Le maire des 11e et 12e arrondissements Sylvain Souvestre se dit scandalis\u00e9.<\/p>\n<p class=\" wall-content\">Sur place apr\u00e8s avoir \u00e9t\u00e9 alert\u00e9 par des parents d\u2019\u00e9l\u00e8ves, l\u2019\u00e9lu annonce \u00e0 actu Marseille qu\u2019<strong>une plainte sera d\u00e9pos\u00e9e d\u00e8s le d\u00e9but de l\u2019apr\u00e8s-midi.<\/strong> \u00ab\u2009On ne laissera jamais rien passer\u2009\u00bb, appuie-t-il, \u00ab\u2009tr\u00e8s engag\u00e9 contre ce genre d\u2019agissements indignes\u2009\u00bb.<\/p>\n<p class=\" wall-content\">\n<p>Les inscriptions rapidement recouvertes<\/p>\n<p class=\" wall-content\">\u00ab\u2009J\u2019ai sollicit\u00e9 les services de la m\u00e9tropole pour que ces inscriptions soient imm\u00e9diatement recouvertes\u2009\u00bb, a-t-il pr\u00e9cis\u00e9. <strong>Des agents ont rapidement repeint<\/strong> le muret en question.<\/p>\n<p>    <img   decoding=\"async\" loading=\"lazy\" src=\"https:\/\/www.europesays.com\/fr\/wp-content\/uploads\/2025\/11\/tags-antisemites-960x640.jpg\" alt=\"Des agents de la m\u00e9tropole sont intervenus pour recouvrir les inscriptions \" width=\"960\" height=\"640\"\/><br \/>\n    Des agents de la m\u00e9tropole sont rapidement intervenus pour recouvrir les inscriptions. (\u00a9Document remis \u00e0 actu Marseille)<\/p>\n<p class=\" wall-content\">Les tags ont-ils \u00e9t\u00e9 r\u00e9alis\u00e9s dans la nuit\u2009? Une enqu\u00eate devrait permettre de le d\u00e9terminer. Et, ce qu\u2019esp\u00e8re Sylvain Souvestre, de retrouver le ou les auteurs. <strong>La police s\u2019est rendue sur place<\/strong> dans la matin\u00e9e pour effectuer des constatations.<\/p>\n<p class=\" wall-content\">Personnalisez votre actualit\u00e9 en ajoutant vos villes et m\u00e9dias en favori avec <a href=\"https:\/\/moncompte.actu.fr\" title=\"D\u00e9couvez Mon Actu\" rel=\"nofollow noopener\" data-trk=\"{&quot;cta&quot;:{&quot;action&quot;:&quot;https:\\\/\\\/moncompte.actu.fr&quot;,&quot;category&quot;:&quot;mon compte&quot;,&quot;from&quot;:&quot;article footer&quot;,&quot;name&quot;:&quot;Mon actu&quot;,&quot;type&quot;:&quot;cta&quot;}}\" target=\"_blank\">Mon Actu<\/a>.<\/p>\n","protected":false},"excerpt":{"rendered":"Par Fabien Binacchi Publi\u00e9 le 13 nov. 2025 \u00e0 9h51 INFO ACTU MARSEILLE. Ce sont des parents d\u2019\u00e9l\u00e8ves&hellip;\n","protected":false},"author":2,"featured_media":530968,"comment_status":"","ping_status":"","sticky":false,"template":"","format":"standard","meta":{"footnotes":""},"categories":[2814],"tags":[1111,11,6155,1719,1777,674,118,1011,27,884,12,882,25],"class_list":{"0":"post-530967","1":"post","2":"type-post","3":"status-publish","4":"format-standard","5":"has-post-thumbnail","7":"category-marseille","8":"tag-actu","9":"tag-actualites","10":"tag-antisemitisme","11":"tag-enfants","12":"tag-eu","13":"tag-europe","14":"tag-faits-divers","15":"tag-fr","16":"tag-france","17":"tag-marseille","18":"tag-news","19":"tag-provence-alpes-cote-dazur","20":"tag-republique-francaise"},"share_on_mastodon":{"url":"https:\/\/pubeurope.com\/@fr\/115541595384260030","error":""},"_links":{"self":[{"href":"https:\/\/www.europesays.com\/fr\/wp-json\/wp\/v2\/posts\/530967","targetHints":{"allow":["GET"]}}],"collection":[{"href":"https:\/\/www.europesays.com\/fr\/wp-json\/wp\/v2\/posts"}],"about":[{"href":"https:\/\/www.europesays.com\/fr\/wp-json\/wp\/v2\/types\/post"}],"author":[{"embeddable":true,"href":"https:\/\/www.europesays.com\/fr\/wp-json\/wp\/v2\/users\/2"}],"replies":[{"embeddable":true,"href":"https:\/\/www.europesays.com\/fr\/wp-json\/wp\/v2\/comments?post=530967"}],"version-history":[{"count":0,"href":"https:\/\/www.europesays.com\/fr\/wp-json\/wp\/v2\/posts\/530967\/revisions"}],"wp:featuredmedia":[{"embeddable":true,"href":"https:\/\/www.europesays.com\/fr\/wp-json\/wp\/v2\/media\/530968"}],"wp:attachment":[{"href":"https:\/\/www.europesays.com\/fr\/wp-json\/wp\/v2\/media?parent=530967"}],"wp:term":[{"taxonomy":"category","embeddable":true,"href":"https:\/\/www.europesays.com\/fr\/wp-json\/wp\/v2\/categories?post=530967"},{"taxonomy":"post_tag","embeddable":true,"href":"https:\/\/www.europesays.com\/fr\/wp-json\/wp\/v2\/tags?post=530967"}],"curies":[{"name":"wp","href":"https:\/\/api.w.org\/{rel}","templated":true}]}}