{"id":530973,"date":"2025-11-13T09:08:11","date_gmt":"2025-11-13T09:08:11","guid":{"rendered":"https:\/\/www.europesays.com\/fr\/530973\/"},"modified":"2025-11-13T09:08:11","modified_gmt":"2025-11-13T09:08:11","slug":"une-premiere-boutique-a-lyon-pour-cette-marque-de-mode-de-luxe","status":"publish","type":"post","link":"https:\/\/www.europesays.com\/fr\/530973\/","title":{"rendered":"Une premi\u00e8re boutique \u00e0 Lyon pour cette marque de mode de luxe"},"content":{"rendered":"<p itemprop=\"description\"><strong>Un nouveau magasin en plein c\u0153ur de la Presqu\u2019\u00eele.<\/strong><\/p>\n<p>La marque avait ouvert des boutiques \u00e9ph\u00e9m\u00e8res \u00e0 Lyon et \u00e0 Paris. Atelier Antoine de Saint Exup\u00e9ry a d\u00e9sormais son magasin permanent au sein de la capitale des Gaules. Direction la rue de Brest dans le 2e arrondissement pour d\u00e9couvrir cette nouvelle boutique.<\/p>\n<p>\u00ab\u00a0Comme Saint Exup\u00e9ry, nous nous devions de na\u00eetre \u00e0 Lyon\u00a0\u00bb, assure <strong>Jean Bl\u00e9haut<\/strong>, l\u2019un des deux co-fondateurs de la marque portant le nom du c\u00e9l\u00e8bre aviateur. Atelier Antoine de Saint Exup\u00e9ry propose un vestiaire 100% masculin con\u00e7u et fa\u00e7onn\u00e9 en France et en Europe.<\/p>\n<p>On peut notamment retrouver des vestes, des doudounes, des pulls, des chemises, des pantalons, des polos ou encore des accessoires \u00e0 l\u2019exemple de chaussettes, d\u2019\u00e9charpes et de ceintures. \u00ab\u00a0Dans cet univers nos clients per\u00e7oivent imm\u00e9diatement la qualit\u00e9 de nos tissus et de nos finitions\u00a0\u00bb, explique\u00a0<strong>Christophe Rondot<\/strong>, le second co-fondateur d\u2019Atelier Antoine de Saint Exup\u00e9ry. L\u2019occasion de d\u00e9couvrir la nouvelle collection automne-hiver de la marque inspir\u00e9e par les hommes du d\u00e9sert.<\/p>\n<p>Une deuxi\u00e8me boutique d\u2019Atelier Antoine de Saint Exup\u00e9ry pourrait voir le jour \u00e0 l\u2019automne 2026. D\u2019autres ouvertures sont ensuite pr\u00e9vues en France et \u00e0 l\u2019\u00e9tranger.<\/p>\n<blockquote class=\"instagram-media\" style=\"background: #FFF; border: 0; border-radius: 3px; box-shadow: 0 0 1px 0 rgba(0,0,0,0.5),0 1px 10px 0 rgba(0,0,0,0.15); margin: 1px; max-width: 540px; min-width: 326px; padding: 0; width: calc(100% - 2px);\" data-instgrm-captioned=\"\" data-instgrm-permalink=\"https:\/\/www.instagram.com\/p\/DQ9DZkuDYQg\/?utm_source=ig_embed&amp;utm_campaign=loading\" data-instgrm-version=\"14\"><p>&#13;<br \/>\n&#13;\n<\/p><\/blockquote>\n<p>\t\t  <script async src=\"\/\/www.instagram.com\/embed.js\"><\/script><\/p>\n","protected":false},"excerpt":{"rendered":"Un nouveau magasin en plein c\u0153ur de la Presqu\u2019\u00eele. La marque avait ouvert des boutiques \u00e9ph\u00e9m\u00e8res \u00e0 Lyon&hellip;\n","protected":false},"author":2,"featured_media":530974,"comment_status":"","ping_status":"","sticky":false,"template":"","format":"standard","meta":{"footnotes":""},"categories":[1889],"tags":[1111,11,2813,2190,2430,1109,251,1112,2811,1777,674,118,1294,4651,1011,27,1922,1110,1114,2428,4903,4902,12,241,316,25,2812,517,800],"class_list":{"0":"post-530973","1":"post","2":"type-post","3":"status-publish","4":"format-standard","5":"has-post-thumbnail","7":"category-lyon","8":"tag-actu","9":"tag-actualites","10":"tag-article","11":"tag-asvel","12":"tag-auvergne-rhone-alpes","13":"tag-breves","14":"tag-culture","15":"tag-depeches","16":"tag-economique","17":"tag-eu","18":"tag-europe","19":"tag-faits-divers","20":"tag-femme","21":"tag-femmes","22":"tag-fr","23":"tag-france","24":"tag-info","25":"tag-informations","26":"tag-infos","27":"tag-lyon","28":"tag-lyonfemme","29":"tag-lyonfemmes","30":"tag-news","31":"tag-ol","32":"tag-politique","33":"tag-republique-francaise","34":"tag-sociale","35":"tag-sport","36":"tag-transports"},"share_on_mastodon":{"url":"https:\/\/pubeurope.com\/@fr\/115541606628281207","error":""},"_links":{"self":[{"href":"https:\/\/www.europesays.com\/fr\/wp-json\/wp\/v2\/posts\/530973","targetHints":{"allow":["GET"]}}],"collection":[{"href":"https:\/\/www.europesays.com\/fr\/wp-json\/wp\/v2\/posts"}],"about":[{"href":"https:\/\/www.europesays.com\/fr\/wp-json\/wp\/v2\/types\/post"}],"author":[{"embeddable":true,"href":"https:\/\/www.europesays.com\/fr\/wp-json\/wp\/v2\/users\/2"}],"replies":[{"embeddable":true,"href":"https:\/\/www.europesays.com\/fr\/wp-json\/wp\/v2\/comments?post=530973"}],"version-history":[{"count":0,"href":"https:\/\/www.europesays.com\/fr\/wp-json\/wp\/v2\/posts\/530973\/revisions"}],"wp:featuredmedia":[{"embeddable":true,"href":"https:\/\/www.europesays.com\/fr\/wp-json\/wp\/v2\/media\/530974"}],"wp:attachment":[{"href":"https:\/\/www.europesays.com\/fr\/wp-json\/wp\/v2\/media?parent=530973"}],"wp:term":[{"taxonomy":"category","embeddable":true,"href":"https:\/\/www.europesays.com\/fr\/wp-json\/wp\/v2\/categories?post=530973"},{"taxonomy":"post_tag","embeddable":true,"href":"https:\/\/www.europesays.com\/fr\/wp-json\/wp\/v2\/tags?post=530973"}],"curies":[{"name":"wp","href":"https:\/\/api.w.org\/{rel}","templated":true}]}}