{"id":530981,"date":"2025-11-13T09:13:15","date_gmt":"2025-11-13T09:13:15","guid":{"rendered":"https:\/\/www.europesays.com\/fr\/530981\/"},"modified":"2025-11-13T09:13:15","modified_gmt":"2025-11-13T09:13:15","slug":"le-maitre-de-ghibli-a-la-mcjp","status":"publish","type":"post","link":"https:\/\/www.europesays.com\/fr\/530981\/","title":{"rendered":"le ma\u00eetre de Ghibli \u00e0 la MCJP"},"content":{"rendered":"<p style=\"text-align: left;\"><strong>Fans du Studio Ghibli ou simplement curieux ? Cette exposition est faite pour vous !\u00a0<b>Accueillie \u00e0 la Maison de la culture du Japon \u00e0 Paris (MCJP) avec le soutien du Studio Ghibli, elle c\u00e9l\u00e8bre l\u2019histoire et le travail d\u2019Isao Takahata.<\/b> <b>Ce g\u00e9nie du dessin anim\u00e9 contemporain, acolyte d\u2019Hayao Miyazaki, est l\u2019un des r\u00e9alisateurs des plus grands chefs-d\u2019\u0153uvre que le cin\u00e9ma d\u2019animation ait jamais connus. A voir jusqu\u2019au 24 janvier 2026.\u00a0<\/b><\/strong><\/p>\n<p>\u00a0<\/p>\n<p><img loading=\"lazy\" decoding=\"async\" aria-describedby=\"caption-attachment-373869\" class=\"size-medium wp-image-373869\" src=\"https:\/\/www.europesays.com\/fr\/wp-content\/uploads\/2025\/11\/Isao-Takahata-199x300.jpg\" alt=\"\" width=\"199\" height=\"300\"  \/><\/p>\n<p id=\"caption-attachment-373869\" class=\"wp-caption-text\">Portrait de Isao Takahata<br \/>\u00a9Yasuo Otsuka<\/p>\n<p>Passionn\u00e9e par l\u2019univers po\u00e9tique et l\u2019animation sublime du Studio Ghibli, je devais voir cette exposition historique. Arriv\u00e9e, je donne mon billet \u00e0 la dame charg\u00e9e de les scanner. Elle m\u2019annonce que le Studio Ghibli refuse la prise de photos, en raison du droit d\u2019auteur. Un peu d\u00e9\u00e7ue, je me retrouve partag\u00e9e entre la frustration et le respect\u2026 De ce fait, je prends le prospectus de l\u2019exposition afin d\u2019en garder une trace. Ensuite, je tourne la t\u00eate et me retrouve d\u2019embl\u00e9e face \u00e0 la frise chronologique de la vie impressionnante du r\u00e9alisateur japonais. Subjugu\u00e9e, j\u2019ai h\u00e2te de commencer l\u2019exposition.<\/p>\n<p>Son histoire et un retour en enfance.<\/p>\n<p>Amoureux de la France, Isao Takahata \u00e9tait un grand admirateur de l\u2019\u0153uvre de Jacques Pr\u00e9vert. Ainsi, cette premi\u00e8re information renforce ma relation de proximit\u00e9 avec l\u2019artiste, et je ne pense pas \u00eatre la seule \u00e0 le ressentir. L\u2019exposition est chronologique, en commen\u00e7ant par la r\u00e9alisation de son premier long m\u00e9trage La Grande Aventure de Hols, prince du Soleil avec le studio T\u00f4ei Animation en 1968 ; en finissant par la fondation du Studio Ghibli et le travail r\u00e9volutionnaire qu\u2019il a accompli aux c\u00f4t\u00e9s d\u2019Hayao Miyazaki et Toshio Suzuki \u00e0 partir de 1985. Il y r\u00e9alisera plusieurs films dont Le Tombeau des lucioles en 1988 et son ultime chef-d\u2019\u0153uvre en 2013, Le Conte de la princesse Kaguya, lui vaut la nomination pour l\u2019Oscar du meilleur film d\u2019animation. Ma plus grande surprise a \u00e9t\u00e9 d\u2019apprendre qu\u2019Hayao Miyazaki et Isao Takahata ont cr\u00e9\u00e9 la s\u00e9rie t\u00e9l\u00e9vis\u00e9e Heidi. J\u2019ai donc grandi avec l\u2019art de ces deux artistes !<\/p>\n<p>Un travail de pr\u00e9cision impressionnant.<\/p>\n<p>Gr\u00e2ce \u00e0 cette exposition, j\u2019ai appris comment les films d\u2019animation du studio japonais mondialement connu \u00e9taient r\u00e9alis\u00e9s. Les dessins originaux d\u2019Isao Takahata et Hayao Miyazaki y sont expos\u00e9s. La pr\u00e9cision des traits et l\u2019expression des personnages sont telles qu\u2019on a l\u2019impression de voir le dessin bouger. C\u2019est impressionnant. D\u2019autant plus impressionnant que l\u2019on reconna\u00eet les personnages sur chaque dessin, comme une copie ! Artiste \u00e0 mes heures perdues, je suis incapable de redessiner un personnage issu de mon imagination comme la premi\u00e8re fois\u2026 C\u2019est l\u00e0 qu\u2019on voit tout le g\u00e9nie de ces artistes.<\/p>\n<p><img loading=\"lazy\" decoding=\"async\" aria-describedby=\"caption-attachment-373878\" class=\"size-medium wp-image-373878\" src=\"https:\/\/www.europesays.com\/fr\/wp-content\/uploads\/2025\/11\/Tombeau-des-lucioles-3-400x270.jpg\" alt=\"\" width=\"400\" height=\"270\"  \/><\/p>\n<p id=\"caption-attachment-373878\" class=\"wp-caption-text\">Le Tombeau des lucioles<br \/>\u00a9Akiyuki Nosaka \/ Shinchosha,1988<\/p>\n<p>J\u2019ai \u00e9galement appris quelles \u00e9taient les \u00e9tapes de la r\u00e9alisation d\u2019un film d\u2019animation, notamment ce qu\u2019\u00e9tait le layout, l\u2019\u00e9tape cruciale qui d\u00e9termine le placement de la cam\u00e9ra et les mouvements des personnages. Absolument tout est millim\u00e9tr\u00e9. Ainsi, l\u2019exposition r\u00e9pond \u00e0 toutes nos interrogations et la parcourir est agr\u00e9able.<\/p>\n<p>Je vous la recommande vivement !<\/p>\n<p>Milla Colinet<\/p>\n<p>\u00a0<\/p>\n","protected":false},"excerpt":{"rendered":"Fans du Studio Ghibli ou simplement curieux ? Cette exposition est faite pour vous !\u00a0Accueillie \u00e0 la Maison&hellip;\n","protected":false},"author":2,"featured_media":530982,"comment_status":"","ping_status":"","sticky":false,"template":"","format":"standard","meta":{"footnotes":""},"categories":[1888],"tags":[11,6294,1777,674,65020,1011,27,65021,12,626,25],"class_list":{"0":"post-530981","1":"post","2":"type-post","3":"status-publish","4":"format-standard","5":"has-post-thumbnail","7":"category-paris","8":"tag-actualites","9":"tag-arts-graphiques","10":"tag-eu","11":"tag-europe","12":"tag-expo-paris","13":"tag-fr","14":"tag-france","15":"tag-maison-de-la-culture-du-japon","16":"tag-news","17":"tag-paris","18":"tag-republique-francaise"},"share_on_mastodon":{"url":"https:\/\/pubeurope.com\/@fr\/115541627771297856","error":""},"_links":{"self":[{"href":"https:\/\/www.europesays.com\/fr\/wp-json\/wp\/v2\/posts\/530981","targetHints":{"allow":["GET"]}}],"collection":[{"href":"https:\/\/www.europesays.com\/fr\/wp-json\/wp\/v2\/posts"}],"about":[{"href":"https:\/\/www.europesays.com\/fr\/wp-json\/wp\/v2\/types\/post"}],"author":[{"embeddable":true,"href":"https:\/\/www.europesays.com\/fr\/wp-json\/wp\/v2\/users\/2"}],"replies":[{"embeddable":true,"href":"https:\/\/www.europesays.com\/fr\/wp-json\/wp\/v2\/comments?post=530981"}],"version-history":[{"count":0,"href":"https:\/\/www.europesays.com\/fr\/wp-json\/wp\/v2\/posts\/530981\/revisions"}],"wp:featuredmedia":[{"embeddable":true,"href":"https:\/\/www.europesays.com\/fr\/wp-json\/wp\/v2\/media\/530982"}],"wp:attachment":[{"href":"https:\/\/www.europesays.com\/fr\/wp-json\/wp\/v2\/media?parent=530981"}],"wp:term":[{"taxonomy":"category","embeddable":true,"href":"https:\/\/www.europesays.com\/fr\/wp-json\/wp\/v2\/categories?post=530981"},{"taxonomy":"post_tag","embeddable":true,"href":"https:\/\/www.europesays.com\/fr\/wp-json\/wp\/v2\/tags?post=530981"}],"curies":[{"name":"wp","href":"https:\/\/api.w.org\/{rel}","templated":true}]}}