{"id":530985,"date":"2025-11-13T09:15:15","date_gmt":"2025-11-13T09:15:15","guid":{"rendered":"https:\/\/www.europesays.com\/fr\/530985\/"},"modified":"2025-11-13T09:15:15","modified_gmt":"2025-11-13T09:15:15","slug":"matvey-safonov-quitte-le-rassemblement-de-la-russie","status":"publish","type":"post","link":"https:\/\/www.europesays.com\/fr\/530985\/","title":{"rendered":"Matvey Safonov quitte le rassemblement de la Russie"},"content":{"rendered":"<p>Scotch\u00e9 au banc de touche au <a href=\"https:\/\/www.footmercato.net\/club\/psg\/\" rel=\"nofollow noopener\" target=\"_blank\">Paris Saint-Germain<\/a>, <a href=\"https:\/\/www.footmercato.net\/joueur\/matvei-safonov\/\" rel=\"nofollow noopener\" target=\"_blank\">Matvey Safonov<\/a> (26 ans) a de plus en plus de mal \u00e0 supporter la situation. D\u2019autant que son concurrent, Lucas Chevalier, ne brille pas franchement. Pour retrouver du temps de jeu, le portier, qui n\u2019a pas jou\u00e9 le moindre match cette saison dans la capitale fran\u00e7aise, comptait sur la s\u00e9lection russe. En d\u00e9but de semaine, l\u2019entra\u00eeneur des gardiens de l\u2019\u00e9quipe nationale de <a href=\"https:\/\/www.footmercato.net\/selection\/russie\/\" rel=\"nofollow noopener\" target=\"_blank\">Russie<\/a> a assur\u00e9 que Safonov est encore et toujours le n\u00b01.<\/p>\n<p>            La suite apr\u00e8s cette publicit\u00e9<\/p>\n<p>Il \u00e9tait d\u2019ailleurs titulaire hier dans les cages lors du match amical face au P\u00e9rou. Il a particip\u00e9 \u00e0 l\u2019int\u00e9gralit\u00e9 de la rencontre. En revanche, la f\u00e9d\u00e9ration de football russe (RFU) a annonc\u00e9 dans un communiqu\u00e9 qu\u2019il ne sera pas de la partie face au <a href=\"https:\/\/www.footmercato.net\/live\/2675583572056871818-russie-vs-chili\" rel=\"nofollow noopener\" target=\"_blank\">Chili<\/a> samedi \u00e0 16 heures (amical). Il ne s\u2019est pas rendu \u00e0 Sotchi, o\u00f9 se d\u00e9roulera ce match, avec ses 27 co\u00e9quipiers. Une information \u00e9galement confirm\u00e9e par le s\u00e9lectionneur russe, Valery Karpin, qui a annonc\u00e9 que le gardien va retourner au PSG.  <\/p>\n<p>\n    Pub. le 13\/11\/2025 09:54<br \/>\n            &#8211; MAJ le 13\/11\/2025 10:00\n    <\/p>\n","protected":false},"excerpt":{"rendered":"Scotch\u00e9 au banc de touche au Paris Saint-Germain, Matvey Safonov (26 ans) a de plus en plus de&hellip;\n","protected":false},"author":2,"featured_media":530986,"comment_status":"","ping_status":"","sticky":false,"template":"","format":"standard","meta":{"footnotes":""},"categories":[1591],"tags":[11,1887,12,1885,1886,132],"class_list":{"0":"post-530985","1":"post","2":"type-post","3":"status-publish","4":"format-standard","5":"has-post-thumbnail","7":"category-russie","8":"tag-actualites","9":"tag-federation-de-russie","10":"tag-news","11":"tag-russia","12":"tag-russian-federation","13":"tag-russie"},"share_on_mastodon":{"url":"https:\/\/pubeurope.com\/@fr\/115541634290770208","error":""},"_links":{"self":[{"href":"https:\/\/www.europesays.com\/fr\/wp-json\/wp\/v2\/posts\/530985","targetHints":{"allow":["GET"]}}],"collection":[{"href":"https:\/\/www.europesays.com\/fr\/wp-json\/wp\/v2\/posts"}],"about":[{"href":"https:\/\/www.europesays.com\/fr\/wp-json\/wp\/v2\/types\/post"}],"author":[{"embeddable":true,"href":"https:\/\/www.europesays.com\/fr\/wp-json\/wp\/v2\/users\/2"}],"replies":[{"embeddable":true,"href":"https:\/\/www.europesays.com\/fr\/wp-json\/wp\/v2\/comments?post=530985"}],"version-history":[{"count":0,"href":"https:\/\/www.europesays.com\/fr\/wp-json\/wp\/v2\/posts\/530985\/revisions"}],"wp:featuredmedia":[{"embeddable":true,"href":"https:\/\/www.europesays.com\/fr\/wp-json\/wp\/v2\/media\/530986"}],"wp:attachment":[{"href":"https:\/\/www.europesays.com\/fr\/wp-json\/wp\/v2\/media?parent=530985"}],"wp:term":[{"taxonomy":"category","embeddable":true,"href":"https:\/\/www.europesays.com\/fr\/wp-json\/wp\/v2\/categories?post=530985"},{"taxonomy":"post_tag","embeddable":true,"href":"https:\/\/www.europesays.com\/fr\/wp-json\/wp\/v2\/tags?post=530985"}],"curies":[{"name":"wp","href":"https:\/\/api.w.org\/{rel}","templated":true}]}}