{"id":530991,"date":"2025-11-13T09:18:12","date_gmt":"2025-11-13T09:18:12","guid":{"rendered":"https:\/\/www.europesays.com\/fr\/530991\/"},"modified":"2025-11-13T09:18:12","modified_gmt":"2025-11-13T09:18:12","slug":"le-royaume-uni-face-au-ralentissement-economique-a-lapproche-du-budget","status":"publish","type":"post","link":"https:\/\/www.europesays.com\/fr\/530991\/","title":{"rendered":"Le Royaume-Uni face au ralentissement \u00e9conomique \u00e0 l&rsquo;approche du budget"},"content":{"rendered":"<p><strong>L\u2019activit\u00e9 britannique affiche une progression quasi nulle au troisi\u00e8me trimestre, compliquant la t\u00e2che du gouvernement travailliste qui pr\u00e9pare un budget attendu comme crucial pour les finances publiques.<\/strong><\/p>\n<p>La croissance du produit int\u00e9rieur brut s\u2019est \u00e9tablie \u00e0 0,1% entre juillet et septembre, selon les derni\u00e8res donn\u00e9es officielles. Ce r\u00e9sultat d\u00e9cevant survient \u00e0 quinze jours seulement de la pr\u00e9sentation du projet de loi de finances, o\u00f9 des mesures de rigueur budg\u00e9taire sont anticip\u00e9es. Le ralentissement actuel contraste avec la dynamique positive enregistr\u00e9e en d\u00e9but d\u2019ann\u00e9e, quand l\u2019\u00e9conomie avait progress\u00e9 de 0,7% au premier trimestre.<\/p>\n<p>Cette faible performance \u00e9conomique r\u00e9duit consid\u00e9rablement la marge de man\u0153uvre du gouvernement pour \u00e9quilibrer les comptes publics. Les recettes fiscales p\u00e2tissent de cette atonie, tandis que les d\u00e9penses sociales continuent de peser sur les finances de l\u2019\u00c9tat. La ministre des Finances se trouve ainsi confront\u00e9e \u00e0 un dilemme complexe, entre la n\u00e9cessit\u00e9 d\u2019assainir les finances et le risque de freiner davantage l\u2019activit\u00e9.<\/p>\n<p>Plusieurs facteurs expliquent cette d\u00e9gradation. Les tensions commerciales internationales ont nui aux \u00e9changes, tandis qu\u2019une cyberattaque ayant paralys\u00e9 temporairement un constructeur automobile important a contribu\u00e9 \u00e0 la contraction de 0,1% observ\u00e9e en septembre. Parall\u00e8lement, l\u2019inflation reste \u00e9lev\u00e9e \u00e0 3,8% sur un an et le ch\u00f4mage atteint son niveau le plus haut depuis la pand\u00e9mie avec un taux de 5%.<\/p>\n<p>La perspective d\u2019augmentations d\u2019imp\u00f4ts et de r\u00e9ductions budg\u00e9taires commence d\u00e9j\u00e0 \u00e0 affecter le climat des affaires. Les entreprises manifestent une prudence croissante face aux incertitudes fiscales, ce qui pourrait peser sur l\u2019emploi dans les mois \u00e0 venir. Le gouvernement examine d\u00e9sormais des mesures compensatoires, notamment une r\u00e9vision du plafonnement des allocations familiales et un ajustement de la taxe sur la valeur ajout\u00e9e concernant l\u2019\u00e9nergie.<\/p>\n<p>Ce contexte \u00e9conomique difficile repr\u00e9sente un enjeu politique majeur pour l\u2019ex\u00e9cutif, dont la popularit\u00e9 s\u2019\u00e9rode dans les sondages. La cr\u00e9dibilit\u00e9 du gouvernement travailliste, d\u00e9j\u00e0 mise \u00e0 mal par les hausses de cotisations sociales et les coupes budg\u00e9taires de l\u2019ann\u00e9e pr\u00e9c\u00e9dente, pourrait \u00eatre davantage compromise si des engagements de campagne devaient \u00eatre remis en cause. Le budget du 26 novembre s\u2019annonce donc comme un moment d\u00e9cisif pour l\u2019avenir de la majorit\u00e9 au pouvoir.<\/p>\n","protected":false},"excerpt":{"rendered":"L\u2019activit\u00e9 britannique affiche une progression quasi nulle au troisi\u00e8me trimestre, compliquant la t\u00e2che du gouvernement travailliste qui pr\u00e9pare&hellip;\n","protected":false},"author":2,"featured_media":530992,"comment_status":"","ping_status":"","sticky":false,"template":"","format":"standard","meta":{"footnotes":""},"categories":[1588],"tags":[11,1777,674,12,473,1853,1851,1850,1852],"class_list":{"0":"post-530991","1":"post","2":"type-post","3":"status-publish","4":"format-standard","5":"has-post-thumbnail","7":"category-royaume-uni","8":"tag-actualites","9":"tag-eu","10":"tag-europe","11":"tag-news","12":"tag-royaume-uni","13":"tag-royaume-uni-de-grande-bretagne-et-dirlande-du-nord","14":"tag-uk","15":"tag-united-kingdom","16":"tag-united-kingdom-of-great-britain-and-northern-ireland"},"share_on_mastodon":{"url":"https:\/\/pubeurope.com\/@fr\/115541646038785870","error":""},"_links":{"self":[{"href":"https:\/\/www.europesays.com\/fr\/wp-json\/wp\/v2\/posts\/530991","targetHints":{"allow":["GET"]}}],"collection":[{"href":"https:\/\/www.europesays.com\/fr\/wp-json\/wp\/v2\/posts"}],"about":[{"href":"https:\/\/www.europesays.com\/fr\/wp-json\/wp\/v2\/types\/post"}],"author":[{"embeddable":true,"href":"https:\/\/www.europesays.com\/fr\/wp-json\/wp\/v2\/users\/2"}],"replies":[{"embeddable":true,"href":"https:\/\/www.europesays.com\/fr\/wp-json\/wp\/v2\/comments?post=530991"}],"version-history":[{"count":0,"href":"https:\/\/www.europesays.com\/fr\/wp-json\/wp\/v2\/posts\/530991\/revisions"}],"wp:featuredmedia":[{"embeddable":true,"href":"https:\/\/www.europesays.com\/fr\/wp-json\/wp\/v2\/media\/530992"}],"wp:attachment":[{"href":"https:\/\/www.europesays.com\/fr\/wp-json\/wp\/v2\/media?parent=530991"}],"wp:term":[{"taxonomy":"category","embeddable":true,"href":"https:\/\/www.europesays.com\/fr\/wp-json\/wp\/v2\/categories?post=530991"},{"taxonomy":"post_tag","embeddable":true,"href":"https:\/\/www.europesays.com\/fr\/wp-json\/wp\/v2\/tags?post=530991"}],"curies":[{"name":"wp","href":"https:\/\/api.w.org\/{rel}","templated":true}]}}