{"id":530993,"date":"2025-11-13T09:19:14","date_gmt":"2025-11-13T09:19:14","guid":{"rendered":"https:\/\/www.europesays.com\/fr\/530993\/"},"modified":"2025-11-13T09:19:14","modified_gmt":"2025-11-13T09:19:14","slug":"allemagne-un-homme-disparu-depuis-8-ans-retrouve-mort-dans-sa-voiture","status":"publish","type":"post","link":"https:\/\/www.europesays.com\/fr\/530993\/","title":{"rendered":"Allemagne : un homme disparu depuis 8 ans retrouv\u00e9 mort dans sa voiture"},"content":{"rendered":"<p class=\"ap-StoryElement ap-StoryElement--mb ap-StoryText\">Il aura fallu attendre le 23 octobre dernier et donc huit ans et demi pour conna\u00eetre de d\u00e9nouement de cette affaire. Ce jeudi-l\u00e0, un gestionnaire immobilier r\u00e9alisait comme d&rsquo;habitude l&rsquo;inspection d&rsquo;un box d&rsquo;un quartier r\u00e9sidentiel d&rsquo;Essen lorsqu&rsquo;il d\u00e9couvrit le corps d&rsquo;un homme dans une voiture.<\/p>\n<p class=\"ap-StoryElement ap-StoryElement--mb ap-StoryText\">L&rsquo;analyse ADN confirme qu&rsquo;il s&rsquo;agit bien de Ralf K. a annonc\u00e9 la police ce lundi. L&rsquo;autopsie r\u00e9v\u00e8le que l&rsquo;homme de 41 ans s&rsquo;est donn\u00e9 la mort, il n&rsquo;a pas subi de violences.<\/p>\n<p><a href=\"https:\/\/www.lalibre.be\/international\/europe\/2024\/04\/27\/allemagne-vaste-operation-policiere-pour-retrouver-lenfant-disparu-depuis-lundi-OT2PI5UDB5CBHG5LICFDAFY3MY\/\" target=\"_self\" class=\"ap-StoryInterstitialLink ap-StoryElement ap-StoryElement--mb\" rel=\"noopener\">Allemagne : vaste op\u00e9ration polici\u00e8re pour retrouver l&rsquo;enfant disparu depuis lundi<\/a>Des r\u00e9ponses aux interrogations<\/p>\n<p class=\"ap-StoryElement ap-StoryElement--mb ap-StoryText\">Plusieurs questions reviennent suite \u00e0 cette macabre d\u00e9couverte. Le garage serait rest\u00e9 inoccup\u00e9 pendant huit ans mais lors de l&rsquo;enqu\u00eate en 2017, la police avait v\u00e9rifi\u00e9 si le quarantenaire avait lou\u00e9 un box mais n&rsquo;avait rien trouv\u00e9. Les autorit\u00e9s se demandent donc qui a pay\u00e9 cet emplacement pendant tout ce temps.<\/p>\n<p class=\"ap-StoryElement ap-StoryElement--mb ap-StoryText\">La question de l&rsquo;odeur pour les voisins revient \u00e9galement. Interrog\u00e9 par Bild, le m\u00e9decin l\u00e9giste, Mark Benecke, explique qu&rsquo;il n&rsquo;y a rien de choquant. En f\u00e9vrier, le froid ralentit la d\u00e9composition du corps et limite la propagation des odeurs.<\/p>\n<p class=\"ap-StoryElement ap-StoryElement--mb ap-StoryText\">Si la voiture est rest\u00e9e ferm\u00e9e pendant huit ans, les odeurs y sont rest\u00e9es confin\u00e9es. Si le corps avait \u00e9t\u00e9 dans un lieu bien ventil\u00e9, il aurait dess\u00e9ch\u00e9 plus rapidement et n&rsquo;aurait pas produit beaucoup d&rsquo;odeurs, conclut le sp\u00e9cialiste.<\/p>\n","protected":false},"excerpt":{"rendered":"Il aura fallu attendre le 23 octobre dernier et donc huit ans et demi pour conna\u00eetre de d\u00e9nouement&hellip;\n","protected":false},"author":2,"featured_media":530994,"comment_status":"","ping_status":"","sticky":false,"template":"","format":"standard","meta":{"footnotes":""},"categories":[1587],"tags":[11,65022,65023,672,65024,1977,65025,1804,1805,65026,1803,65027,65028,65029,65030,1777,674,65031,1801,65032,65033,65034,19975,65035,65038,65036,65037,65039,42281,12,65040,65041,65042,65043,65044,65045,65046,65047,65048,65049,65050,65051,65052,1802,65053,931,48872,65054,65055,65056,65057,65058,65063,65064,65059,65060,65061,65062],"class_list":{"0":"post-530993","1":"post","2":"type-post","3":"status-publish","4":"format-standard","5":"has-post-thumbnail","7":"category-allemagne","8":"tag-actualites","9":"tag-alarm","10":"tag-alarmfahrt","11":"tag-allemagne","12":"tag-auseinandersetzung","13":"tag-auto","14":"tag-blaulicht","15":"tag-bundesrepublik-deutschland","16":"tag-de","17":"tag-deutsch","18":"tag-deutschland","19":"tag-einbruch","20":"tag-einsatz","21":"tag-einsatzfahrzeug","22":"tag-einsatzwagen","23":"tag-eu","24":"tag-europe","25":"tag-festnahme","26":"tag-germany","27":"tag-gewalt","28":"tag-gewaltbereitschaft","29":"tag-gewaltmonopol","30":"tag-intervention","31":"tag-kontrolle","32":"tag-korperverletzung","33":"tag-kriminalitat","34":"tag-kriminalpolizei","35":"tag-martinshorn","36":"tag-mord","37":"tag-news","38":"tag-notfall","39":"tag-ordnung","40":"tag-ordnungshuter","41":"tag-pkw","42":"tag-polizei","43":"tag-polizeieinsatz","44":"tag-polizeigesetz","45":"tag-polizeikontrolle","46":"tag-polizeikrafte","47":"tag-polizeistaat","48":"tag-razzia","49":"tag-recht","50":"tag-rechtsstaat","51":"tag-republique-federale-dallemagne","52":"tag-sicherheitskrafte","53":"tag-signal","54":"tag-sirene","55":"tag-spurensicherung","56":"tag-streife","57":"tag-streifenwagen","58":"tag-tatort","59":"tag-terrorismus","60":"tag-ubergriff","61":"tag-uberwachung","62":"tag-unfall","63":"tag-verbrechen","64":"tag-verbrechensbekampfung","65":"tag-wagen"},"share_on_mastodon":{"url":"","error":"Validation failed: Text character limit of 500 exceeded"},"_links":{"self":[{"href":"https:\/\/www.europesays.com\/fr\/wp-json\/wp\/v2\/posts\/530993","targetHints":{"allow":["GET"]}}],"collection":[{"href":"https:\/\/www.europesays.com\/fr\/wp-json\/wp\/v2\/posts"}],"about":[{"href":"https:\/\/www.europesays.com\/fr\/wp-json\/wp\/v2\/types\/post"}],"author":[{"embeddable":true,"href":"https:\/\/www.europesays.com\/fr\/wp-json\/wp\/v2\/users\/2"}],"replies":[{"embeddable":true,"href":"https:\/\/www.europesays.com\/fr\/wp-json\/wp\/v2\/comments?post=530993"}],"version-history":[{"count":0,"href":"https:\/\/www.europesays.com\/fr\/wp-json\/wp\/v2\/posts\/530993\/revisions"}],"wp:featuredmedia":[{"embeddable":true,"href":"https:\/\/www.europesays.com\/fr\/wp-json\/wp\/v2\/media\/530994"}],"wp:attachment":[{"href":"https:\/\/www.europesays.com\/fr\/wp-json\/wp\/v2\/media?parent=530993"}],"wp:term":[{"taxonomy":"category","embeddable":true,"href":"https:\/\/www.europesays.com\/fr\/wp-json\/wp\/v2\/categories?post=530993"},{"taxonomy":"post_tag","embeddable":true,"href":"https:\/\/www.europesays.com\/fr\/wp-json\/wp\/v2\/tags?post=530993"}],"curies":[{"name":"wp","href":"https:\/\/api.w.org\/{rel}","templated":true}]}}